{"id":14922,"date":"2021-01-22T14:55:03","date_gmt":"2021-01-22T18:55:03","guid":{"rendered":"http:\/\/delamanodemaria.com\/?p=14922"},"modified":"2021-01-22T14:55:03","modified_gmt":"2021-01-22T18:55:03","slug":"reflexion-para-el-sabado-de-la-segunda-semana-del-t-o-1-23-01-21","status":"publish","type":"post","link":"http:\/\/delamanodemaria.com\/?p=14922","title":{"rendered":"REFLEXI\u00d3N PARA EL S\u00c1BADO DE LA SEGUNDA SEMANA DEL T.O. (1) 23-01-21"},"content":{"rendered":"\n<figure class=\"wp-block-image\"><img decoding=\"async\" loading=\"lazy\" width=\"890\" height=\"395\" src=\"http:\/\/delamanodemaria.com\/wp-content\/uploads\/2021\/01\/Mc-3-20-21.jpg\" alt=\"\" class=\"wp-image-14926\" srcset=\"http:\/\/delamanodemaria.com\/wp-content\/uploads\/2021\/01\/Mc-3-20-21.jpg 890w, http:\/\/delamanodemaria.com\/wp-content\/uploads\/2021\/01\/Mc-3-20-21-300x133.jpg 300w, http:\/\/delamanodemaria.com\/wp-content\/uploads\/2021\/01\/Mc-3-20-21-768x341.jpg 768w, http:\/\/delamanodemaria.com\/wp-content\/uploads\/2021\/01\/Mc-3-20-21-500x222.jpg 500w\" sizes=\"(max-width: 890px) 100vw, 890px\" \/><figcaption>\u201cEn aquel tiempo, Jes\u00fas fue a casa con sus disc\u00edpulos y se junt\u00f3 de nuevo tanta gente que no los dejaban ni comer&#8221;. <\/figcaption><\/figure>\n\n\n\n<p>En los pasados d\u00edas Marcos nos ha estado\nnarrando c\u00f3mo la fama de Jes\u00fas segu\u00eda creciendo, extendi\u00e9ndose m\u00e1s all\u00e1 de\nPalestina, hasta el mundo pagano. Donde quiera que iba la gente lo acosaba;\nquer\u00edan ver sus portentos, u obtener para s\u00ed mismos un milagro. Ya no hab\u00eda un\nlugar donde pudiera pasar un rato tranquilo, ni a\u00fan en su casa. La lectura\nevang\u00e9lica de hoy (Mc 3,20-21), una de las m\u00e1s cortas que leemos en la\nliturgia, dramatiza esa situaci\u00f3n:<\/p>\n\n\n\n<p>\u201cEn aquel tiempo, Jes\u00fas fue a casa con sus\ndisc\u00edpulos y se junt\u00f3 de nuevo tanta gente que no los dejaban ni comer. Al\nenterarse su familia, vinieron a llev\u00e1rselo, porque dec\u00edan que no estaba en sus\ncabales\u201d.<\/p>\n\n\n\n<p>Su familia est\u00e1 preocupada por \u00e9l; lo ven\nacosado, cansado, agotado, sin posibilidad de descanso. Quieren llev\u00e1rselo para\nque pueda disipar su mente, descansar su cuerpo.<\/p>\n\n\n\n<p>Algunos, por otro lado, ven en ese gesto de la\nfamilia una falta de comprensi\u00f3n de parte ellos, que no pueden entender la\ngrandeza del amor que mueve a Jes\u00fas a \u201cdejar de ser de \u00e9l\u201d para entregarse por\ncompleto a los necesitados. Otros ven en sus familiares un desprecio hacia la\npersona de Jes\u00fas, quien con sus actos se estaba poniendo en peligro y los\nestaba poniendo en peligro a ellos. Recordemos que en tiempos de Jes\u00fas los\nlun\u00e1ticos eran considerados como \u201cendemoniados\u201d o \u201cpose\u00eddos\u201d y eran apedreados;\ny que a veces esa condici\u00f3n era producto del pecado de sus padres o familiares.\nEn otras palabras, la familia estaba actuado para protegerse ellos mismos.<\/p>\n\n\n\n<p>Yo tiendo a pensar que en realidad el que\ndijeran que estaba \u201cfuera de sus cabales\u201d era m\u00e1s bien un subterfugio, un gesto\nde protecci\u00f3n para llevarlo a un lugar donde pudiera descansar. No podemos\nolvidar que la persona m\u00e1s importante en esa \u201cfamilia\u201d era Mar\u00eda, la madre de\nJes\u00fas, la que \u201cguardaba todas esas cosas en su coraz\u00f3n medit\u00e1ndolas\u201d, la que\nacept\u00f3 desde el \u201ch\u00e1gase\u201d la voluntad del Padre y la misi\u00f3n de su Hijo, la que\nlo apoy\u00f3 y acompa\u00f1\u00f3 hasta el Calvario. Mar\u00eda conoce y acepta la voluntad del\nPadre, pero su coraz\u00f3n de Madre la impulsa a velar por el bienestar de su Hijo.<\/p>\n\n\n\n<p>Los que decidimos seguir al Se\u00f1or muchas veces\nnos sentimos agotados por la misi\u00f3n que hemos aceptado, y hasta acosados; y\nmientras m\u00e1s trabajamos por el Reino, m\u00e1s se espera de nosotros y m\u00e1s trabajo\nse nos encomienda. Es en esos momentos que debemos mirar el ejemplo de nuestro\nMaestro, y recordar que cuando decidimos seguirlo sab\u00edamos que la jornada iba a\nser dura. \u201cEl que quiera seguirme\u2026\u201d (Lc 9,23; Mt 16,24). Nos anima la promesa\nde que \u00c9l no nos abandonar\u00e1, que estar\u00e1 con nosotros todos los d\u00edas, hasta el\nfin del mundo (Mt. 28,20).<\/p>\n\n\n\n<p>En la lectura de hoy vemos a un Jes\u00fas que deja\nde comer por atender a los que acuden a \u00c9l en busca de alivio. Ese mismo Jes\u00fas\nva un paso m\u00e1s all\u00e1; se deja \u201ccomer\u201d por nosotros, los que decidimos seguirlo,\ncuando lo comemos en las especies eucar\u00edsticas. Ah\u00ed se hace patente su promesa;\npor eso podemos sonre\u00edr en medio del cansancio cuando le servimos.<\/p>\n\n\n\n<p>\u00a1Atr\u00e9vete!<\/p>\n<div style=\"padding-bottom:20px; padding-top:10px;\" class=\"hupso-share-buttons\"><!-- Hupso Share Buttons - https:\/\/www.hupso.com\/share\/ --><a class=\"hupso_toolbar\" href=\"https:\/\/www.hupso.com\/share\/\"><img src=\"http:\/\/static.hupso.com\/share\/buttons\/lang\/es\/share-medium.png\" style=\"border:0px; padding-top: 5px; float:left;\" alt=\"Share Button\"\/><\/a><script type=\"text\/javascript\">var hupso_services_t=new Array(\"Twitter\",\"Facebook\",\"Google Plus\",\"Pinterest\",\"Linkedin\",\"Email\",\"Print\");var hupso_background_t=\"#EAF4FF\";var hupso_border_t=\"#66CCFF\";var hupso_toolbar_size_t=\"medium\";var hupso_image_folder_url = \"\";var hupso_twitter_via=\"hectorops\";var hupso_url_t=\"\";var hupso_title_t=\"REFLEXI%C3%93N%20PARA%20EL%20S%C3%81BADO%20DE%20LA%20SEGUNDA%20SEMANA%20DEL%20T.O.%20%281%29%2023-01-21\";<\/script><script type=\"text\/javascript\" src=\"http:\/\/static.hupso.com\/share\/js\/share_toolbar.js\"><\/script><!-- Hupso Share Buttons --><\/div>","protected":false},"excerpt":{"rendered":"<p>En los pasados d\u00edas Marcos nos ha estado narrando c\u00f3mo la fama de Jes\u00fas segu\u00eda creciendo, extendi\u00e9ndose m\u00e1s all\u00e1 de Palestina, hasta el mundo pagano. Donde quiera que iba la gente lo acosaba; quer\u00edan ver sus portentos, u obtener para &hellip; <a href=\"http:\/\/delamanodemaria.com\/?p=14922\">Continue reading <span class=\"meta-nav\">&rarr;<\/span><\/a><\/p>\n<div style=\"padding-bottom:20px; padding-top:10px;\" class=\"hupso-share-buttons\"><!-- Hupso Share Buttons - https:\/\/www.hupso.com\/share\/ --><a class=\"hupso_toolbar\" href=\"https:\/\/www.hupso.com\/share\/\"><img src=\"http:\/\/static.hupso.com\/share\/buttons\/lang\/es\/share-medium.png\" style=\"border:0px; padding-top: 5px; float:left;\" alt=\"Share Button\"\/><\/a><script type=\"text\/javascript\">var hupso_services_t=new Array(\"Twitter\",\"Facebook\",\"Google Plus\",\"Pinterest\",\"Linkedin\",\"Email\",\"Print\");var hupso_background_t=\"#EAF4FF\";var hupso_border_t=\"#66CCFF\";var hupso_toolbar_size_t=\"medium\";var hupso_image_folder_url = \"\";var hupso_twitter_via=\"hectorops\";var hupso_url_t=\"\";var hupso_title_t=\"REFLEXI%C3%93N%20PARA%20EL%20S%C3%81BADO%20DE%20LA%20SEGUNDA%20SEMANA%20DEL%20T.O.%20%281%29%2023-01-21\";<\/script><script type=\"text\/javascript\" src=\"http:\/\/static.hupso.com\/share\/js\/share_toolbar.js\"><\/script><!-- Hupso Share Buttons --><\/div>","protected":false},"author":1,"featured_media":14926,"comment_status":"open","ping_status":"open","sticky":false,"template":"","format":"standard","meta":{"jetpack_post_was_ever_published":false,"_jetpack_newsletter_access":"","_jetpack_newsletter_tier_id":0,"jetpack_publicize_message":"","jetpack_is_tweetstorm":false,"jetpack_publicize_feature_enabled":true,"jetpack_social_post_already_shared":true,"jetpack_social_options":{"image_generator_settings":{"template":"highway","enabled":false}}},"categories":[1],"tags":[2762,765,1201,788,4653,774,3200,2757,292,1319,27,2761,444,1085,2,144,722],"jetpack_publicize_connections":[],"jetpack_featured_media_url":"http:\/\/delamanodemaria.com\/wp-content\/uploads\/2021\/01\/Mc-3-20-21.jpg","jetpack_shortlink":"https:\/\/wp.me\/p3bBgS-3SG","jetpack_sharing_enabled":true,"jetpack_likes_enabled":true,"_links":{"self":[{"href":"http:\/\/delamanodemaria.com\/index.php?rest_route=\/wp\/v2\/posts\/14922"}],"collection":[{"href":"http:\/\/delamanodemaria.com\/index.php?rest_route=\/wp\/v2\/posts"}],"about":[{"href":"http:\/\/delamanodemaria.com\/index.php?rest_route=\/wp\/v2\/types\/post"}],"author":[{"embeddable":true,"href":"http:\/\/delamanodemaria.com\/index.php?rest_route=\/wp\/v2\/users\/1"}],"replies":[{"embeddable":true,"href":"http:\/\/delamanodemaria.com\/index.php?rest_route=%2Fwp%2Fv2%2Fcomments&post=14922"}],"version-history":[{"count":2,"href":"http:\/\/delamanodemaria.com\/index.php?rest_route=\/wp\/v2\/posts\/14922\/revisions"}],"predecessor-version":[{"id":14927,"href":"http:\/\/delamanodemaria.com\/index.php?rest_route=\/wp\/v2\/posts\/14922\/revisions\/14927"}],"wp:featuredmedia":[{"embeddable":true,"href":"http:\/\/delamanodemaria.com\/index.php?rest_route=\/wp\/v2\/media\/14926"}],"wp:attachment":[{"href":"http:\/\/delamanodemaria.com\/index.php?rest_route=%2Fwp%2Fv2%2Fmedia&parent=14922"}],"wp:term":[{"taxonomy":"category","embeddable":true,"href":"http:\/\/delamanodemaria.com\/index.php?rest_route=%2Fwp%2Fv2%2Fcategories&post=14922"},{"taxonomy":"post_tag","embeddable":true,"href":"http:\/\/delamanodemaria.com\/index.php?rest_route=%2Fwp%2Fv2%2Ftags&post=14922"}],"curies":[{"name":"wp","href":"https:\/\/api.w.org\/{rel}","templated":true}]}}