{"id":14992,"date":"2021-02-05T16:55:19","date_gmt":"2021-02-05T20:55:19","guid":{"rendered":"http:\/\/delamanodemaria.com\/?p=14992"},"modified":"2021-02-05T16:55:19","modified_gmt":"2021-02-05T20:55:19","slug":"reflexion-para-el-sabado-de-la-cuarta-semana-del-t-o-1-06-02-21","status":"publish","type":"post","link":"http:\/\/delamanodemaria.com\/?p=14992","title":{"rendered":"REFLEXI\u00d3N PARA EL S\u00c1BADO DE LA CUARTA SEMANA DEL T.O. (1) 06-02-21"},"content":{"rendered":"\n<figure class=\"wp-block-image\"><img decoding=\"async\" loading=\"lazy\" width=\"620\" height=\"400\" src=\"http:\/\/delamanodemaria.com\/wp-content\/uploads\/2021\/02\/ovejas-sin-pastor2.jpg\" alt=\"\" class=\"wp-image-14995\" srcset=\"http:\/\/delamanodemaria.com\/wp-content\/uploads\/2021\/02\/ovejas-sin-pastor2.jpg 620w, http:\/\/delamanodemaria.com\/wp-content\/uploads\/2021\/02\/ovejas-sin-pastor2-300x194.jpg 300w, http:\/\/delamanodemaria.com\/wp-content\/uploads\/2021\/02\/ovejas-sin-pastor2-465x300.jpg 465w\" sizes=\"(max-width: 620px) 100vw, 620px\" \/><figcaption>Al desembarcar, Jes\u00fas vio una multitud y se compadeci\u00f3 de ella, porque andaban como ovejas que no tienen pastor.<\/figcaption><\/figure>\n\n\n\n<p class=\"has-drop-cap\">La lectura del Evangelio que la liturgia nos\npropone para hoy (Mc 6,30-34) retoma la narraci\u00f3n del primer \u201cenv\u00edo\u201d que\nle\u00edamos el pasado jueves (Mc 6,7-13). Hoy se nos presenta el regreso de los\nap\u00f3stoles de esa misi\u00f3n. El evangelista no nos dice cu\u00e1nto tiempo estuvieron\nmisionando, solo nos dice que \u201clos ap\u00f3stoles volvieron a reunirse con Jes\u00fas y\nle contaron todo lo que hab\u00edan hecho y ense\u00f1ado\u201d. Me imagino el entusiasmo de\nlos ap\u00f3stoles contando todas sus peripecias durante la misi\u00f3n. Hab\u00eda llegado la\nhora del \u201cinforme\u201d, de comparar notas con el Maestro, de recibir cr\u00edtica\nconstructiva de \u00c9l.<\/p>\n\n\n\n<p>As\u00ed deber\u00eda ser la Asamblea eucar\u00edstica del\ndomingo. Cada vez que terminamos la misa, con el rito de conclusi\u00f3n, el\nsacerdote nos \u201cenv\u00eda\u201d a la aventura de la vida a vivir lo que celebramos,\nllevando a Jes\u00fas en nuestros corazones, para que con nuestros quehaceres\ndiarios alabemos y bendigamos al Se\u00f1or. As\u00ed, despu\u00e9s de nuestra \u201cmisi\u00f3n\u201d\ndurante la semana, nos reunimos nuevamente el siguiente domingo en torno a la\nmesa con Jes\u00fas, tal como lo hicieron los ap\u00f3stoles en el pasaje evang\u00e9lico de\nhoy. Cuando el Se\u00f1or nos pregunte sobre la misi\u00f3n que nos encomend\u00f3, \u00bfqu\u00e9 le\nvamos a decir?<\/p>\n\n\n\n<p>Jes\u00fas est\u00e1 consciente de que despu\u00e9s del viaje\nmisionero los ap\u00f3stoles deben estar cansados y hambrientos. Por eso les dice: \u201cVenid\nvosotros solos a un sitio tranquilo a descansar un poco\u201d. El descanso y la\nalimentaci\u00f3n son necesarios para mantenerse saludables y poder continuar\npredicando. En la celebraci\u00f3n eucar\u00edstica del domingo el Se\u00f1or nos brinda un\nespacio de descanso de los trajines de la vida diaria, y nos alimenta con su\nPalabra y su Persona.<\/p>\n\n\n\n<p>Contin\u00faa diciendo el relato que era tanta la\ngente que \u201cno encontraban tiempo ni para comer\u201d. Se montaron en una barca para\nir a otro lugar tranquilo, pero la gente los sigui\u00f3 corriendo por la orilla del\nlago y se les adelantaron.<\/p>\n\n\n\n<p>Al ver a la gente, Jes\u00fas sinti\u00f3 \u201cl\u00e1stima de\nellos, porque andaban como ovejas sin pastor; y se puso a ense\u00f1arles con calma\u201d.\nVio la necesidad, el hambre espiritual de aquella multitud, y se sinti\u00f3\nconmovido, al punto del sacrificio. Aqu\u00ed se destaca otra dimensi\u00f3n de Jes\u00fas. En\neste pasaje Marcos nos presenta, no tanto el gran hacedor de milagros, sino el\nPastor que cuida de su reba\u00f1o, aludiendo a una figura que encontramos en el\nantiguo testamento para referirse al pueblo de Israel que se hab\u00eda descarriado:\n\u201cHe visto a todo Israel disperso por las monta\u00f1as, como ovejas sin pastor\u201d (1\nRe 22,17). Asimismo, nos lo presenta como el hombre sensible, que se compadece.\nRecordemos que Marcos es quien m\u00e1s acent\u00faa la dimensi\u00f3n humana de Jes\u00fas, quien habla\ncon toda naturalidad de las emociones intensas de Jes\u00fas.<\/p>\n\n\n\n<p>Trato de imaginar qu\u00e9 le dir\u00eda Jes\u00fas a aquella\nmultitud. Marcos no nos ofrece detalles sobre el contenido de la ense\u00f1anza de\nJes\u00fas. Debemos suponer que les hablaba de la llegada del Reino, pues Marcos\nhab\u00eda establecido esto como la misi\u00f3n de Jes\u00fas, desde el comienzo de su Evangelio\n(1,14-15).<\/p>\n\n\n\n<p>Esa es tambi\u00e9n nuestra misi\u00f3n (Mc 16,15). \u00bfAceptas\nel reto?<\/p>\n<div style=\"padding-bottom:20px; padding-top:10px;\" class=\"hupso-share-buttons\"><!-- Hupso Share Buttons - https:\/\/www.hupso.com\/share\/ --><a class=\"hupso_toolbar\" href=\"https:\/\/www.hupso.com\/share\/\"><img src=\"http:\/\/static.hupso.com\/share\/buttons\/lang\/es\/share-medium.png\" style=\"border:0px; padding-top: 5px; float:left;\" alt=\"Share Button\"\/><\/a><script type=\"text\/javascript\">var hupso_services_t=new Array(\"Twitter\",\"Facebook\",\"Google Plus\",\"Pinterest\",\"Linkedin\",\"Email\",\"Print\");var hupso_background_t=\"#EAF4FF\";var hupso_border_t=\"#66CCFF\";var hupso_toolbar_size_t=\"medium\";var hupso_image_folder_url = \"\";var hupso_twitter_via=\"hectorops\";var hupso_url_t=\"\";var hupso_title_t=\"REFLEXI%C3%93N%20PARA%20EL%20S%C3%81BADO%20DE%20LA%20CUARTA%20SEMANA%20DEL%20T.O.%20%281%29%2006-02-21\";<\/script><script type=\"text\/javascript\" src=\"http:\/\/static.hupso.com\/share\/js\/share_toolbar.js\"><\/script><!-- Hupso Share Buttons --><\/div>","protected":false},"excerpt":{"rendered":"<p>La lectura del Evangelio que la liturgia nos propone para hoy (Mc 6,30-34) retoma la narraci\u00f3n del primer \u201cenv\u00edo\u201d que le\u00edamos el pasado jueves (Mc 6,7-13). Hoy se nos presenta el regreso de los ap\u00f3stoles de esa misi\u00f3n. El evangelista &hellip; <a href=\"http:\/\/delamanodemaria.com\/?p=14992\">Continue reading <span class=\"meta-nav\">&rarr;<\/span><\/a><\/p>\n<div style=\"padding-bottom:20px; padding-top:10px;\" class=\"hupso-share-buttons\"><!-- Hupso Share Buttons - https:\/\/www.hupso.com\/share\/ --><a class=\"hupso_toolbar\" href=\"https:\/\/www.hupso.com\/share\/\"><img src=\"http:\/\/static.hupso.com\/share\/buttons\/lang\/es\/share-medium.png\" style=\"border:0px; padding-top: 5px; float:left;\" alt=\"Share Button\"\/><\/a><script type=\"text\/javascript\">var hupso_services_t=new Array(\"Twitter\",\"Facebook\",\"Google Plus\",\"Pinterest\",\"Linkedin\",\"Email\",\"Print\");var hupso_background_t=\"#EAF4FF\";var hupso_border_t=\"#66CCFF\";var hupso_toolbar_size_t=\"medium\";var hupso_image_folder_url = \"\";var hupso_twitter_via=\"hectorops\";var hupso_url_t=\"\";var hupso_title_t=\"REFLEXI%C3%93N%20PARA%20EL%20S%C3%81BADO%20DE%20LA%20CUARTA%20SEMANA%20DEL%20T.O.%20%281%29%2006-02-21\";<\/script><script type=\"text\/javascript\" src=\"http:\/\/static.hupso.com\/share\/js\/share_toolbar.js\"><\/script><!-- Hupso Share Buttons --><\/div>","protected":false},"author":1,"featured_media":0,"comment_status":"open","ping_status":"open","sticky":false,"template":"","format":"standard","meta":{"jetpack_post_was_ever_published":false,"_jetpack_newsletter_access":"","_jetpack_newsletter_tier_id":0,"jetpack_publicize_message":"","jetpack_is_tweetstorm":false,"jetpack_publicize_feature_enabled":true,"jetpack_social_post_already_shared":true,"jetpack_social_options":{"image_generator_settings":{"template":"highway","enabled":false}}},"categories":[1],"tags":[1954,765,89,2164,4662,788,2753,2165,214,45,3200,1200,1775,2797,654,112,1774,2166,1691,138,3660,311,2,722],"jetpack_publicize_connections":[],"jetpack_featured_media_url":"","jetpack_shortlink":"https:\/\/wp.me\/p3bBgS-3TO","jetpack_sharing_enabled":true,"jetpack_likes_enabled":true,"_links":{"self":[{"href":"http:\/\/delamanodemaria.com\/index.php?rest_route=\/wp\/v2\/posts\/14992"}],"collection":[{"href":"http:\/\/delamanodemaria.com\/index.php?rest_route=\/wp\/v2\/posts"}],"about":[{"href":"http:\/\/delamanodemaria.com\/index.php?rest_route=\/wp\/v2\/types\/post"}],"author":[{"embeddable":true,"href":"http:\/\/delamanodemaria.com\/index.php?rest_route=\/wp\/v2\/users\/1"}],"replies":[{"embeddable":true,"href":"http:\/\/delamanodemaria.com\/index.php?rest_route=%2Fwp%2Fv2%2Fcomments&post=14992"}],"version-history":[{"count":3,"href":"http:\/\/delamanodemaria.com\/index.php?rest_route=\/wp\/v2\/posts\/14992\/revisions"}],"predecessor-version":[{"id":14996,"href":"http:\/\/delamanodemaria.com\/index.php?rest_route=\/wp\/v2\/posts\/14992\/revisions\/14996"}],"wp:attachment":[{"href":"http:\/\/delamanodemaria.com\/index.php?rest_route=%2Fwp%2Fv2%2Fmedia&parent=14992"}],"wp:term":[{"taxonomy":"category","embeddable":true,"href":"http:\/\/delamanodemaria.com\/index.php?rest_route=%2Fwp%2Fv2%2Fcategories&post=14992"},{"taxonomy":"post_tag","embeddable":true,"href":"http:\/\/delamanodemaria.com\/index.php?rest_route=%2Fwp%2Fv2%2Ftags&post=14992"}],"curies":[{"name":"wp","href":"https:\/\/api.w.org\/{rel}","templated":true}]}}