{"id":15001,"date":"2021-02-06T19:57:04","date_gmt":"2021-02-06T23:57:04","guid":{"rendered":"http:\/\/delamanodemaria.com\/?p=15001"},"modified":"2021-02-06T19:57:04","modified_gmt":"2021-02-06T23:57:04","slug":"cuaresma-un-tiempo-para-renovar-la-fe-la-esperanza-y-la-caridad","status":"publish","type":"post","link":"http:\/\/delamanodemaria.com\/?p=15001","title":{"rendered":"Cuaresma: un tiempo para renovar la fe, la esperanza y la caridad"},"content":{"rendered":"\n<figure class=\"wp-block-image\"><img decoding=\"async\" loading=\"lazy\" width=\"840\" height=\"438\" src=\"http:\/\/delamanodemaria.com\/wp-content\/uploads\/2020\/01\/papa-francisco-exhortando-con-microfono-rostro-serio.jpg\" alt=\"\" class=\"wp-image-12941\" srcset=\"http:\/\/delamanodemaria.com\/wp-content\/uploads\/2020\/01\/papa-francisco-exhortando-con-microfono-rostro-serio.jpg 840w, http:\/\/delamanodemaria.com\/wp-content\/uploads\/2020\/01\/papa-francisco-exhortando-con-microfono-rostro-serio-300x156.jpg 300w, http:\/\/delamanodemaria.com\/wp-content\/uploads\/2020\/01\/papa-francisco-exhortando-con-microfono-rostro-serio-768x400.jpg 768w, http:\/\/delamanodemaria.com\/wp-content\/uploads\/2020\/01\/papa-francisco-exhortando-con-microfono-rostro-serio-500x261.jpg 500w\" sizes=\"(max-width: 840px) 100vw, 840px\" \/><figcaption>Mensaje del papa Francisco para la Cuaresma 2021<\/figcaption><\/figure>\n\n\n\n<p>Queridos\nhermanos y hermanas:<\/p>\n\n\n\n<p>Cuando\nJes\u00fas anuncia a sus disc\u00edpulos su pasi\u00f3n, muerte y resurrecci\u00f3n, para cumplir\ncon la voluntad del Padre, les revela el sentido profundo de su misi\u00f3n y los\nexhorta a asociarse a ella, para la salvaci\u00f3n del mundo.<\/p>\n\n\n\n<p>Recorriendo\nel camino cuaresmal, que nos conducir\u00e1 a las celebraciones pascuales,\nrecordemos a Aquel que \u00abse humill\u00f3 a s\u00ed mismo, hecho obediente hasta la muerte,\ny una muerte de cruz\u00bb (Flp 2,8). En este tiempo de conversi\u00f3n renovemos nuestra\nfe, saciemos nuestra sed con el \u201cagua viva\u201d de la esperanza y recibamos con el\ncoraz\u00f3n abierto el amor de Dios que nos convierte en hermanos y hermanas en\nCristo.<\/p>\n\n\n\n<p>En\nla noche de Pascua renovaremos las promesas de nuestro Bautismo, para renacer\ncomo hombres y mujeres nuevos, gracias a la obra del Esp\u00edritu Santo. Sin\nembargo, el itinerario de la Cuaresma, al igual que todo el camino cristiano,\nya est\u00e1 bajo la luz de la Resurrecci\u00f3n, que anima los sentimientos, las\nactitudes y las decisiones de quien desea seguir a Cristo.<\/p>\n\n\n\n<p>El\nayuno, la oraci\u00f3n y la limosna, tal como los presenta Jes\u00fas en su predicaci\u00f3n\n(cf. Mt 6,1-18), son las condiciones y la expresi\u00f3n de nuestra conversi\u00f3n. La\nv\u00eda de la pobreza y de la privaci\u00f3n (el ayuno), la mirada y los gestos de amor\nhacia el hombre herido (la limosna) y el di\u00e1logo filial con el Padre (la\noraci\u00f3n) nos permiten encarnar una fe sincera, una esperanza viva y una caridad\noperante.<\/p>\n\n\n\n<p><strong>La fe nos llama a acoger la Verdad y a ser\ntestigos, ante Dios y ante nuestros hermanos y hermanas.<\/strong><\/p>\n\n\n\n<p>En\neste tiempo de Cuaresma, acoger y vivir la Verdad que se manifest\u00f3 en Cristo\nsignifica ante todo dejarse alcanzar por la Palabra de Dios, que la Iglesia nos\ntransmite de generaci\u00f3n en generaci\u00f3n. Esta Verdad no es una construcci\u00f3n del\nintelecto, destinada a pocas mentes elegidas, superiores o ilustres, sino que\nes un mensaje que recibimos y podemos comprender gracias a la inteligencia del\ncoraz\u00f3n, abierto a la grandeza de Dios que nos ama antes de que nosotros mismos\nseamos conscientes de ello. Esta Verdad es Cristo mismo que, asumiendo\nplenamente nuestra humanidad, se hizo Camino \u2014exigente pero abierto a todos\u2014\nque lleva a la plenitud de la Vida.<\/p>\n\n\n\n<p>El\nayuno vivido como experiencia de privaci\u00f3n, para quienes lo viven con sencillez\nde coraz\u00f3n lleva a descubrir de nuevo el don de Dios y a comprender nuestra\nrealidad de criaturas que, a su imagen y semejanza, encuentran en \u00c9l su\ncumplimiento.<\/p>\n\n\n\n<p>Haciendo\nla experiencia de una pobreza aceptada, quien ayuna se hace pobre con los\npobres y \u201cacumula\u201d la riqueza del amor recibido y compartido. As\u00ed entendido y\npuesto en pr\u00e1ctica, el ayuno contribuye a amar a Dios y al pr\u00f3jimo en cuanto,\ncomo nos ense\u00f1a santo Tom\u00e1s de Aquino, el amor es un movimiento que<br>\ncentra la atenci\u00f3n en el otro consider\u00e1ndolo como uno consigo mismo (cf. Carta\nenc. Fratelli tutti, 93).<\/p>\n\n\n\n<p>La\nCuaresma es un tiempo para creer, es decir, para recibir a Dios en nuestra vida\ny permitirle \u201cponer su morada\u201d en nosotros (cf. Jn 14,23). Ayunar significa\nliberar nuestra existencia de todo lo que estorba, incluso de la saturaci\u00f3n de\ninformaciones \u2014verdaderas o falsas\u2014 y productos de consumo, para abrir las\npuertas de nuestro coraz\u00f3n a Aquel que viene a nosotros pobre de todo, pero\n\u00ablleno de gracia y de verdad\u00bb (Jn 1,14): el Hijo de Dios Salvador.<\/p>\n\n\n\n<p><strong>La esperanza como \u201cagua viva\u201d que nos permite continuar nuestro camino<\/strong><\/p>\n\n\n\n<p>La\nsamaritana, a quien Jes\u00fas pide que le d\u00e9 de beber junto al pozo, no comprende\ncuando \u00c9l le dice que podr\u00eda ofrecerle un \u00abagua viva\u00bb (Jn 4,10).<\/p>\n\n\n\n<p>Al\nprincipio, naturalmente, ella piensa en el agua material, mientras que Jes\u00fas se\nrefiere al Esp\u00edritu Santo, aquel que \u00c9l dar\u00e1 en abundancia en el Misterio\npascual y que infunde en nosotros la esperanza que no defrauda. Al anunciar su\npasi\u00f3n y muerte Jes\u00fas ya anuncia la esperanza, cuando dice: \u00abY al tercer d\u00eda\nresucitar\u00e1\u00bb (Mt 20,19).<\/p>\n\n\n\n<p>Jes\u00fas\nnos habla del futuro que la misericordia del Padre ha abierto de par en par.\nEsperar con \u00c9l y gracias a \u00c9l quiere decir creer que la historia no termina con\nnuestros errores, nuestras violencias e injusticias, ni con el pecado que\ncrucifica al Amor.<\/p>\n\n\n\n<p>Significa\nsaciarnos del perd\u00f3n del Padre en su Coraz\u00f3n abierto. En el actual contexto de\npreocupaci\u00f3n en el que vivimos y en el que todo parece fr\u00e1gil e incierto,\nhablar de esperanza podr\u00eda parecer una provocaci\u00f3n.<\/p>\n\n\n\n<p>El\ntiempo de Cuaresma est\u00e1 hecho para esperar, para volver a dirigir la mirada a\nla paciencia de Dios, que sigue cuidando de su Creaci\u00f3n, mientras que nosotros\na menudo la maltratamos (cf. Carta enc. Laudato si\u2019, 32-33;43-44).<\/p>\n\n\n\n<p>Es\nesperanza en la reconciliaci\u00f3n, a la que san Pablo nos exhorta con pasi\u00f3n: \u00abOs\npedimos que os reconcili\u00e9is con Dios\u00bb (2 Co 5,20). Al recibir el perd\u00f3n, en el\nSacramento que est\u00e1 en el coraz\u00f3n de nuestro proceso de conversi\u00f3n, tambi\u00e9n\nnosotros nos convertimos en difusores del perd\u00f3n: al haberlo acogido nosotros,\npodemos ofrecerlo, siendo capaces de vivir un di\u00e1logo atento y adoptando un\ncomportamiento que conforte a quien se encuentra herido. El perd\u00f3n de Dios,\ntambi\u00e9n mediante nuestras palabras y gestos, permite vivir una Pascua de\nfraternidad.<\/p>\n\n\n\n<p>En\nla Cuaresma, estemos m\u00e1s atentos a \u00abdecir palabras de aliento, que reconfortan,\nque fortalecen, que consuelan, que estimulan\u00bb, en lugar de \u00abpalabras que\nhumillan, que entristecen, que irritan, que desprecian\u00bb (Carta enc. Fratelli\ntutti [FT], 223).<\/p>\n\n\n\n<p>A\nveces, para dar esperanza, es suficiente con ser \u00abuna persona amable, que deja\na un lado sus ansiedades y urgencias para prestar atenci\u00f3n, para regalar una\nsonrisa, para decir una palabra que estimule, para posibilitar un espacio de\nescucha en medio de tanta indiferencia\u00bb (ib\u00edd., 224).<\/p>\n\n\n\n<p>En\nel recogimiento y el silencio de la oraci\u00f3n, se nos da la esperanza como\ninspiraci\u00f3n y luz interior, que ilumina los desaf\u00edos y las decisiones de\nnuestra misi\u00f3n: por esto es fundamental recogerse en oraci\u00f3n (cf. Mt 6,6) y\nencontrar, en la intimidad, al Padre de la ternura.<\/p>\n\n\n\n<p>Vivir\nuna Cuaresma con esperanza significa sentir que, en Jesucristo, somos testigos\ndel tiempo nuevo, en el que Dios\n\u201chace nuevas todas las cosas\u201d (cf. Ap 21,1-6).<\/p>\n\n\n\n<p>Significa\nrecibir la esperanza de Cristo que entrega su vida en la cruz y que Dios\nresucita al tercer d\u00eda, \u201cdispuestos siempre para dar explicaci\u00f3n a todo el que nos pida una raz\u00f3n de\nnuestra esperanza\u201d (cf. 1 P 3,15).<\/p>\n\n\n\n<p><strong>La caridad, vivida tras las huellas de Cristo, mostrando atenci\u00f3n y compasi\u00f3n por cada persona, es la expresi\u00f3n m\u00e1s alta de nuestra fe y nuestra esperanza.<\/strong><\/p>\n\n\n\n<p>La\ncaridad se alegra de ver que el otro crece. Por este motivo, sufre cuando el\notro est\u00e1 angustiado: solo, enfermo, sin hogar, despreciado, en situaci\u00f3n de\nnecesidad\u2026 La caridad es el impulso del coraz\u00f3n que nos hace salir de nosotros mismos\ny que suscita el v\u00ednculo de la cooperaci\u00f3n y de la comuni\u00f3n.<\/p>\n\n\n\n<p>\u00abA\npartir del \u201camor social\u201d es posible avanzar hacia una civilizaci\u00f3n del amor a\nla que todos podamos sentirnos convocados. La caridad, con su dinamismo\nuniversal, puede construir un mundo nuevo, porque no es un sentimiento est\u00e9ril,\nsino la mejor manera de lograr caminos eficaces de desarrollo para todos\u00bb (FT,\n183).<\/p>\n\n\n\n<p>La\ncaridad es don que da sentido a nuestra vida y gracias a este consideramos a\nquien se ve privado de lo necesario como un miembro de nuestra familia, amigo,\nhermano. Lo poco que tenemos, si lo compartimos con amor, no se acaba nunca,\nsino que se transforma en una reserva de vida y de felicidad. As\u00ed sucedi\u00f3 con\nla harina y el aceite de la viuda de Sarepta, que dio el pan al profeta El\u00edas\n(cf. 1 R 17,7-16); y con los panes que Jes\u00fas bendijo, parti\u00f3 y dio a los\ndisc\u00edpulos para que los distribuyeran entre la gente (cf. Mc 6,30-44). As\u00ed\nsucede con nuestra limosna, ya sea grande o peque\u00f1a, si la damos con gozo y\nsencillez.<\/p>\n\n\n\n<p>Vivir una Cuaresma de caridad quiere decir cuidar a quienes se encuentran en condiciones de sufrimiento, abandono o angustia a causa de la pandemia de\u00a0COVID19. En un contexto tan incierto sobre el futuro, recordemos la palabra que Dios dirige a su Siervo: \u00abNo temas, que te he redimido\u00bb (Is 43,1), ofrezcamos con nuestra<br> caridad una palabra de confianza, para que el otro sienta que Dios lo ama como a un hijo.<\/p>\n\n\n\n<p>\u00abS\u00f3lo\ncon una mirada cuyo horizonte est\u00e9 transformado por la caridad, que le lleva a\npercibir la dignidad del otro, los pobres son descubiertos y valorados en su\ninmensa dignidad, respetados en su estilo propio y en su cultura y, por lo\ntanto, verdaderamente integrados en la sociedad\u00bb (FT, 187).<\/p>\n\n\n\n<p>Queridos\nhermanos y hermanas: Cada etapa de la vida es un tiempo para creer, esperar y\namar. Este llamado a vivir la Cuaresma como camino de conversi\u00f3n y oraci\u00f3n, y\npara compartir nuestros bienes, nos ayuda a reconsiderar, en nuestra memoria\ncomunitaria y personal, la fe que viene de Cristo vivo, la esperanza animada\npor el soplo del Esp\u00edritu y el amor, cuya fuente inagotable es el coraz\u00f3n\nmisericordioso del Padre.<\/p>\n\n\n\n<p>Que\nMar\u00eda, Madre del Salvador, fiel al pie de la cruz y en el coraz\u00f3n de la\nIglesia, nos sostenga con su presencia sol\u00edcita, y la bendici\u00f3n de Cristo\nresucitado nos acompa\u00f1e en el camino hacia la luz pascual.<\/p>\n\n\n\n<p>Roma, San Juan de Letr\u00e1n, 11 de noviembre de 2020, memoria de san Mart\u00edn de Tours.<\/p>\n\n\n\n<p><strong><em>Francisco<\/em><\/strong><\/p>\n<div style=\"padding-bottom:20px; padding-top:10px;\" class=\"hupso-share-buttons\"><!-- Hupso Share Buttons - https:\/\/www.hupso.com\/share\/ --><a class=\"hupso_toolbar\" href=\"https:\/\/www.hupso.com\/share\/\"><img src=\"http:\/\/static.hupso.com\/share\/buttons\/lang\/es\/share-medium.png\" style=\"border:0px; padding-top: 5px; float:left;\" alt=\"Share Button\"\/><\/a><script type=\"text\/javascript\">var hupso_services_t=new Array(\"Twitter\",\"Facebook\",\"Google Plus\",\"Pinterest\",\"Linkedin\",\"Email\",\"Print\");var hupso_background_t=\"#EAF4FF\";var hupso_border_t=\"#66CCFF\";var hupso_toolbar_size_t=\"medium\";var hupso_image_folder_url = \"\";var hupso_twitter_via=\"hectorops\";var hupso_url_t=\"\";var hupso_title_t=\"Cuaresma%3A%20un%20tiempo%20para%20renovar%20la%20fe%2C%20la%20esperanza%20y%20la%20caridad\";<\/script><script type=\"text\/javascript\" src=\"http:\/\/static.hupso.com\/share\/js\/share_toolbar.js\"><\/script><!-- Hupso Share Buttons --><\/div>","protected":false},"excerpt":{"rendered":"<p>Queridos hermanos y hermanas: Cuando Jes\u00fas anuncia a sus disc\u00edpulos su pasi\u00f3n, muerte y resurrecci\u00f3n, para cumplir con la voluntad del Padre, les revela el sentido profundo de su misi\u00f3n y los exhorta a asociarse a ella, para la salvaci\u00f3n &hellip; <a href=\"http:\/\/delamanodemaria.com\/?p=15001\">Continue reading <span class=\"meta-nav\">&rarr;<\/span><\/a><\/p>\n<div style=\"padding-bottom:20px; padding-top:10px;\" class=\"hupso-share-buttons\"><!-- Hupso Share Buttons - https:\/\/www.hupso.com\/share\/ --><a class=\"hupso_toolbar\" href=\"https:\/\/www.hupso.com\/share\/\"><img src=\"http:\/\/static.hupso.com\/share\/buttons\/lang\/es\/share-medium.png\" style=\"border:0px; padding-top: 5px; float:left;\" alt=\"Share Button\"\/><\/a><script type=\"text\/javascript\">var hupso_services_t=new Array(\"Twitter\",\"Facebook\",\"Google Plus\",\"Pinterest\",\"Linkedin\",\"Email\",\"Print\");var hupso_background_t=\"#EAF4FF\";var hupso_border_t=\"#66CCFF\";var hupso_toolbar_size_t=\"medium\";var hupso_image_folder_url = \"\";var hupso_twitter_via=\"hectorops\";var hupso_url_t=\"\";var hupso_title_t=\"Cuaresma%3A%20un%20tiempo%20para%20renovar%20la%20fe%2C%20la%20esperanza%20y%20la%20caridad\";<\/script><script type=\"text\/javascript\" src=\"http:\/\/static.hupso.com\/share\/js\/share_toolbar.js\"><\/script><!-- Hupso Share Buttons --><\/div>","protected":false},"author":1,"featured_media":0,"comment_status":"open","ping_status":"open","sticky":false,"template":"","format":"standard","meta":{"jetpack_post_was_ever_published":false,"_jetpack_newsletter_access":"","_jetpack_newsletter_tier_id":0,"jetpack_publicize_message":"","jetpack_is_tweetstorm":false,"jetpack_publicize_feature_enabled":true,"jetpack_social_post_already_shared":true,"jetpack_social_options":{"image_generator_settings":{"template":"highway","enabled":false}}},"categories":[1],"tags":[],"jetpack_publicize_connections":[],"jetpack_featured_media_url":"","jetpack_shortlink":"https:\/\/wp.me\/p3bBgS-3TX","jetpack_sharing_enabled":true,"jetpack_likes_enabled":true,"_links":{"self":[{"href":"http:\/\/delamanodemaria.com\/index.php?rest_route=\/wp\/v2\/posts\/15001"}],"collection":[{"href":"http:\/\/delamanodemaria.com\/index.php?rest_route=\/wp\/v2\/posts"}],"about":[{"href":"http:\/\/delamanodemaria.com\/index.php?rest_route=\/wp\/v2\/types\/post"}],"author":[{"embeddable":true,"href":"http:\/\/delamanodemaria.com\/index.php?rest_route=\/wp\/v2\/users\/1"}],"replies":[{"embeddable":true,"href":"http:\/\/delamanodemaria.com\/index.php?rest_route=%2Fwp%2Fv2%2Fcomments&post=15001"}],"version-history":[{"count":1,"href":"http:\/\/delamanodemaria.com\/index.php?rest_route=\/wp\/v2\/posts\/15001\/revisions"}],"predecessor-version":[{"id":15002,"href":"http:\/\/delamanodemaria.com\/index.php?rest_route=\/wp\/v2\/posts\/15001\/revisions\/15002"}],"wp:attachment":[{"href":"http:\/\/delamanodemaria.com\/index.php?rest_route=%2Fwp%2Fv2%2Fmedia&parent=15001"}],"wp:term":[{"taxonomy":"category","embeddable":true,"href":"http:\/\/delamanodemaria.com\/index.php?rest_route=%2Fwp%2Fv2%2Fcategories&post=15001"},{"taxonomy":"post_tag","embeddable":true,"href":"http:\/\/delamanodemaria.com\/index.php?rest_route=%2Fwp%2Fv2%2Ftags&post=15001"}],"curies":[{"name":"wp","href":"https:\/\/api.w.org\/{rel}","templated":true}]}}