{"id":15027,"date":"2021-02-11T17:57:37","date_gmt":"2021-02-11T21:57:37","guid":{"rendered":"http:\/\/delamanodemaria.com\/?p=15027"},"modified":"2021-02-11T17:57:37","modified_gmt":"2021-02-11T21:57:37","slug":"reflexion-para-el-viernes-de-la-quinta-semana-del-t-o-1-12-02-21","status":"publish","type":"post","link":"http:\/\/delamanodemaria.com\/?p=15027","title":{"rendered":"REFLEXI\u00d3N PARA EL VIERNES DE LA QUINTA SEMANA DEL T.O. (1) 12-02-21"},"content":{"rendered":"\n<figure class=\"wp-block-image\"><img decoding=\"async\" loading=\"lazy\" width=\"768\" height=\"432\" src=\"http:\/\/delamanodemaria.com\/wp-content\/uploads\/2020\/02\/Effet\u00e1.jpg\" alt=\"\" class=\"wp-image-13033\" srcset=\"http:\/\/delamanodemaria.com\/wp-content\/uploads\/2020\/02\/Effet\u00e1.jpg 768w, http:\/\/delamanodemaria.com\/wp-content\/uploads\/2020\/02\/Effet\u00e1-300x169.jpg 300w, http:\/\/delamanodemaria.com\/wp-content\/uploads\/2020\/02\/Effet\u00e1-500x281.jpg 500w\" sizes=\"(max-width: 768px) 100vw, 768px\" \/><figcaption>Y mirando al cielo, suspir\u00f3 y le dijo: \u00abEffet\u00e1\u00bb (esto es, \u00ab\u00e1brete\u00bb). <\/figcaption><\/figure>\n\n\n\n<p>El relato evang\u00e9lico que contemplamos en la\nliturgia para hoy (Mc 7,31-37) nos presenta el episodio de la curaci\u00f3n del\nsordomudo. Estando en territorio pagano, de regreso a Galilea (en las fronteras\ndel L\u00edbano), le traen \u201cun sordo que, adem\u00e1s, apenas pod\u00eda hablar; y le piden\nque le imponga las manos\u201d. Jes\u00fas, apart\u00e1ndolo a un lado, le introduce los dedos\nen los o\u00eddos y le toca la lengua con saliva. Luego invoca al Padre (\u201cmirando al\ncielo\u201d) y dice: \u201c<em>Effet\u00e1<\/em>, que quiere\ndecir \u2018\u00c1brete\u2019\u201d (recordemos que Marcos escribe su relato evang\u00e9lico para los\npaganos de la regi\u00f3n it\u00e1lica; por eso pasa el trabajo de traducir los\narameismos). Nos dice la escritura que \u201cal momento se le abrieron los o\u00eddos, se\nle solt\u00f3 la traba de la lengua y hablaba sin dificultad\u201d.<\/p>\n\n\n\n<p>Vemos en este episodio el cumplimiento de la\nprofec\u00eda de Isa\u00edas, cuando anunciaba al pueblo exiliado en Babilonia que ser\u00eda\nrevestido con \u201cel esplendor del L\u00edbano\u201d, y que los o\u00eddos de los sordos se\nabrir\u00edan,\u2026 y la lengua de los mudos gritar\u00eda de alegr\u00eda (Is 35,2.5-6). Este\nmilagro es un signo inequ\u00edvoco de que la salvaci\u00f3n ha llegado en la persona de\nJes\u00fas. Los presentes parecen reconocerlo cuando \u201cen el colmo del asombro\ndec\u00edan: \u201cTodo lo ha hecho bien; hace o\u00edr a los sordos y hablar a los mudos\u201d. El\nhecho de que el milagro se realice en territorio pagano (al igual que el\nexorcismo que se nos presentaba en el pasaje que le\u00edamos ayer) apunta, adem\u00e1s, a\nla universalidad de esa salvaci\u00f3n.<\/p>\n\n\n\n<p>Al milagro le sigue la petici\u00f3n de Jes\u00fas de\nguardar silencio sobre el mismo (el llamado \u201csecreto mesi\u00e1nico\u201d, t\u00edpico del\nevangelio seg\u00fan san Marcos), y la proclamaci\u00f3n del mismo por todos los\npresentes. Esta es la reacci\u00f3n t\u00edpica de todo el que ha tenido la experiencia\nde Jes\u00fas; no puede evitarlo, tiene que compartirla con todos.<\/p>\n\n\n\n<p>En el rito del bautismo hay un momento que se\nllama precisamente <em>Effet\u00e1<\/em>, en el cual\nel ministro traza la se\u00f1al de la cruz sobre los o\u00eddos y boca del bautizando\nmientras pronuncia la misma palabra aramea que le dijo Jes\u00fas al \u201csordomudo\u201d del\nEvangelio de hoy. Esto, para que sus o\u00eddos se abran para escuchar la Palabra de\nDios y sus labios se abran para proclamarla.<\/p>\n\n\n\n<p>Antes a estas personas se les llamaba\n\u201csordomudos\u201d, pero ahora se les llama \u201csordos\u201d, pues se reconoce que su\ncondici\u00f3n es un problema de audici\u00f3n. No hablan porque no pueden escuchar;\nviven aislados en un mundo de silencio. As\u00ed mismo nos pasa a nosotros cuando nos\ncerramos a la Palabra de Dios. Pero si nos tornamos hacia \u00c9l y permitimos que\nsu Palabra sanadora penetre en nuestras almas, a\u00fan dentro de la sordera\nespiritual que hemos vivido, podremos escuchar ese <em>Effet\u00e1<\/em> potente y sonoro que nos librar\u00e1 de las cadenas del silencio\nespiritual. Y esa Palabra sanadora har\u00e1 brotar agua en el desierto de nuestras\nvidas, haciendo que esa agua brote de nosotros como un torrente (Is 35,7),\n\u201csalpicando\u201d a todo el que se cruce en nuestro camino.<\/p>\n<div style=\"padding-bottom:20px; padding-top:10px;\" class=\"hupso-share-buttons\"><!-- Hupso Share Buttons - https:\/\/www.hupso.com\/share\/ --><a class=\"hupso_toolbar\" href=\"https:\/\/www.hupso.com\/share\/\"><img src=\"http:\/\/static.hupso.com\/share\/buttons\/lang\/es\/share-medium.png\" style=\"border:0px; padding-top: 5px; float:left;\" alt=\"Share Button\"\/><\/a><script type=\"text\/javascript\">var hupso_services_t=new Array(\"Twitter\",\"Facebook\",\"Google Plus\",\"Pinterest\",\"Linkedin\",\"Email\",\"Print\");var hupso_background_t=\"#EAF4FF\";var hupso_border_t=\"#66CCFF\";var hupso_toolbar_size_t=\"medium\";var hupso_image_folder_url = \"\";var hupso_twitter_via=\"hectorops\";var hupso_url_t=\"\";var hupso_title_t=\"REFLEXI%C3%93N%20PARA%20EL%20VIERNES%20DE%20LA%20QUINTA%20SEMANA%20DEL%20T.O.%20%281%29%2012-02-21\";<\/script><script type=\"text\/javascript\" src=\"http:\/\/static.hupso.com\/share\/js\/share_toolbar.js\"><\/script><!-- Hupso Share Buttons --><\/div>","protected":false},"excerpt":{"rendered":"<p>El relato evang\u00e9lico que contemplamos en la liturgia para hoy (Mc 7,31-37) nos presenta el episodio de la curaci\u00f3n del sordomudo. Estando en territorio pagano, de regreso a Galilea (en las fronteras del L\u00edbano), le traen \u201cun sordo que, adem\u00e1s, &hellip; <a href=\"http:\/\/delamanodemaria.com\/?p=15027\">Continue reading <span class=\"meta-nav\">&rarr;<\/span><\/a><\/p>\n<div style=\"padding-bottom:20px; padding-top:10px;\" class=\"hupso-share-buttons\"><!-- Hupso Share Buttons - https:\/\/www.hupso.com\/share\/ --><a class=\"hupso_toolbar\" href=\"https:\/\/www.hupso.com\/share\/\"><img src=\"http:\/\/static.hupso.com\/share\/buttons\/lang\/es\/share-medium.png\" style=\"border:0px; padding-top: 5px; float:left;\" alt=\"Share Button\"\/><\/a><script type=\"text\/javascript\">var hupso_services_t=new Array(\"Twitter\",\"Facebook\",\"Google Plus\",\"Pinterest\",\"Linkedin\",\"Email\",\"Print\");var hupso_background_t=\"#EAF4FF\";var hupso_border_t=\"#66CCFF\";var hupso_toolbar_size_t=\"medium\";var hupso_image_folder_url = \"\";var hupso_twitter_via=\"hectorops\";var hupso_url_t=\"\";var hupso_title_t=\"REFLEXI%C3%93N%20PARA%20EL%20VIERNES%20DE%20LA%20QUINTA%20SEMANA%20DEL%20T.O.%20%281%29%2012-02-21\";<\/script><script type=\"text\/javascript\" src=\"http:\/\/static.hupso.com\/share\/js\/share_toolbar.js\"><\/script><!-- Hupso Share Buttons --><\/div>","protected":false},"author":1,"featured_media":13033,"comment_status":"open","ping_status":"open","sticky":false,"template":"","format":"standard","meta":{"jetpack_post_was_ever_published":false,"_jetpack_newsletter_access":"","_jetpack_newsletter_tier_id":0,"jetpack_publicize_message":"","jetpack_is_tweetstorm":false,"jetpack_publicize_feature_enabled":true,"jetpack_social_post_already_shared":true,"jetpack_social_options":{"image_generator_settings":{"template":"highway","enabled":false}}},"categories":[1],"tags":[3672,586,302,455,3200,2111,371,3673,1204,501,2810,1547,2,87,453,2809,1649,2510,1047,722],"jetpack_publicize_connections":[],"jetpack_featured_media_url":"http:\/\/delamanodemaria.com\/wp-content\/uploads\/2020\/02\/Effet\u00e1.jpg","jetpack_shortlink":"https:\/\/wp.me\/p3bBgS-3Un","jetpack_sharing_enabled":true,"jetpack_likes_enabled":true,"_links":{"self":[{"href":"http:\/\/delamanodemaria.com\/index.php?rest_route=\/wp\/v2\/posts\/15027"}],"collection":[{"href":"http:\/\/delamanodemaria.com\/index.php?rest_route=\/wp\/v2\/posts"}],"about":[{"href":"http:\/\/delamanodemaria.com\/index.php?rest_route=\/wp\/v2\/types\/post"}],"author":[{"embeddable":true,"href":"http:\/\/delamanodemaria.com\/index.php?rest_route=\/wp\/v2\/users\/1"}],"replies":[{"embeddable":true,"href":"http:\/\/delamanodemaria.com\/index.php?rest_route=%2Fwp%2Fv2%2Fcomments&post=15027"}],"version-history":[{"count":2,"href":"http:\/\/delamanodemaria.com\/index.php?rest_route=\/wp\/v2\/posts\/15027\/revisions"}],"predecessor-version":[{"id":15029,"href":"http:\/\/delamanodemaria.com\/index.php?rest_route=\/wp\/v2\/posts\/15027\/revisions\/15029"}],"wp:featuredmedia":[{"embeddable":true,"href":"http:\/\/delamanodemaria.com\/index.php?rest_route=\/wp\/v2\/media\/13033"}],"wp:attachment":[{"href":"http:\/\/delamanodemaria.com\/index.php?rest_route=%2Fwp%2Fv2%2Fmedia&parent=15027"}],"wp:term":[{"taxonomy":"category","embeddable":true,"href":"http:\/\/delamanodemaria.com\/index.php?rest_route=%2Fwp%2Fv2%2Fcategories&post=15027"},{"taxonomy":"post_tag","embeddable":true,"href":"http:\/\/delamanodemaria.com\/index.php?rest_route=%2Fwp%2Fv2%2Ftags&post=15027"}],"curies":[{"name":"wp","href":"https:\/\/api.w.org\/{rel}","templated":true}]}}