{"id":15093,"date":"2021-02-26T15:32:44","date_gmt":"2021-02-26T19:32:44","guid":{"rendered":"http:\/\/delamanodemaria.com\/?p=15093"},"modified":"2021-02-26T15:32:44","modified_gmt":"2021-02-26T19:32:44","slug":"reflexion-para-el-sabado-de-la-primera-semana-de-cuaresma-27-02-21","status":"publish","type":"post","link":"http:\/\/delamanodemaria.com\/?p=15093","title":{"rendered":"REFLEXI\u00d3N PARA EL S\u00c1BADO DE LA PRIMERA SEMANA DE CUARESMA 27-02-21"},"content":{"rendered":"\n<figure class=\"wp-block-image\"><img decoding=\"async\" loading=\"lazy\" width=\"655\" height=\"301\" src=\"http:\/\/delamanodemaria.com\/wp-content\/uploads\/2019\/09\/San-Juan-Pablo-II-y-Ali-Agca.jpg\" alt=\"\" class=\"wp-image-12214\" srcset=\"http:\/\/delamanodemaria.com\/wp-content\/uploads\/2019\/09\/San-Juan-Pablo-II-y-Ali-Agca.jpg 655w, http:\/\/delamanodemaria.com\/wp-content\/uploads\/2019\/09\/San-Juan-Pablo-II-y-Ali-Agca-300x138.jpg 300w, http:\/\/delamanodemaria.com\/wp-content\/uploads\/2019\/09\/San-Juan-Pablo-II-y-Ali-Agca-500x230.jpg 500w\" sizes=\"(max-width: 655px) 100vw, 655px\" \/><figcaption>&#8220;Amad a vuestros enemigos y rezad por los que os persiguen&#8221;.<\/figcaption><\/figure>\n\n\n\n<p>\u201cSed perfectos, como vuestro Padre celestial es perfecto\u201d. Con esa frase pronunciada por Jes\u00fas termina la lectura evang\u00e9lica que la liturgia nos propone para hoy (Mt 5,43-48). Y esa perfecci\u00f3n se manifiesta en el amor que Dios prodiga a toda la humanidad, sin distinci\u00f3n, a\u00fan sobre los que no le conocen, aquellos que lo ignoran, aquellos que lo odian. Esa es la medida que se nos exige. \u00a1Uf!<\/p>\n\n\n\n<p>\u201cHab\u00e9is o\u00eddo que se dijo: \u2018Amar\u00e1s a tu\npr\u00f3jimo\u2019 y aborrecer\u00e1s a tu enemigo. Yo, en cambio, os digo: Amad a vuestros\nenemigos, y rezad por los que os persiguen. As\u00ed ser\u00e9is hijos de vuestro Padre\nque est\u00e1 en el cielo, que hace salir su sol sobre malos y buenos, y manda la\nlluvia a justos e injustos. Porque, si am\u00e1is a los que os aman, \u00bfqu\u00e9 premio\ntendr\u00e9is? \u00bfNo hacen lo mismo tambi\u00e9n los publicanos?\u201d<\/p>\n\n\n\n<p>La ley del amor. Jes\u00fas la repite sin cansancio. No podemos acercarnos a \u00c9l sin toparnos de frente con ese mensaje. Jes\u00fas nos ofrece la filiaci\u00f3n divina (\u00a1qu\u00e9 regalo!). Hay un solo requisito: amar; amar sin distinci\u00f3n y sin excepciones, especialmente a aquellos que nos hacen la vida imposible, aquellos que nos traicionan, nos odian, aquellos que son \u201cdiferentes\u201d\u2026 Y m\u00e1s a\u00fan, orar por los que nos persiguen, los que nos hacen da\u00f1o. T\u00fa nos has mostrado el camino: \u201cPadre, perd\u00f3nalos, porque no saben lo que hacen\u201d (Lc 23,34). Se\u00f1or, \u00a1qu\u00e9 dif\u00edcil se nos hace seguirte!<\/p>\n\n\n\n<p>T\u00fa siempre nos hablas claro, sin dobleces: \u201cLes\ndoy un mandamiento nuevo: \u00e1mense los unos a los otros. As\u00ed como yo los he\namado, \u00e1mense tambi\u00e9n ustedes los unos a los otros\u201d (Jn 13,34). \u00bfNo ser\u00e1 eso\nnada m\u00e1s que un sue\u00f1o, un ideal, una ilusi\u00f3n, una quimera, una ingenuidad de Tu\nparte, Se\u00f1or?<\/p>\n\n\n\n<p>Pero T\u00fa nunca nos pides nada que no podamos\nlograr; y mientras m\u00e1s dif\u00edcil la encomienda, m\u00e1s cerca de nosotros est\u00e1s para\nayudarnos. En este caso nos dejaste el Esp\u00edritu de Verdad que iba a venir y\nhacer morada en nosotros: \u201cY yo rogar\u00e9 al Padre, y \u00e9l les dar\u00e1 otro Par\u00e1clito\npara que est\u00e9 siempre con ustedes: el Esp\u00edritu de la Verdad, a quien el mundo\nno puede recibir, porque no lo ve ni lo conoce. Ustedes, en cambio, lo conocen,\nporque \u00e9l permanece con ustedes y estar\u00e1 en ustedes\u201d (Jn 14,16-17).<\/p>\n\n\n\n<p>Durante este tiempo de Cuaresma la Iglesia nos hace un llamado a la conversi\u00f3n. Esa conversi\u00f3n de coraz\u00f3n es una obra de la Gracia de Dios. Como nos dice el libro de las Lamentaciones: \u201cConvi\u00e9rtenos Se\u00f1or, y nos convertiremos\u201d (Lm 5,21). Y esa Gracia que obra la conversi\u00f3n en nosotros la recibimos cuando le abrimos nuestro coraz\u00f3n a ese Esp\u00edritu de la Verdad y le permitimos que haga morada en nosotros; ese Esp\u00edritu que es el Amor entre el Padre y el Hijo que se derrama sobre nosotros. Solo entonces podremos decir con san Pablo: \u201cya no soy yo quien vive, es Cristo quien vive en m\u00ed\u201d (G\u00e1l 2,20).<\/p>\n\n\n\n<p>\u201cConvi\u00e9rtenos Se\u00f1or, y nos convertiremos\u201d.<\/p>\n<div style=\"padding-bottom:20px; padding-top:10px;\" class=\"hupso-share-buttons\"><!-- Hupso Share Buttons - https:\/\/www.hupso.com\/share\/ --><a class=\"hupso_toolbar\" href=\"https:\/\/www.hupso.com\/share\/\"><img src=\"http:\/\/static.hupso.com\/share\/buttons\/lang\/es\/share-medium.png\" style=\"border:0px; padding-top: 5px; float:left;\" alt=\"Share Button\"\/><\/a><script type=\"text\/javascript\">var hupso_services_t=new Array(\"Twitter\",\"Facebook\",\"Google Plus\",\"Pinterest\",\"Linkedin\",\"Email\",\"Print\");var hupso_background_t=\"#EAF4FF\";var hupso_border_t=\"#66CCFF\";var hupso_toolbar_size_t=\"medium\";var hupso_image_folder_url = \"\";var hupso_twitter_via=\"hectorops\";var hupso_url_t=\"\";var hupso_title_t=\"REFLEXI%C3%93N%20PARA%20EL%20S%C3%81BADO%20DE%20LA%20PRIMERA%20SEMANA%20DE%20CUARESMA%2027-02-21\";<\/script><script type=\"text\/javascript\" src=\"http:\/\/static.hupso.com\/share\/js\/share_toolbar.js\"><\/script><!-- Hupso Share Buttons --><\/div>","protected":false},"excerpt":{"rendered":"<p>\u201cSed perfectos, como vuestro Padre celestial es perfecto\u201d. Con esa frase pronunciada por Jes\u00fas termina la lectura evang\u00e9lica que la liturgia nos propone para hoy (Mt 5,43-48). Y esa perfecci\u00f3n se manifiesta en el amor que Dios prodiga a toda &hellip; <a href=\"http:\/\/delamanodemaria.com\/?p=15093\">Continue reading <span class=\"meta-nav\">&rarr;<\/span><\/a><\/p>\n<div style=\"padding-bottom:20px; padding-top:10px;\" class=\"hupso-share-buttons\"><!-- Hupso Share Buttons - https:\/\/www.hupso.com\/share\/ --><a class=\"hupso_toolbar\" href=\"https:\/\/www.hupso.com\/share\/\"><img src=\"http:\/\/static.hupso.com\/share\/buttons\/lang\/es\/share-medium.png\" style=\"border:0px; padding-top: 5px; float:left;\" alt=\"Share Button\"\/><\/a><script type=\"text\/javascript\">var hupso_services_t=new Array(\"Twitter\",\"Facebook\",\"Google Plus\",\"Pinterest\",\"Linkedin\",\"Email\",\"Print\");var hupso_background_t=\"#EAF4FF\";var hupso_border_t=\"#66CCFF\";var hupso_toolbar_size_t=\"medium\";var hupso_image_folder_url = \"\";var hupso_twitter_via=\"hectorops\";var hupso_url_t=\"\";var hupso_title_t=\"REFLEXI%C3%93N%20PARA%20EL%20S%C3%81BADO%20DE%20LA%20PRIMERA%20SEMANA%20DE%20CUARESMA%2027-02-21\";<\/script><script type=\"text\/javascript\" src=\"http:\/\/static.hupso.com\/share\/js\/share_toolbar.js\"><\/script><!-- Hupso Share Buttons --><\/div>","protected":false},"author":1,"featured_media":12214,"comment_status":"open","ping_status":"open","sticky":false,"template":"","format":"standard","meta":{"jetpack_post_was_ever_published":false,"_jetpack_newsletter_access":"","_jetpack_newsletter_tier_id":0,"jetpack_publicize_message":"","jetpack_is_tweetstorm":false,"jetpack_publicize_feature_enabled":true,"jetpack_social_post_already_shared":true,"jetpack_social_options":{"image_generator_settings":{"template":"highway","enabled":false}}},"categories":[1],"tags":[3700,534,2328,12,4,3740,547,2935,414,1389,2209,3111,139,3739,2208,428,2865,1856,2207,152,2211,2,3701,3702],"jetpack_publicize_connections":[],"jetpack_featured_media_url":"http:\/\/delamanodemaria.com\/wp-content\/uploads\/2019\/09\/San-Juan-Pablo-II-y-Ali-Agca.jpg","jetpack_shortlink":"https:\/\/wp.me\/p3bBgS-3Vr","jetpack_sharing_enabled":true,"jetpack_likes_enabled":true,"_links":{"self":[{"href":"http:\/\/delamanodemaria.com\/index.php?rest_route=\/wp\/v2\/posts\/15093"}],"collection":[{"href":"http:\/\/delamanodemaria.com\/index.php?rest_route=\/wp\/v2\/posts"}],"about":[{"href":"http:\/\/delamanodemaria.com\/index.php?rest_route=\/wp\/v2\/types\/post"}],"author":[{"embeddable":true,"href":"http:\/\/delamanodemaria.com\/index.php?rest_route=\/wp\/v2\/users\/1"}],"replies":[{"embeddable":true,"href":"http:\/\/delamanodemaria.com\/index.php?rest_route=%2Fwp%2Fv2%2Fcomments&post=15093"}],"version-history":[{"count":3,"href":"http:\/\/delamanodemaria.com\/index.php?rest_route=\/wp\/v2\/posts\/15093\/revisions"}],"predecessor-version":[{"id":15096,"href":"http:\/\/delamanodemaria.com\/index.php?rest_route=\/wp\/v2\/posts\/15093\/revisions\/15096"}],"wp:featuredmedia":[{"embeddable":true,"href":"http:\/\/delamanodemaria.com\/index.php?rest_route=\/wp\/v2\/media\/12214"}],"wp:attachment":[{"href":"http:\/\/delamanodemaria.com\/index.php?rest_route=%2Fwp%2Fv2%2Fmedia&parent=15093"}],"wp:term":[{"taxonomy":"category","embeddable":true,"href":"http:\/\/delamanodemaria.com\/index.php?rest_route=%2Fwp%2Fv2%2Fcategories&post=15093"},{"taxonomy":"post_tag","embeddable":true,"href":"http:\/\/delamanodemaria.com\/index.php?rest_route=%2Fwp%2Fv2%2Ftags&post=15093"}],"curies":[{"name":"wp","href":"https:\/\/api.w.org\/{rel}","templated":true}]}}