{"id":15182,"date":"2021-03-16T17:46:53","date_gmt":"2021-03-16T21:46:53","guid":{"rendered":"http:\/\/delamanodemaria.com\/?p=15182"},"modified":"2021-03-16T17:47:40","modified_gmt":"2021-03-16T21:47:40","slug":"reflexion-para-el-miercoles-de-la-cuarta-semana-de-cuaresma-17-03-21","status":"publish","type":"post","link":"http:\/\/delamanodemaria.com\/?p=15182","title":{"rendered":"REFLEXI\u00d3N PARA EL MI\u00c9RCOLES DE LA CUARTA SEMANA DE CUARESMA 17-03-21"},"content":{"rendered":"\n<figure class=\"wp-block-image\"><img decoding=\"async\" loading=\"lazy\" width=\"728\" height=\"546\" src=\"http:\/\/delamanodemaria.com\/wp-content\/uploads\/2019\/04\/el-hijo-de-sus-entra\u00f1as-isaias-49.jpg\" alt=\"\" class=\"wp-image-11457\" srcset=\"http:\/\/delamanodemaria.com\/wp-content\/uploads\/2019\/04\/el-hijo-de-sus-entra\u00f1as-isaias-49.jpg 728w, http:\/\/delamanodemaria.com\/wp-content\/uploads\/2019\/04\/el-hijo-de-sus-entra\u00f1as-isaias-49-300x225.jpg 300w, http:\/\/delamanodemaria.com\/wp-content\/uploads\/2019\/04\/el-hijo-de-sus-entra\u00f1as-isaias-49-400x300.jpg 400w\" sizes=\"(max-width: 728px) 100vw, 728px\" \/><\/figure>\n\n\n\n<p class=\"has-drop-cap\">La liturgia para este mi\u00e9rcoles de la cuarta\nsemana de Cuaresma comienza present\u00e1ndonos la contraposici\u00f3n entre las\ntinieblas y la luz, pero esta vez por voz del profeta Isa\u00edas (49,8-15): \u201cEn\ntiempo de gracia te he respondido, en d\u00eda propicio te he auxiliado; te he\ndefendido y constituido alianza del pueblo, para restaurar el pa\u00eds, para\nrepartir heredades desoladas, para decir a los cautivos: \u2018Salid\u2019, a los que\nest\u00e1n en tinieblas: \u2018Venid a la luz\u2019\u201d.<\/p>\n\n\n\n<p>Este pasaje, tomado del \u201cSegundo Isa\u00edas\u201d o\nLibro de la consolaci\u00f3n, y escrito por un profeta an\u00f3nimo durante el exilio en\nBabilonia, pretende consolar y alentar al pueblo, anunci\u00e1ndoles un segundo\n\u00e9xodo de vuelta a Jerusal\u00e9n. De paso, su or\u00e1culo prefigura la llegada del\nMes\u00edas tan esperado por el pueblo de Israel, con las palabras que ser\u00e1n tomadas\npor Juan Bautista y que resuenan al comienzo del Adviento: \u201cConvertir\u00e9 mis\nmontes en caminos, y mis senderos se nivelar\u00e1n\u201d (<em>Cfr<\/em>. Lc 3,4-5).<\/p>\n\n\n\n<p>Esta primera lectura termina con uno de los\nvers\u00edculos m\u00e1s tiernos del Antiguo Testamento y de toda a Biblia: \u201c\u00bfPuede una\nmadre olvidar al ni\u00f1o que amamanta, no tener compasi\u00f3n del hijo de sus entra\u00f1as?\nPues, aunque ella se olvide, yo no te olvidar\u00e9\u201d. Tan grande es el amor de Dios\npor cada uno de nosotros. Un amor que tiene m\u00e1s rasgos de amor materno que\npaterno. De hecho, si examinamos el Antiguo Testamento libres de las\n\u201cgr\u00edngolas\u201d de la tradici\u00f3n patriarcal del pueblo jud\u00edo (y heredada por\nnosotros), encontramos que pocas veces se refiere a Dios como \u201cpadre\u201d, y las\nveces que lo hace, es como sin\u00f3nimo de \u201cSe\u00f1or\u201d.<\/p>\n\n\n\n<p>Por el contrario, sobre todo cada vez que\nhabla del amor y la misericordia divinos, lo hace con rasgos maternales, como\nlo hace en el pasaje que contemplamos hoy, y en otro que no puedo dejar de\nmencionar; el pasaje de Oseas (11,1.3-4) que nos presenta a un Dios-Madre que\nse inclina sobre su hijo para amamantarlo: \u201cCuando Israel era ni\u00f1o, yo le am\u00e9,\ny de Egipto llam\u00e9 a mi hijo. Yo ense\u00f1\u00e9 a Efra\u00edm a caminar, tom\u00e1ndole por los\nbrazos, pero ellos no conocieron que yo cuidaba de ellos. Con cuerdas humanas\nlos atra\u00eda, con lazos de amor, y era para ellos como los que alzan a un ni\u00f1o\ncontra su mejilla, me inclinaba hacia \u00e9l y le daba de comer\u201d.<\/p>\n\n\n\n<p>Esto nos remite al vocablo hebreo utilizado en\nel Antiguo Testamento para definir la \u201cmisericordia\u201d (<em>Cfr<\/em>. Salmo 50): <em>rah\nmin<\/em>, que en su ra\u00edz se deriva de la palabra <em>rehem<\/em>, que se refiere a\nla matriz o el \u00fatero materno. De ah\u00ed las continuas referencias al amor de Dios\npor el \u201chijo de sus entra\u00f1as\u201d, especialmente en la literatura prof\u00e9tica. Se\ntrata de un amor gratuito, no fruto de ning\u00fan m\u00e9rito de nuestra parte. Dios nos\nama a cada uno de nosotros tal y como somos, como solo una madre puede hacerlo,\ncon todos nuestros pecados, nuestras miserias. Por eso quiere nuestra\nsalvaci\u00f3n, por eso nos espera como el padre del hijo pr\u00f3digo (Lc 15,11-32) para\nfundirse con nosotros en un abrazo, que tal parece quisiera llevarnos de vuelta\nal <em>rehem<\/em> de donde salimos.<\/p>\n\n\n\n<p>Se\u00f1or, durante esta Cuaresma, inunda todo mi\nser con tu Santo Esp\u00edritu, para que pueda sentir ese amor incondicional que me\nhaga arrepentirme de todos mis pecados y postrarme ante Ti con la certeza de\nque \u201cun coraz\u00f3n contrito y humillado, oh Dios, no lo desprecias\u201d (Sal 50,19).<\/p>\n<div style=\"padding-bottom:20px; padding-top:10px;\" class=\"hupso-share-buttons\"><!-- Hupso Share Buttons - https:\/\/www.hupso.com\/share\/ --><a class=\"hupso_toolbar\" href=\"https:\/\/www.hupso.com\/share\/\"><img src=\"http:\/\/static.hupso.com\/share\/buttons\/lang\/es\/share-medium.png\" style=\"border:0px; padding-top: 5px; float:left;\" alt=\"Share Button\"\/><\/a><script type=\"text\/javascript\">var hupso_services_t=new Array(\"Twitter\",\"Facebook\",\"Google Plus\",\"Pinterest\",\"Linkedin\",\"Email\",\"Print\");var hupso_background_t=\"#EAF4FF\";var hupso_border_t=\"#66CCFF\";var hupso_toolbar_size_t=\"medium\";var hupso_image_folder_url = \"\";var hupso_twitter_via=\"hectorops\";var hupso_url_t=\"\";var hupso_title_t=\"REFLEXI%C3%93N%20PARA%20EL%20MI%C3%89RCOLES%20DE%20LA%20CUARTA%20SEMANA%20DE%20CUARESMA%2017-03-21\";<\/script><script type=\"text\/javascript\" src=\"http:\/\/static.hupso.com\/share\/js\/share_toolbar.js\"><\/script><!-- Hupso Share Buttons --><\/div>","protected":false},"excerpt":{"rendered":"<p>La liturgia para este mi\u00e9rcoles de la cuarta semana de Cuaresma comienza present\u00e1ndonos la contraposici\u00f3n entre las tinieblas y la luz, pero esta vez por voz del profeta Isa\u00edas (49,8-15): \u201cEn tiempo de gracia te he respondido, en d\u00eda propicio &hellip; <a href=\"http:\/\/delamanodemaria.com\/?p=15182\">Continue reading <span class=\"meta-nav\">&rarr;<\/span><\/a><\/p>\n<div style=\"padding-bottom:20px; padding-top:10px;\" class=\"hupso-share-buttons\"><!-- Hupso Share Buttons - https:\/\/www.hupso.com\/share\/ --><a class=\"hupso_toolbar\" href=\"https:\/\/www.hupso.com\/share\/\"><img src=\"http:\/\/static.hupso.com\/share\/buttons\/lang\/es\/share-medium.png\" style=\"border:0px; padding-top: 5px; float:left;\" alt=\"Share Button\"\/><\/a><script type=\"text\/javascript\">var hupso_services_t=new Array(\"Twitter\",\"Facebook\",\"Google Plus\",\"Pinterest\",\"Linkedin\",\"Email\",\"Print\");var hupso_background_t=\"#EAF4FF\";var hupso_border_t=\"#66CCFF\";var hupso_toolbar_size_t=\"medium\";var hupso_image_folder_url = \"\";var hupso_twitter_via=\"hectorops\";var hupso_url_t=\"\";var hupso_title_t=\"REFLEXI%C3%93N%20PARA%20EL%20MI%C3%89RCOLES%20DE%20LA%20CUARTA%20SEMANA%20DE%20CUARESMA%2017-03-21\";<\/script><script type=\"text\/javascript\" src=\"http:\/\/static.hupso.com\/share\/js\/share_toolbar.js\"><\/script><!-- Hupso Share Buttons --><\/div>","protected":false},"author":1,"featured_media":11457,"comment_status":"open","ping_status":"open","sticky":false,"template":"","format":"standard","meta":{"jetpack_post_was_ever_published":false,"_jetpack_newsletter_access":"","_jetpack_newsletter_tier_id":0,"jetpack_publicize_message":"","jetpack_is_tweetstorm":false,"jetpack_publicize_feature_enabled":true,"jetpack_social_post_already_shared":true,"jetpack_social_options":{"image_generator_settings":{"template":"highway","enabled":false}}},"categories":[1],"tags":[534,2903,1939,1719,4,485,29,1878,1781,160,2025,563,1879,2,841,733,1049],"jetpack_publicize_connections":[],"jetpack_featured_media_url":"http:\/\/delamanodemaria.com\/wp-content\/uploads\/2019\/04\/el-hijo-de-sus-entra\u00f1as-isaias-49.jpg","jetpack_shortlink":"https:\/\/wp.me\/p3bBgS-3WS","jetpack_sharing_enabled":true,"jetpack_likes_enabled":true,"_links":{"self":[{"href":"http:\/\/delamanodemaria.com\/index.php?rest_route=\/wp\/v2\/posts\/15182"}],"collection":[{"href":"http:\/\/delamanodemaria.com\/index.php?rest_route=\/wp\/v2\/posts"}],"about":[{"href":"http:\/\/delamanodemaria.com\/index.php?rest_route=\/wp\/v2\/types\/post"}],"author":[{"embeddable":true,"href":"http:\/\/delamanodemaria.com\/index.php?rest_route=\/wp\/v2\/users\/1"}],"replies":[{"embeddable":true,"href":"http:\/\/delamanodemaria.com\/index.php?rest_route=%2Fwp%2Fv2%2Fcomments&post=15182"}],"version-history":[{"count":3,"href":"http:\/\/delamanodemaria.com\/index.php?rest_route=\/wp\/v2\/posts\/15182\/revisions"}],"predecessor-version":[{"id":15185,"href":"http:\/\/delamanodemaria.com\/index.php?rest_route=\/wp\/v2\/posts\/15182\/revisions\/15185"}],"wp:featuredmedia":[{"embeddable":true,"href":"http:\/\/delamanodemaria.com\/index.php?rest_route=\/wp\/v2\/media\/11457"}],"wp:attachment":[{"href":"http:\/\/delamanodemaria.com\/index.php?rest_route=%2Fwp%2Fv2%2Fmedia&parent=15182"}],"wp:term":[{"taxonomy":"category","embeddable":true,"href":"http:\/\/delamanodemaria.com\/index.php?rest_route=%2Fwp%2Fv2%2Fcategories&post=15182"},{"taxonomy":"post_tag","embeddable":true,"href":"http:\/\/delamanodemaria.com\/index.php?rest_route=%2Fwp%2Fv2%2Ftags&post=15182"}],"curies":[{"name":"wp","href":"https:\/\/api.w.org\/{rel}","templated":true}]}}