{"id":15362,"date":"2021-04-19T18:54:00","date_gmt":"2021-04-19T22:54:00","guid":{"rendered":"http:\/\/delamanodemaria.com\/?p=15362"},"modified":"2021-04-19T18:54:00","modified_gmt":"2021-04-19T22:54:00","slug":"reflexion-para-el-martes-de-la-tercera-semana-de-pascua-20-04-21","status":"publish","type":"post","link":"http:\/\/delamanodemaria.com\/?p=15362","title":{"rendered":"REFLEXI\u00d3N PARA EL MARTES DE LA TERCERA SEMANA DE PASCUA 20-04-21"},"content":{"rendered":"\n<figure class=\"wp-block-image\"><img decoding=\"async\" loading=\"lazy\" width=\"672\" height=\"372\" src=\"http:\/\/delamanodemaria.com\/wp-content\/uploads\/2021\/04\/Esteban-martirio2.png\" alt=\"\" class=\"wp-image-15365\" srcset=\"http:\/\/delamanodemaria.com\/wp-content\/uploads\/2021\/04\/Esteban-martirio2.png 672w, http:\/\/delamanodemaria.com\/wp-content\/uploads\/2021\/04\/Esteban-martirio2-300x166.png 300w, http:\/\/delamanodemaria.com\/wp-content\/uploads\/2021\/04\/Esteban-martirio2-500x277.png 500w\" sizes=\"(max-width: 672px) 100vw, 672px\" \/><figcaption>\u201cSe\u00f1or Jes\u00fas, recibe mi esp\u00edritu\u201d\u2026 \u201cSe\u00f1or, no les tengas en cuenta este pecado\u201d. <\/figcaption><\/figure>\n\n\n\n<p class=\"has-drop-cap\">Continuamos nuestra ruta Pascual en la\nliturgia. Como primera lectura (Hc 7,51-8,1a) retomamos la historia de Esteban.\nSan Esteban, di\u00e1cono, se hab\u00eda convertido en un predicador fogoso, lleno del\nEsp\u00edritu Santo, que le daba palabra y valent\u00eda para enfrentar a sus\nperseguidores. Hoy se nos presenta su testimonio final del martirio.<\/p>\n\n\n\n<p>Esteban continu\u00f3 denunciando a sus\ninterlocutores y acus\u00e1ndolos de no haber reconocido al Mes\u00edas y de haberle dado\nmuerte. Esto enfureci\u00f3 tanto a los ancianos y escribas que decidieron darle\nmuerte. La Escritura nos dice que antes de que lo asesinaran Esteban \u201clleno de\nEsp\u00edritu Santo\u201d tuvo una visi\u00f3n: \u201cvio la gloria de Dios, y a Jes\u00fas de pie a la\nderecha de Dios\u201d. Fue como si el Se\u00f1or quisiera confirmarle que su fe era\nfundada. \u00a1Jes\u00fas vive!, el Resucitado est\u00e1 ya en la Gloria a la derecha del\nPadre, y justo antes de entregar su vida por esa verdad, esta le fue revelada\npor parte del Padre.<\/p>\n\n\n\n<p>Aqu\u00ed Lucas nos presenta un paralelismo entre\nla muerte de Esteban y la de Jes\u00fas. Ambos fueron llevados ante el Sanedr\u00edn y\nacusados con falsos testimonios, ambos son ajusticiados fuera de la ciudad, y\nambos encomiendan su esp\u00edritu a Dios y piden perd\u00f3n para sus victimarios: \u201cSe\u00f1or\nJes\u00fas, recibe mi esp\u00edritu\u201d\u2026 \u201cSe\u00f1or, no les tengas en cuenta este pecado\u201d.<\/p>\n\n\n\n<p>Siempre que leo este pasaje la pregunta es\nobligada. Enfrentado con la misma situaci\u00f3n, \u00bfactuar\u00eda yo con la misma valent\u00eda\nque Esteban? Estamos celebrando la Pascua en la que se nos invita a creer que\nJes\u00fas resucit\u00f3, m\u00e1s no solo como un hecho hist\u00f3rico o algo te\u00f3rico, sino que\nestamos llamados a \u201cvivir\u201d esa misma Pascua, a imitar a Cristo, quien nos am\u00f3\nhasta el extremo, al punto de dar su vida por nosotros.<\/p>\n\n\n\n<p>Cuando tomamos el paso y damos el \u201cs\u00ed\u201d\ndefinitivo a Jes\u00fas y a su Evangelio, vamos a enfrentar dificultades, pruebas,\npersecuciones, burlas\u2026 Nuestras palabras van a resultar \u201cinc\u00f3modas\u201d para mucha\ngente, y la reacci\u00f3n no se har\u00e1 esperar. Y cuando no encuentren argumentos para\nrebatirnos, recurrir\u00e1n a la calumnia y los falsos testigos. Con toda\nprobabilidad nunca nos veamos obligados a ofrendar nuestras vidas, pero nos\nencontraremos en situaciones que nos har\u00e1n preguntarnos si vale la pena seguir\nadelante. Es en esos momentos que debemos recordar el ejemplo del di\u00e1cono\nEsteban.<\/p>\n\n\n\n<p>La lectura evang\u00e9lica es continuaci\u00f3n de la de\nayer y sigue present\u00e1ndonos el \u201cdiscurso del pan de vida\u201d del cap\u00edtulo 6 de\nJuan (6,30-35). La conversaci\u00f3n entre Jes\u00fas y la multitud que hab\u00eda alimentado\nen la multiplicaci\u00f3n, gira en torno a la diferencia entre el pan que Mois\u00e9s\n\u201cdio\u201d al pueblo en el desierto y el pan de Dios, \u201cque es el que baja del cielo\ny da vida al mundo\u201d (<em>Cfr<\/em>. Sal 77,24).\nCuando la multitud, cautivada por esa promesa le dice: \u201cSe\u00f1or, danos siempre de\neste pan\u201d, Jes\u00fas responde con uno de los siete <em>\u201cYo soy\u201d<\/em> que encontramos en el relato de Juan: \u201cYo soy el pan de la\nvida. El que viene a m\u00ed no pasar\u00e1 hambre, y el que cree en m\u00ed nunca pasar\u00e1 sed\u201d.<\/p>\n\n\n\n<p>Nuestra fe Pascual nos permite reconocer a\nJes\u00fas, glorioso y resucitado, como el \u201cpan de vida\u201d que se nos da a S\u00ed mismo en\nlas especies eucar\u00edsticas, y que es el \u00fanico capaz de saciar todas nuestras\nhambres, especialmente el hambre de esa vida eterna que podemos comenzar a\ndisfrutar desde ahora si nos unimos a \u00c9l en la Eucarist\u00eda, \u201cel pan que baja del\ncielo y da vida al mundo\u201d.<\/p>\n<div style=\"padding-bottom:20px; padding-top:10px;\" class=\"hupso-share-buttons\"><!-- Hupso Share Buttons - https:\/\/www.hupso.com\/share\/ --><a class=\"hupso_toolbar\" href=\"https:\/\/www.hupso.com\/share\/\"><img src=\"http:\/\/static.hupso.com\/share\/buttons\/lang\/es\/share-medium.png\" style=\"border:0px; padding-top: 5px; float:left;\" alt=\"Share Button\"\/><\/a><script type=\"text\/javascript\">var hupso_services_t=new Array(\"Twitter\",\"Facebook\",\"Google Plus\",\"Pinterest\",\"Linkedin\",\"Email\",\"Print\");var hupso_background_t=\"#EAF4FF\";var hupso_border_t=\"#66CCFF\";var hupso_toolbar_size_t=\"medium\";var hupso_image_folder_url = \"\";var hupso_twitter_via=\"hectorops\";var hupso_url_t=\"\";var hupso_title_t=\"REFLEXI%C3%93N%20PARA%20EL%20MARTES%20DE%20LA%20TERCERA%20SEMANA%20DE%20PASCUA%2020-04-21\";<\/script><script type=\"text\/javascript\" src=\"http:\/\/static.hupso.com\/share\/js\/share_toolbar.js\"><\/script><!-- Hupso Share Buttons --><\/div>","protected":false},"excerpt":{"rendered":"<p>Continuamos nuestra ruta Pascual en la liturgia. Como primera lectura (Hc 7,51-8,1a) retomamos la historia de Esteban. San Esteban, di\u00e1cono, se hab\u00eda convertido en un predicador fogoso, lleno del Esp\u00edritu Santo, que le daba palabra y valent\u00eda para enfrentar a &hellip; <a href=\"http:\/\/delamanodemaria.com\/?p=15362\">Continue reading <span class=\"meta-nav\">&rarr;<\/span><\/a><\/p>\n<div style=\"padding-bottom:20px; padding-top:10px;\" class=\"hupso-share-buttons\"><!-- Hupso Share Buttons - https:\/\/www.hupso.com\/share\/ --><a class=\"hupso_toolbar\" href=\"https:\/\/www.hupso.com\/share\/\"><img src=\"http:\/\/static.hupso.com\/share\/buttons\/lang\/es\/share-medium.png\" style=\"border:0px; padding-top: 5px; float:left;\" alt=\"Share Button\"\/><\/a><script type=\"text\/javascript\">var hupso_services_t=new Array(\"Twitter\",\"Facebook\",\"Google Plus\",\"Pinterest\",\"Linkedin\",\"Email\",\"Print\");var hupso_background_t=\"#EAF4FF\";var hupso_border_t=\"#66CCFF\";var hupso_toolbar_size_t=\"medium\";var hupso_image_folder_url = \"\";var hupso_twitter_via=\"hectorops\";var hupso_url_t=\"\";var hupso_title_t=\"REFLEXI%C3%93N%20PARA%20EL%20MARTES%20DE%20LA%20TERCERA%20SEMANA%20DE%20PASCUA%2020-04-21\";<\/script><script type=\"text\/javascript\" src=\"http:\/\/static.hupso.com\/share\/js\/share_toolbar.js\"><\/script><!-- Hupso Share Buttons --><\/div>","protected":false},"author":1,"featured_media":0,"comment_status":"open","ping_status":"open","sticky":false,"template":"","format":"standard","meta":{"jetpack_post_was_ever_published":false,"_jetpack_newsletter_access":"","_jetpack_newsletter_tier_id":0,"jetpack_publicize_message":"","jetpack_is_tweetstorm":false,"jetpack_publicize_feature_enabled":true,"jetpack_social_post_already_shared":true,"jetpack_social_options":{"image_generator_settings":{"template":"highway","enabled":false}}},"categories":[1],"tags":[3837,481,880,774,29,2241,517,2157,1200,137,2972,1949,1297,238,90,1006,4723,2017,42,2,519,3355,36,86,3876],"jetpack_publicize_connections":[],"jetpack_featured_media_url":"","jetpack_shortlink":"https:\/\/wp.me\/p3bBgS-3ZM","jetpack_sharing_enabled":true,"jetpack_likes_enabled":true,"_links":{"self":[{"href":"http:\/\/delamanodemaria.com\/index.php?rest_route=\/wp\/v2\/posts\/15362"}],"collection":[{"href":"http:\/\/delamanodemaria.com\/index.php?rest_route=\/wp\/v2\/posts"}],"about":[{"href":"http:\/\/delamanodemaria.com\/index.php?rest_route=\/wp\/v2\/types\/post"}],"author":[{"embeddable":true,"href":"http:\/\/delamanodemaria.com\/index.php?rest_route=\/wp\/v2\/users\/1"}],"replies":[{"embeddable":true,"href":"http:\/\/delamanodemaria.com\/index.php?rest_route=%2Fwp%2Fv2%2Fcomments&post=15362"}],"version-history":[{"count":3,"href":"http:\/\/delamanodemaria.com\/index.php?rest_route=\/wp\/v2\/posts\/15362\/revisions"}],"predecessor-version":[{"id":15366,"href":"http:\/\/delamanodemaria.com\/index.php?rest_route=\/wp\/v2\/posts\/15362\/revisions\/15366"}],"wp:attachment":[{"href":"http:\/\/delamanodemaria.com\/index.php?rest_route=%2Fwp%2Fv2%2Fmedia&parent=15362"}],"wp:term":[{"taxonomy":"category","embeddable":true,"href":"http:\/\/delamanodemaria.com\/index.php?rest_route=%2Fwp%2Fv2%2Fcategories&post=15362"},{"taxonomy":"post_tag","embeddable":true,"href":"http:\/\/delamanodemaria.com\/index.php?rest_route=%2Fwp%2Fv2%2Ftags&post=15362"}],"curies":[{"name":"wp","href":"https:\/\/api.w.org\/{rel}","templated":true}]}}