{"id":15385,"date":"2021-04-25T17:25:51","date_gmt":"2021-04-25T21:25:51","guid":{"rendered":"http:\/\/delamanodemaria.com\/?p=15385"},"modified":"2021-04-25T17:25:51","modified_gmt":"2021-04-25T21:25:51","slug":"reflexion-para-el-lunes-de-la-cuarta-semana-de-pascua-26-04-21","status":"publish","type":"post","link":"http:\/\/delamanodemaria.com\/?p=15385","title":{"rendered":"REFLEXI\u00d3N PARA EL LUNES DE LA CUARTA SEMANA DE PASCUA 26-04-21"},"content":{"rendered":"\n<figure class=\"wp-block-image\"><img decoding=\"async\" loading=\"lazy\" width=\"600\" height=\"314\" src=\"http:\/\/delamanodemaria.com\/wp-content\/uploads\/2021\/04\/Yo-soy-la-puerta-2.jpg\" alt=\"\" class=\"wp-image-15387\" srcset=\"http:\/\/delamanodemaria.com\/wp-content\/uploads\/2021\/04\/Yo-soy-la-puerta-2.jpg 600w, http:\/\/delamanodemaria.com\/wp-content\/uploads\/2021\/04\/Yo-soy-la-puerta-2-300x157.jpg 300w, http:\/\/delamanodemaria.com\/wp-content\/uploads\/2021\/04\/Yo-soy-la-puerta-2-500x262.jpg 500w\" sizes=\"(max-width: 600px) 100vw, 600px\" \/><\/figure>\n\n\n\n<p class=\"has-drop-cap\">Hoy damos un paso atr\u00e1s en la liturgia para leer el pasaje que antecede al <a href=\"http:\/\/delamanodemaria.com\/?p=15382\">Evangelio que ley\u00e9ramos ayer, domingo del Buen Pastor<\/a>. La lectura evang\u00e9lica de hoy es el comienzo del cap\u00edtulo 10 (1-10) del evangelio seg\u00fan san Juan. En este cap\u00edtulo Juan desarrolla la alegor\u00eda del Pastor y las ovejas para referirse a la relaci\u00f3n entre Jes\u00fas y nosotros. Hoy le a\u00f1ade un nuevo elemento a la alegor\u00eda: Nos presenta a Jes\u00fas, no solo como el pastor, sino como la \u201cpuerta\u201d del aprisco de las ovejas. El aprisco es el lugar donde los pastores recogen sus reba\u00f1os para resguardarlos del fr\u00edo o de la intemperie, mientras uno de ellos vigila toda la noche. Al amanecer, cuando van a llevar las ovejas a pastar, cada cual llama a las suyas y estas responden a su voz, o a su silbido particular.<\/p>\n\n\n\n<p>Por eso Jes\u00fas comienza reiterando que las\novejas conocen su voz, que \u00c9l llama a cada una por su nombre y, una vez afuera,\nlas ovejas le siguen \u201cporque conocen su voz\u201d. Como los que le escuchaban (que\neran fariseos) parecieron no comprenderle, Jes\u00fas les propuso otra alegor\u00eda: \u201cOs\naseguro que yo soy la puerta de las ovejas. Todos los que han venido antes de\nm\u00ed son ladrones y bandidos: pero las ovejas no los escucharon. Yo soy la\npuerta: quien entra por m\u00ed, se salvar\u00e1, y podr\u00e1 entrar y salir, y encontrar\u00e1\npastos. El ladr\u00f3n no entra sino para robar y matar y hacer estrago: yo he\nvenido para que tengan vida y la tengan abundante\u201d. Otro de los siete \u201cYo soy\u201d\nque Juan pone en boca de Jes\u00fas y nos apuntan a la divinidad de Jes\u00fas (<em>Cfr<\/em>. Ex 3,14).<\/p>\n\n\n\n<p>Vemos c\u00f3mo en este pasaje la alegor\u00eda de la\n\u201cPuerta\u201d adquiere mayor relieve que la del \u201cPastor\u201d. Jes\u00fas se nos presenta hoy\ncomo la \u201cpuerta de las ovejas\u201d, el \u00fanico Mediador que puede alcanzarnos la\nsalvaci\u00f3n que \u00c9l ha obtenido para nosotros en virtud de su Misterio Pascual (pasi\u00f3n-muerte-resurrecci\u00f3n).\nEl mismo Pastor que nos conduce a verdes praderas y aguas tranquilas (Sal\n23,2), se convierte en la Puerta que nos da acceso a esas praderas y aguas a\ntrav\u00e9s de la \u201ccortina\u201d, es decir, a trav\u00e9s de su carne. \u201cTenemos plena\nseguridad de que podemos entrar en el Santuario por la sangre de Jes\u00fas, siguiendo\nel camino nuevo y viviente que \u00c9l nos abri\u00f3 a trav\u00e9s del velo del Templo, que\nes su carne\u201d (Hb 10,19; <em>Cfr<\/em>. Mt 27,51).<\/p>\n\n\n\n<p>Jes\u00fas nos est\u00e1 pidiendo que le sigamos, y ese\nseguimiento incluye seguirlo hasta el Calvario, en donde la sangre derramada del\nCordero se convierte en la Puerta que ha de conducirnos a la vida eterna: \u201cYo he\nvenido para que tengan vida y la tengan abundante\u201d.<\/p>\n\n\n\n<p>Esa es la misi\u00f3n de Jes\u00fas, dar vida a\nnosotros, sus ovejas, inclusive ofreciendo su propia vida para que podamos\nobtenerla. Jes\u00fas-Puerta nos abre a un nuevo espacio infinito y eterno, en donde\ntodo el que le siga tiene cabida, como nos muestra la primera lectura de hoy,\ncon la predicaci\u00f3n del Evangelio de Jes\u00fas por parte de Pedro a los paganos (Hc\n11,1-18).<\/p>\n\n\n\n<p>El Buen Pastor te ha llamado por tu nombre.\n\u00bfLo vas a seguir?<\/p>\n<div style=\"padding-bottom:20px; padding-top:10px;\" class=\"hupso-share-buttons\"><!-- Hupso Share Buttons - https:\/\/www.hupso.com\/share\/ --><a class=\"hupso_toolbar\" href=\"https:\/\/www.hupso.com\/share\/\"><img src=\"http:\/\/static.hupso.com\/share\/buttons\/lang\/es\/share-medium.png\" style=\"border:0px; padding-top: 5px; float:left;\" alt=\"Share Button\"\/><\/a><script type=\"text\/javascript\">var hupso_services_t=new Array(\"Twitter\",\"Facebook\",\"Google Plus\",\"Pinterest\",\"Linkedin\",\"Email\",\"Print\");var hupso_background_t=\"#EAF4FF\";var hupso_border_t=\"#66CCFF\";var hupso_toolbar_size_t=\"medium\";var hupso_image_folder_url = \"\";var hupso_twitter_via=\"hectorops\";var hupso_url_t=\"\";var hupso_title_t=\"REFLEXI%C3%93N%20PARA%20EL%20LUNES%20DE%20LA%20CUARTA%20SEMANA%20DE%20PASCUA%2026-04-21\";<\/script><script type=\"text\/javascript\" src=\"http:\/\/static.hupso.com\/share\/js\/share_toolbar.js\"><\/script><!-- Hupso Share Buttons --><\/div>","protected":false},"excerpt":{"rendered":"<p>Hoy damos un paso atr\u00e1s en la liturgia para leer el pasaje que antecede al Evangelio que ley\u00e9ramos ayer, domingo del Buen Pastor. La lectura evang\u00e9lica de hoy es el comienzo del cap\u00edtulo 10 (1-10) del evangelio seg\u00fan san Juan. &hellip; <a href=\"http:\/\/delamanodemaria.com\/?p=15385\">Continue reading <span class=\"meta-nav\">&rarr;<\/span><\/a><\/p>\n<div style=\"padding-bottom:20px; padding-top:10px;\" class=\"hupso-share-buttons\"><!-- Hupso Share Buttons - https:\/\/www.hupso.com\/share\/ --><a class=\"hupso_toolbar\" href=\"https:\/\/www.hupso.com\/share\/\"><img src=\"http:\/\/static.hupso.com\/share\/buttons\/lang\/es\/share-medium.png\" style=\"border:0px; padding-top: 5px; float:left;\" alt=\"Share Button\"\/><\/a><script type=\"text\/javascript\">var hupso_services_t=new Array(\"Twitter\",\"Facebook\",\"Google Plus\",\"Pinterest\",\"Linkedin\",\"Email\",\"Print\");var hupso_background_t=\"#EAF4FF\";var hupso_border_t=\"#66CCFF\";var hupso_toolbar_size_t=\"medium\";var hupso_image_folder_url = \"\";var hupso_twitter_via=\"hectorops\";var hupso_url_t=\"\";var hupso_title_t=\"REFLEXI%C3%93N%20PARA%20EL%20LUNES%20DE%20LA%20CUARTA%20SEMANA%20DE%20PASCUA%2026-04-21\";<\/script><script type=\"text\/javascript\" src=\"http:\/\/static.hupso.com\/share\/js\/share_toolbar.js\"><\/script><!-- Hupso Share Buttons --><\/div>","protected":false},"author":1,"featured_media":15387,"comment_status":"open","ping_status":"open","sticky":false,"template":"","format":"standard","meta":{"jetpack_post_was_ever_published":false,"_jetpack_newsletter_access":"","_jetpack_newsletter_tier_id":0,"jetpack_publicize_message":"","jetpack_is_tweetstorm":false,"jetpack_publicize_feature_enabled":true,"jetpack_social_post_already_shared":true,"jetpack_social_options":{"image_generator_settings":{"template":"highway","enabled":false}}},"categories":[1],"tags":[1301,921,4733,2241,888,4730,4731,55,786,42,785,311,2,2104,4732,144,86,1958,3900],"jetpack_publicize_connections":[],"jetpack_featured_media_url":"http:\/\/delamanodemaria.com\/wp-content\/uploads\/2021\/04\/Yo-soy-la-puerta-2.jpg","jetpack_shortlink":"https:\/\/wp.me\/p3bBgS-409","jetpack_sharing_enabled":true,"jetpack_likes_enabled":true,"_links":{"self":[{"href":"http:\/\/delamanodemaria.com\/index.php?rest_route=\/wp\/v2\/posts\/15385"}],"collection":[{"href":"http:\/\/delamanodemaria.com\/index.php?rest_route=\/wp\/v2\/posts"}],"about":[{"href":"http:\/\/delamanodemaria.com\/index.php?rest_route=\/wp\/v2\/types\/post"}],"author":[{"embeddable":true,"href":"http:\/\/delamanodemaria.com\/index.php?rest_route=\/wp\/v2\/users\/1"}],"replies":[{"embeddable":true,"href":"http:\/\/delamanodemaria.com\/index.php?rest_route=%2Fwp%2Fv2%2Fcomments&post=15385"}],"version-history":[{"count":2,"href":"http:\/\/delamanodemaria.com\/index.php?rest_route=\/wp\/v2\/posts\/15385\/revisions"}],"predecessor-version":[{"id":15388,"href":"http:\/\/delamanodemaria.com\/index.php?rest_route=\/wp\/v2\/posts\/15385\/revisions\/15388"}],"wp:featuredmedia":[{"embeddable":true,"href":"http:\/\/delamanodemaria.com\/index.php?rest_route=\/wp\/v2\/media\/15387"}],"wp:attachment":[{"href":"http:\/\/delamanodemaria.com\/index.php?rest_route=%2Fwp%2Fv2%2Fmedia&parent=15385"}],"wp:term":[{"taxonomy":"category","embeddable":true,"href":"http:\/\/delamanodemaria.com\/index.php?rest_route=%2Fwp%2Fv2%2Fcategories&post=15385"},{"taxonomy":"post_tag","embeddable":true,"href":"http:\/\/delamanodemaria.com\/index.php?rest_route=%2Fwp%2Fv2%2Ftags&post=15385"}],"curies":[{"name":"wp","href":"https:\/\/api.w.org\/{rel}","templated":true}]}}