{"id":15418,"date":"2021-04-30T17:10:11","date_gmt":"2021-04-30T21:10:11","guid":{"rendered":"http:\/\/delamanodemaria.com\/?p=15418"},"modified":"2021-04-30T17:10:11","modified_gmt":"2021-04-30T21:10:11","slug":"reflexion-para-el-sabado-de-la-cuarta-semana-de-pascua-01-05-21","status":"publish","type":"post","link":"http:\/\/delamanodemaria.com\/?p=15418","title":{"rendered":"REFLEXI\u00d3N PARA EL S\u00c1BADO DE LA CUARTA SEMANA DE PASCUA 01-05-21"},"content":{"rendered":"\n<figure class=\"wp-block-image\"><img decoding=\"async\" loading=\"lazy\" width=\"768\" height=\"428\" src=\"http:\/\/delamanodemaria.com\/wp-content\/uploads\/2021\/04\/Juan-14-7-14.jpg\" alt=\"\" class=\"wp-image-15420\" srcset=\"http:\/\/delamanodemaria.com\/wp-content\/uploads\/2021\/04\/Juan-14-7-14.jpg 768w, http:\/\/delamanodemaria.com\/wp-content\/uploads\/2021\/04\/Juan-14-7-14-300x167.jpg 300w, http:\/\/delamanodemaria.com\/wp-content\/uploads\/2021\/04\/Juan-14-7-14-500x279.jpg 500w\" sizes=\"(max-width: 768px) 100vw, 768px\" \/><\/figure>\n\n\n\n<p class=\"has-drop-cap\">La liturgia Pascual contin\u00faa proponi\u00e9ndonos el\nlibro de los Hechos de los Ap\u00f3stoles (Hc 13,44-52) y la acci\u00f3n del Esp\u00edritu\nSanto en el desarrollo de la Iglesia. El pasaje de hoy nos presenta a Pablo y\nBernab\u00e9 predicando la Buena Nueva que \u201cse iba difundiendo por toda la regi\u00f3n\u201d\nde Pisidia. Pablo acababa de decirles a los de Antioqu\u00eda que la justificaci\u00f3n\nque ellos no hab\u00edan podido alcanzar por la Ley de Mois\u00e9s, gracias a Jes\u00fas, la\nalcanzar\u00eda todo el que cree (13,38b-39). Como siempre, la Palabra fue acogida\ncon agrado por los gentiles y rechazada por los jud\u00edos, quienes en su mayor\u00eda se\nradicalizaban en su apego a la Ley por encima de la predicaci\u00f3n de Pablo y\nBernab\u00e9.<\/p>\n\n\n\n<p>No pudiendo rebatir esa predicaci\u00f3n, optaron\npor desacreditarlos, vali\u00e9ndose de \u201clas se\u00f1oras distinguidas y devotas\u201d y los\nprincipales de la ciudad, [quienes] provocaron una persecuci\u00f3n contra Pablo y\nBernab\u00e9 y los expulsaron del territorio. Ellos sacudieron el polvo de los pies,\ncomo protesta contra la ciudad, y se fueron a Iconio\u201d a continuar su labor\nevangelizadora. Termina diciendo el pasaje que \u201clos disc\u00edpulos quedaron llenos\nde alegr\u00eda y de Esp\u00edritu Santo\u201d. Y no es para menos. A pesar de los\ninconvenientes y las persecuciones, estando llenos de Esp\u00edritu Santo y llevando\nla Palabra en sus corazones, se sent\u00edan acompa\u00f1ados por Jes\u00fas, quien antes de\nsubir al Padre les hab\u00eda prometido: \u201cYo estoy con ustedes todos los d\u00edas hasta\nel fin de la historia\u201d (Mt 28,20).<\/p>\n\n\n\n<p>En la lectura evang\u00e9lica (Jn 14,7-14)\nencontramos a Jes\u00fas nuevamente estableciendo esa identidad entre el Padre y \u00c9l:\n\u201cSi me conoc\u00e9is a m\u00ed, conocer\u00e9is tambi\u00e9n a mi Padre. Ahora ya lo conoc\u00e9is y lo\nhab\u00e9is visto\u201d. Y ante la insistencia de Felipe de que les muestre al Padre,\nJes\u00fas le responde: \u201c\u00bfC\u00f3mo dices t\u00fa: \u2018Mu\u00e9stranos al Padre\u2019? \u00bfNo crees que yo\nestoy en el Padre, y el Padre en m\u00ed? Lo que yo os digo no lo hablo por cuenta\npropia. El Padre, que permanece en m\u00ed, hace sus obras. Creedme: yo estoy en el\nPadre, y el Padre en m\u00ed. Si no, creed a las obras. Os lo aseguro: el que cree\nen m\u00ed, tambi\u00e9n \u00e9l har\u00e1 las obras que yo hago, y a\u00fan mayores\u201d.<\/p>\n\n\n\n<p>Jes\u00fas no solo nos est\u00e1 diciendo que \u00c9l es\nquien nos puede mostrar al Padre en Su propia persona, sino que el Padre y su\nReino se hacen tambi\u00e9n presentes en este mundo a trav\u00e9s de las obras de los que\ncreen en el Hijo y le creen al Hijo, porque \u201clo que pid\u00e1is en mi nombre, yo lo\nhar\u00e9, para que el Padre sea glorificado en el Hijo. Si me ped\u00eds algo en mi\nnombre, yo lo har\u00e9\u201d.<\/p>\n\n\n\n<p>El creyente, la persona de fe, est\u00e1 llamada a\ncontinuar la misi\u00f3n que el Padre le encomend\u00f3 al Hijo, y que \u00c9l nos ha delegado.\nY en el desempe\u00f1o de esa misi\u00f3n lo acompa\u00f1ar\u00e1n grandes signos, como nos dec\u00eda\nel evangelio seg\u00fan san Marcos que leemos en su Fiesta: \u201cechar\u00e1n demonios en mi\nnombre, hablar\u00e1n lenguas nuevas, coger\u00e1n serpientes en sus manos y, si beben un\nveneno mortal, no les har\u00e1 da\u00f1o. Impondr\u00e1n las manos a los enfermos, y quedar\u00e1n\nsanos\u201d (Mc 16, 17-18). Esto es una promesa del Se\u00f1or, y \u00c9l nunca se retracta de\nsu Palabra.<\/p>\n\n\n\n<p>Se\u00f1or, que tu Hijo est\u00e9 presente en todas las\nobras que hagamos en Tu nombre para que al igual que \u00c9l, seamos signos de Tu\npresencia en el mundo.<\/p>\n<div style=\"padding-bottom:20px; padding-top:10px;\" class=\"hupso-share-buttons\"><!-- Hupso Share Buttons - https:\/\/www.hupso.com\/share\/ --><a class=\"hupso_toolbar\" href=\"https:\/\/www.hupso.com\/share\/\"><img src=\"http:\/\/static.hupso.com\/share\/buttons\/lang\/es\/share-medium.png\" style=\"border:0px; padding-top: 5px; float:left;\" alt=\"Share Button\"\/><\/a><script type=\"text\/javascript\">var hupso_services_t=new Array(\"Twitter\",\"Facebook\",\"Google Plus\",\"Pinterest\",\"Linkedin\",\"Email\",\"Print\");var hupso_background_t=\"#EAF4FF\";var hupso_border_t=\"#66CCFF\";var hupso_toolbar_size_t=\"medium\";var hupso_image_folder_url = \"\";var hupso_twitter_via=\"hectorops\";var hupso_url_t=\"\";var hupso_title_t=\"REFLEXI%C3%93N%20PARA%20EL%20S%C3%81BADO%20DE%20LA%20CUARTA%20SEMANA%20DE%20PASCUA%2001-05-21\";<\/script><script type=\"text\/javascript\" src=\"http:\/\/static.hupso.com\/share\/js\/share_toolbar.js\"><\/script><!-- Hupso Share Buttons --><\/div>","protected":false},"excerpt":{"rendered":"<p>La liturgia Pascual contin\u00faa proponi\u00e9ndonos el libro de los Hechos de los Ap\u00f3stoles (Hc 13,44-52) y la acci\u00f3n del Esp\u00edritu Santo en el desarrollo de la Iglesia. El pasaje de hoy nos presenta a Pablo y Bernab\u00e9 predicando la Buena &hellip; <a href=\"http:\/\/delamanodemaria.com\/?p=15418\">Continue reading <span class=\"meta-nav\">&rarr;<\/span><\/a><\/p>\n<div style=\"padding-bottom:20px; padding-top:10px;\" class=\"hupso-share-buttons\"><!-- Hupso Share Buttons - https:\/\/www.hupso.com\/share\/ --><a class=\"hupso_toolbar\" href=\"https:\/\/www.hupso.com\/share\/\"><img src=\"http:\/\/static.hupso.com\/share\/buttons\/lang\/es\/share-medium.png\" style=\"border:0px; padding-top: 5px; float:left;\" alt=\"Share Button\"\/><\/a><script type=\"text\/javascript\">var hupso_services_t=new Array(\"Twitter\",\"Facebook\",\"Google Plus\",\"Pinterest\",\"Linkedin\",\"Email\",\"Print\");var hupso_background_t=\"#EAF4FF\";var hupso_border_t=\"#66CCFF\";var hupso_toolbar_size_t=\"medium\";var hupso_image_folder_url = \"\";var hupso_twitter_via=\"hectorops\";var hupso_url_t=\"\";var hupso_title_t=\"REFLEXI%C3%93N%20PARA%20EL%20S%C3%81BADO%20DE%20LA%20CUARTA%20SEMANA%20DE%20PASCUA%2001-05-21\";<\/script><script type=\"text\/javascript\" src=\"http:\/\/static.hupso.com\/share\/js\/share_toolbar.js\"><\/script><!-- Hupso Share Buttons --><\/div>","protected":false},"author":1,"featured_media":0,"comment_status":"open","ping_status":"open","sticky":false,"template":"","format":"standard","meta":{"jetpack_post_was_ever_published":false,"_jetpack_newsletter_access":"","_jetpack_newsletter_tier_id":0,"jetpack_publicize_message":"","jetpack_is_tweetstorm":false,"jetpack_publicize_feature_enabled":true,"jetpack_social_post_already_shared":true,"jetpack_social_options":{"image_generator_settings":{"template":"highway","enabled":false}}},"categories":[1],"tags":[1683,662,1855,1611,299,29,2241,3920,1079,137,1309,2999,3918,528,2993,834,138,42,1317,3919,2998,2,97,1890,1938],"jetpack_publicize_connections":[],"jetpack_featured_media_url":"","jetpack_shortlink":"https:\/\/wp.me\/p3bBgS-40G","jetpack_sharing_enabled":true,"jetpack_likes_enabled":true,"_links":{"self":[{"href":"http:\/\/delamanodemaria.com\/index.php?rest_route=\/wp\/v2\/posts\/15418"}],"collection":[{"href":"http:\/\/delamanodemaria.com\/index.php?rest_route=\/wp\/v2\/posts"}],"about":[{"href":"http:\/\/delamanodemaria.com\/index.php?rest_route=\/wp\/v2\/types\/post"}],"author":[{"embeddable":true,"href":"http:\/\/delamanodemaria.com\/index.php?rest_route=\/wp\/v2\/users\/1"}],"replies":[{"embeddable":true,"href":"http:\/\/delamanodemaria.com\/index.php?rest_route=%2Fwp%2Fv2%2Fcomments&post=15418"}],"version-history":[{"count":2,"href":"http:\/\/delamanodemaria.com\/index.php?rest_route=\/wp\/v2\/posts\/15418\/revisions"}],"predecessor-version":[{"id":15421,"href":"http:\/\/delamanodemaria.com\/index.php?rest_route=\/wp\/v2\/posts\/15418\/revisions\/15421"}],"wp:attachment":[{"href":"http:\/\/delamanodemaria.com\/index.php?rest_route=%2Fwp%2Fv2%2Fmedia&parent=15418"}],"wp:term":[{"taxonomy":"category","embeddable":true,"href":"http:\/\/delamanodemaria.com\/index.php?rest_route=%2Fwp%2Fv2%2Fcategories&post=15418"},{"taxonomy":"post_tag","embeddable":true,"href":"http:\/\/delamanodemaria.com\/index.php?rest_route=%2Fwp%2Fv2%2Ftags&post=15418"}],"curies":[{"name":"wp","href":"https:\/\/api.w.org\/{rel}","templated":true}]}}