{"id":15451,"date":"2021-05-05T17:32:07","date_gmt":"2021-05-05T21:32:07","guid":{"rendered":"http:\/\/delamanodemaria.com\/?p=15451"},"modified":"2021-05-05T17:32:07","modified_gmt":"2021-05-05T21:32:07","slug":"reflexion-para-el-jueves-de-la-quinta-semana-de-pascua-06-05-21","status":"publish","type":"post","link":"http:\/\/delamanodemaria.com\/?p=15451","title":{"rendered":"REFLEXI\u00d3N PARA EL JUEVES DE LA QUINTA SEMANA DE PASCUA 06-05-21"},"content":{"rendered":"\n<figure class=\"wp-block-image\"><img decoding=\"async\" loading=\"lazy\" width=\"648\" height=\"432\" src=\"http:\/\/delamanodemaria.com\/wp-content\/uploads\/2021\/05\/permanezcan-en-mi-amor.jpg\" alt=\"\" class=\"wp-image-15453\" srcset=\"http:\/\/delamanodemaria.com\/wp-content\/uploads\/2021\/05\/permanezcan-en-mi-amor.jpg 648w, http:\/\/delamanodemaria.com\/wp-content\/uploads\/2021\/05\/permanezcan-en-mi-amor-300x200.jpg 300w, http:\/\/delamanodemaria.com\/wp-content\/uploads\/2021\/05\/permanezcan-en-mi-amor-450x300.jpg 450w\" sizes=\"(max-width: 648px) 100vw, 648px\" \/><\/figure>\n\n\n\n<p class=\"has-drop-cap\">En la primera lectura de hoy (Hc 15,7-21)\npodemos apreciar c\u00f3mo el Esp\u00edritu Santo contin\u00faa guiando a los ap\u00f3stoles en el\ndesarrollo de la Iglesia. Ayer le\u00edamos c\u00f3mo un grupo dentro de la Iglesia (los\nllamados judaizantes), pretend\u00eda imponer a los gentiles que se convert\u00edan a la\nnueva Iglesia todas las \u201ccargas pesadas\u201d de la Ley jud\u00eda les impon\u00eda a ellos (\u201cuna\ncarga que ni nosotros ni nuestros padres hemos podido soportar\u201d). Olvidaban que\nJes\u00fas hab\u00eda venido a liberarnos de ese \u201cyugo\u201d mediante la ley del amor, que su\ngracia se hab\u00eda derramado sobre gentiles y jud\u00edos sin distinci\u00f3n, de manera que\ntodo el que crea en \u00c9l pueda salvarse. Olvidaban tambi\u00e9n la promesa de Dios a\nAbraham de que \u201ctodas las naciones\u201d ser\u00edan bendecidas en su nombre (Gn 22,18).<\/p>\n\n\n\n<p>Gracias a la inspiraci\u00f3n del Esp\u00edritu Santo,\naqu\u00e9l primer Concilio de Jerusal\u00e9n decidi\u00f3 que no se pod\u00eda hacer distinci\u00f3n\nentre los cristianos por raz\u00f3n de su origen, su raza, su cultura; que Jes\u00fas\nhab\u00eda venido para redimirnos a todos, y que todos recibimos el mismo Esp\u00edritu. <\/p>\n\n\n\n<p>La pregunta es obligada. En nuestras\ncomunidades, \u00bfexisten \u201cdiferencias\u201d entre unos y otros? \u00bfDiscriminamos,\nrechazamos, o sutilmente evitamos compartir con algunos feligreses porque viven\nen cierto lugar, visten diferente, hablan diferente, adoran de un modo\ndistinto, tienen un oficio humilde, tienen alg\u00fan vicio, o se comportan\ndiferentes?<\/p>\n\n\n\n<p>Jes\u00fas, \u00bflos invitar\u00eda a su mesa? \u00c9l nos invita\na imitarle, as\u00ed que si nos llamamos cristianos, vamos a derribar todos esos\nmuros que nos separan, muros que nosotros mismos creamos con nuestra peque\u00f1ez\nde esp\u00edritu, \u201cpara que todos sean uno. Como t\u00fa, oh Padre, est\u00e1s en m\u00ed y yo en\nti, que tambi\u00e9n ellos est\u00e9n en nosotros, para que el mundo crea que t\u00fa me\nenviaste\u201d (Jn 17,21). Si creemos en Jes\u00fas, y le creemos a Jes\u00fas, \u00a1que se nos\nnote!<\/p>\n\n\n\n<p>Y la \u00fanica forma de lograr ese ideal es el Amor.\nPor eso en la lectura evang\u00e9lica (Jn 15,9-11) Jes\u00fas contin\u00faa reiterando el\nmandamiento del Amor como m\u00e1xima para el pueblo cristiano: \u201cComo el Padre me ha\namado, as\u00ed os he amado yo; permaneced en mi amor. Si guard\u00e1is mis mandamientos,\npermanecer\u00e9is en mi amor; lo mismo que yo he guardado los mandamientos de mi\nPadre y permanezco en su amor (de nuevo la insistencia de Jes\u00fas en el verbo\n\u201cpermanecer\u201d). Os he hablado de esto para que mi alegr\u00eda est\u00e9 en vosotros, y\nvuestra alegr\u00eda llegue a plenitud\u201d.<\/p>\n\n\n\n<p>Se trata de la verdadera \u201calegr\u00eda del\ncristiano\u201d, que no es otra cosa que el saberse amado por Dios no importa las\ncircunstancias que la vida nos lance. \u201cComo el Padre me ha amado, as\u00ed os he\namado yo\u201d\u2026 Si no viniera de labios de Jes\u00fas, dir\u00edamos que es mentira, parece\nincre\u00edble. \u00a1Jes\u00fas nos est\u00e1 diciendo que nuestra uni\u00f3n amorosa con \u00c9l es\ncomparable a la de \u00c9l con el Padre! Tratemos por un momento de imaginar la\nmagnitud de ese amor entre el Padre y el Hijo. S\u00ed, se trata de ese mismo amor\nque se derrama sobre nosotros y tiene nombre y apellido: Esp\u00edritu Santo.<\/p>\n\n\n\n<p>Ya se divisa en el horizonte la solemnidad de\nPentecost\u00e9s, y la presencia del Esp\u00edritu Santo se hace cada d\u00eda m\u00e1s patente en\nla liturgia. Abramos nuestros corazones a ese Esp\u00edritu y digamos con fe:\n\u00a1Esp\u00edritu Santo, ven a m\u00ed!<\/p>\n<div style=\"padding-bottom:20px; padding-top:10px;\" class=\"hupso-share-buttons\"><!-- Hupso Share Buttons - https:\/\/www.hupso.com\/share\/ --><a class=\"hupso_toolbar\" href=\"https:\/\/www.hupso.com\/share\/\"><img src=\"http:\/\/static.hupso.com\/share\/buttons\/lang\/es\/share-medium.png\" style=\"border:0px; padding-top: 5px; float:left;\" alt=\"Share Button\"\/><\/a><script type=\"text\/javascript\">var hupso_services_t=new Array(\"Twitter\",\"Facebook\",\"Google Plus\",\"Pinterest\",\"Linkedin\",\"Email\",\"Print\");var hupso_background_t=\"#EAF4FF\";var hupso_border_t=\"#66CCFF\";var hupso_toolbar_size_t=\"medium\";var hupso_image_folder_url = \"\";var hupso_twitter_via=\"hectorops\";var hupso_url_t=\"\";var hupso_title_t=\"REFLEXI%C3%93N%20PARA%20EL%20JUEVES%20DE%20LA%20QUINTA%20SEMANA%20DE%20PASCUA%2006-05-21\";<\/script><script type=\"text\/javascript\" src=\"http:\/\/static.hupso.com\/share\/js\/share_toolbar.js\"><\/script><!-- Hupso Share Buttons --><\/div>","protected":false},"excerpt":{"rendered":"<p>En la primera lectura de hoy (Hc 15,7-21) podemos apreciar c\u00f3mo el Esp\u00edritu Santo contin\u00faa guiando a los ap\u00f3stoles en el desarrollo de la Iglesia. Ayer le\u00edamos c\u00f3mo un grupo dentro de la Iglesia (los llamados judaizantes), pretend\u00eda imponer a &hellip; <a href=\"http:\/\/delamanodemaria.com\/?p=15451\">Continue reading <span class=\"meta-nav\">&rarr;<\/span><\/a><\/p>\n<div style=\"padding-bottom:20px; padding-top:10px;\" class=\"hupso-share-buttons\"><!-- Hupso Share Buttons - https:\/\/www.hupso.com\/share\/ --><a class=\"hupso_toolbar\" href=\"https:\/\/www.hupso.com\/share\/\"><img src=\"http:\/\/static.hupso.com\/share\/buttons\/lang\/es\/share-medium.png\" style=\"border:0px; padding-top: 5px; float:left;\" alt=\"Share Button\"\/><\/a><script type=\"text\/javascript\">var hupso_services_t=new Array(\"Twitter\",\"Facebook\",\"Google Plus\",\"Pinterest\",\"Linkedin\",\"Email\",\"Print\");var hupso_background_t=\"#EAF4FF\";var hupso_border_t=\"#66CCFF\";var hupso_toolbar_size_t=\"medium\";var hupso_image_folder_url = \"\";var hupso_twitter_via=\"hectorops\";var hupso_url_t=\"\";var hupso_title_t=\"REFLEXI%C3%93N%20PARA%20EL%20JUEVES%20DE%20LA%20QUINTA%20SEMANA%20DE%20PASCUA%2006-05-21\";<\/script><script type=\"text\/javascript\" src=\"http:\/\/static.hupso.com\/share\/js\/share_toolbar.js\"><\/script><!-- Hupso Share Buttons --><\/div>","protected":false},"author":1,"featured_media":0,"comment_status":"open","ping_status":"open","sticky":false,"template":"","format":"standard","meta":{"jetpack_post_was_ever_published":false,"_jetpack_newsletter_access":"","_jetpack_newsletter_tier_id":0,"jetpack_publicize_message":"","jetpack_is_tweetstorm":false,"jetpack_publicize_feature_enabled":true,"jetpack_social_post_already_shared":true,"jetpack_social_options":{"image_generator_settings":{"template":"highway","enabled":false}}},"categories":[1],"tags":[374,1683,2307,541,2989,29,2241,137,1318,189,428,610,1975,42,71,1317,2,1080,1429],"jetpack_publicize_connections":[],"jetpack_featured_media_url":"","jetpack_shortlink":"https:\/\/wp.me\/p3bBgS-41d","jetpack_sharing_enabled":true,"jetpack_likes_enabled":true,"_links":{"self":[{"href":"http:\/\/delamanodemaria.com\/index.php?rest_route=\/wp\/v2\/posts\/15451"}],"collection":[{"href":"http:\/\/delamanodemaria.com\/index.php?rest_route=\/wp\/v2\/posts"}],"about":[{"href":"http:\/\/delamanodemaria.com\/index.php?rest_route=\/wp\/v2\/types\/post"}],"author":[{"embeddable":true,"href":"http:\/\/delamanodemaria.com\/index.php?rest_route=\/wp\/v2\/users\/1"}],"replies":[{"embeddable":true,"href":"http:\/\/delamanodemaria.com\/index.php?rest_route=%2Fwp%2Fv2%2Fcomments&post=15451"}],"version-history":[{"count":2,"href":"http:\/\/delamanodemaria.com\/index.php?rest_route=\/wp\/v2\/posts\/15451\/revisions"}],"predecessor-version":[{"id":15454,"href":"http:\/\/delamanodemaria.com\/index.php?rest_route=\/wp\/v2\/posts\/15451\/revisions\/15454"}],"wp:attachment":[{"href":"http:\/\/delamanodemaria.com\/index.php?rest_route=%2Fwp%2Fv2%2Fmedia&parent=15451"}],"wp:term":[{"taxonomy":"category","embeddable":true,"href":"http:\/\/delamanodemaria.com\/index.php?rest_route=%2Fwp%2Fv2%2Fcategories&post=15451"},{"taxonomy":"post_tag","embeddable":true,"href":"http:\/\/delamanodemaria.com\/index.php?rest_route=%2Fwp%2Fv2%2Ftags&post=15451"}],"curies":[{"name":"wp","href":"https:\/\/api.w.org\/{rel}","templated":true}]}}