{"id":15532,"date":"2021-05-17T20:58:59","date_gmt":"2021-05-18T00:58:59","guid":{"rendered":"http:\/\/delamanodemaria.com\/?p=15532"},"modified":"2021-05-17T20:58:59","modified_gmt":"2021-05-18T00:58:59","slug":"reflexion-para-el-martes-de-la-septima-semana-de-pascua-18-05-21","status":"publish","type":"post","link":"http:\/\/delamanodemaria.com\/?p=15532","title":{"rendered":"REFLEXI\u00d3N PARA EL MARTES DE LA S\u00c9PTIMA SEMANA DE PASCUA 18-05-21"},"content":{"rendered":"\n<figure class=\"wp-block-image\"><img decoding=\"async\" loading=\"lazy\" width=\"758\" height=\"737\" src=\"http:\/\/delamanodemaria.com\/wp-content\/uploads\/2019\/06\/oracion-sacerdotal.jpg\" alt=\"\" class=\"wp-image-11740\" srcset=\"http:\/\/delamanodemaria.com\/wp-content\/uploads\/2019\/06\/oracion-sacerdotal.jpg 758w, http:\/\/delamanodemaria.com\/wp-content\/uploads\/2019\/06\/oracion-sacerdotal-300x292.jpg 300w, http:\/\/delamanodemaria.com\/wp-content\/uploads\/2019\/06\/oracion-sacerdotal-309x300.jpg 309w\" sizes=\"(max-width: 758px) 100vw, 758px\" \/><\/figure>\n\n\n\n<p>Continuamos nuestra ruta hacia Pentecost\u00e9s, y\nel Esp\u00edritu Santo sigue ocupando un papel protag\u00f3nico en la liturgia pascual.<\/p>\n\n\n\n<p>La primera lectura de hoy (Hc 20,17-27) nos\npresenta el discurso de despedida de Pablo a los presb\u00edteros de la Iglesia de\n\u00c9feso. Pablo hace un recuento de la labor que ha realizado en esa comunidad (\u201cVosotros\nsab\u00e9is que todo el tiempo que he estado aqu\u00ed, desde el d\u00eda que por primera vez\npuse pie en Asia, he servido al Se\u00f1or con toda humildad, en las penas y\npruebas\u201d&#8230;) y, aunque reconociendo sus limitaciones humanas, manifiesta haber\ncumplido su misi\u00f3n.<\/p>\n\n\n\n<p>Al mismo tiempo encontramos a un Pablo que se\nmuestra d\u00f3cil a la voz del Esp\u00edritu Santo y reconoce que es \u00c9l quien le gu\u00eda en\nsu misi\u00f3n: \u201cY ahora me dirijo a Jerusal\u00e9n, forzado por el Esp\u00edritu. No s\u00e9 lo\nque me espera all\u00ed, s\u00f3lo s\u00e9 que el Esp\u00edritu Santo, de ciudad en ciudad, me\nasegura que me aguardan c\u00e1rceles y luchas\u201d. Por eso reconoce que su misi\u00f3n no\nha concluido y, m\u00e1s a\u00fan, que le esperan grandes retos, persecuciones,\nencarcelamientos, luchas. \u201cPero a m\u00ed no me importa la vida; lo que me importa\nes completar mi carrera, y cumplir el encargo que me dio el Se\u00f1or Jes\u00fas: ser\ntestigo del Evangelio, que es la gracia de Dios\u201d.<\/p>\n\n\n\n<p>Igual sentido de \u201cmisi\u00f3n cumplida\u201d encontramos\nen la lectura evang\u00e9lica que nos propone la liturgia para hoy (Jn 17,1-11a),\nque es el comienzo de llamada \u201coraci\u00f3n sacerdotal\u201d de Jes\u00fas, que ocupa todo el\ncap\u00edtulo 17 del evangelio seg\u00fan san Juan.<\/p>\n\n\n\n<p>Luego de concluida la \u201cdespedida\u201d de sus\ndisc\u00edpulos que hemos estado leyendo en los d\u00edas anteriores, Jes\u00fas se dirige al\nPadre con la satisfacci\u00f3n de haber cumplido la misi\u00f3n que este le hab\u00eda\nencomendado: \u201cYo te he glorificado sobre la tierra, he coronado la obra que me\nencomendaste\u2026 He manifestado tu nombre a los hombres que me diste de en medio del\nmundo. Tuyos eran, y t\u00fa me los diste, y ellos han guardado tu palabra. Ahora\nhan conocido que todo lo que me diste procede de ti, porque yo les he\ncomunicado las palabras que t\u00fa me diste, y ellos las han recibido, y han\nconocido verdaderamente que yo sal\u00ed de ti, y han cre\u00eddo que t\u00fa me has enviado\u201d.<\/p>\n\n\n\n<p>Concluida Su vida terrenal corresponde a los\ndisc\u00edpulos (eso nos incluye a nosotros) cosechar los frutos de su misi\u00f3n y\ncontinuar la misma. Por eso le ruega al Padre por sus disc\u00edpulos, por nosotros:\n\u201cTe ruego por ellos; <em>no ruego por el\nmundo, sino por \u00e9stos que t\u00fa me diste, y son tuyos<\/em>. S\u00ed, todo lo m\u00edo es\ntuyo, y lo tuyo m\u00edo; y en ellos he sido glorificado. Ya no voy a estar en el\nmundo, pero ellos est\u00e1n en el mundo, mientras yo voy a ti\u201d.<\/p>\n\n\n\n<p>Hace dos d\u00edas celebramos la Ascensi\u00f3n de\nNuestro Se\u00f1or a los cielos. Ahora quedamos nosotros \u201cen el mundo\u201d.<\/p>\n\n\n\n<p>En la primera lectura vimos c\u00f3mo Pablo\nentendi\u00f3 cu\u00e1l era su misi\u00f3n y estuvo dispuesto a pagar el precio. Y t\u00fa, \u00bfest\u00e1s\ndispuesto a pagar el tuyo?<\/p>\n<div style=\"padding-bottom:20px; padding-top:10px;\" class=\"hupso-share-buttons\"><!-- Hupso Share Buttons - https:\/\/www.hupso.com\/share\/ --><a class=\"hupso_toolbar\" href=\"https:\/\/www.hupso.com\/share\/\"><img src=\"http:\/\/static.hupso.com\/share\/buttons\/lang\/es\/share-medium.png\" style=\"border:0px; padding-top: 5px; float:left;\" alt=\"Share Button\"\/><\/a><script type=\"text\/javascript\">var hupso_services_t=new Array(\"Twitter\",\"Facebook\",\"Google Plus\",\"Pinterest\",\"Linkedin\",\"Email\",\"Print\");var hupso_background_t=\"#EAF4FF\";var hupso_border_t=\"#66CCFF\";var hupso_toolbar_size_t=\"medium\";var hupso_image_folder_url = \"\";var hupso_twitter_via=\"hectorops\";var hupso_url_t=\"\";var hupso_title_t=\"REFLEXI%C3%93N%20PARA%20EL%20MARTES%20DE%20LA%20S%C3%89PTIMA%20SEMANA%20DE%20PASCUA%2018-05-21\";<\/script><script type=\"text\/javascript\" src=\"http:\/\/static.hupso.com\/share\/js\/share_toolbar.js\"><\/script><!-- Hupso Share Buttons --><\/div>","protected":false},"excerpt":{"rendered":"<p>Continuamos nuestra ruta hacia Pentecost\u00e9s, y el Esp\u00edritu Santo sigue ocupando un papel protag\u00f3nico en la liturgia pascual. La primera lectura de hoy (Hc 20,17-27) nos presenta el discurso de despedida de Pablo a los presb\u00edteros de la Iglesia de &hellip; <a href=\"http:\/\/delamanodemaria.com\/?p=15532\">Continue reading <span class=\"meta-nav\">&rarr;<\/span><\/a><\/p>\n<div style=\"padding-bottom:20px; padding-top:10px;\" class=\"hupso-share-buttons\"><!-- Hupso Share Buttons - https:\/\/www.hupso.com\/share\/ --><a class=\"hupso_toolbar\" href=\"https:\/\/www.hupso.com\/share\/\"><img src=\"http:\/\/static.hupso.com\/share\/buttons\/lang\/es\/share-medium.png\" style=\"border:0px; padding-top: 5px; float:left;\" alt=\"Share Button\"\/><\/a><script type=\"text\/javascript\">var hupso_services_t=new Array(\"Twitter\",\"Facebook\",\"Google Plus\",\"Pinterest\",\"Linkedin\",\"Email\",\"Print\");var hupso_background_t=\"#EAF4FF\";var hupso_border_t=\"#66CCFF\";var hupso_toolbar_size_t=\"medium\";var hupso_image_folder_url = \"\";var hupso_twitter_via=\"hectorops\";var hupso_url_t=\"\";var hupso_title_t=\"REFLEXI%C3%93N%20PARA%20EL%20MARTES%20DE%20LA%20S%C3%89PTIMA%20SEMANA%20DE%20PASCUA%2018-05-21\";<\/script><script type=\"text\/javascript\" src=\"http:\/\/static.hupso.com\/share\/js\/share_toolbar.js\"><\/script><!-- Hupso Share Buttons --><\/div>","protected":false},"author":1,"featured_media":11740,"comment_status":"open","ping_status":"open","sticky":false,"template":"","format":"standard","meta":{"jetpack_post_was_ever_published":false,"_jetpack_newsletter_access":"","_jetpack_newsletter_tier_id":0,"jetpack_publicize_message":"","jetpack_is_tweetstorm":false,"jetpack_publicize_feature_enabled":true,"jetpack_social_post_already_shared":true,"jetpack_social_options":{"image_generator_settings":{"template":"highway","enabled":false}}},"categories":[1],"tags":[3961,70,1310,2324,905,3962,29,2241,137,206,13,1989,2327,2325,907,2740,111,42,3960,71,3696,2,3012],"jetpack_publicize_connections":[],"jetpack_featured_media_url":"http:\/\/delamanodemaria.com\/wp-content\/uploads\/2019\/06\/oracion-sacerdotal.jpg","jetpack_shortlink":"https:\/\/wp.me\/p3bBgS-42w","jetpack_sharing_enabled":true,"jetpack_likes_enabled":true,"_links":{"self":[{"href":"http:\/\/delamanodemaria.com\/index.php?rest_route=\/wp\/v2\/posts\/15532"}],"collection":[{"href":"http:\/\/delamanodemaria.com\/index.php?rest_route=\/wp\/v2\/posts"}],"about":[{"href":"http:\/\/delamanodemaria.com\/index.php?rest_route=\/wp\/v2\/types\/post"}],"author":[{"embeddable":true,"href":"http:\/\/delamanodemaria.com\/index.php?rest_route=\/wp\/v2\/users\/1"}],"replies":[{"embeddable":true,"href":"http:\/\/delamanodemaria.com\/index.php?rest_route=%2Fwp%2Fv2%2Fcomments&post=15532"}],"version-history":[{"count":3,"href":"http:\/\/delamanodemaria.com\/index.php?rest_route=\/wp\/v2\/posts\/15532\/revisions"}],"predecessor-version":[{"id":15535,"href":"http:\/\/delamanodemaria.com\/index.php?rest_route=\/wp\/v2\/posts\/15532\/revisions\/15535"}],"wp:featuredmedia":[{"embeddable":true,"href":"http:\/\/delamanodemaria.com\/index.php?rest_route=\/wp\/v2\/media\/11740"}],"wp:attachment":[{"href":"http:\/\/delamanodemaria.com\/index.php?rest_route=%2Fwp%2Fv2%2Fmedia&parent=15532"}],"wp:term":[{"taxonomy":"category","embeddable":true,"href":"http:\/\/delamanodemaria.com\/index.php?rest_route=%2Fwp%2Fv2%2Fcategories&post=15532"},{"taxonomy":"post_tag","embeddable":true,"href":"http:\/\/delamanodemaria.com\/index.php?rest_route=%2Fwp%2Fv2%2Ftags&post=15532"}],"curies":[{"name":"wp","href":"https:\/\/api.w.org\/{rel}","templated":true}]}}