{"id":1565,"date":"2013-07-30T15:56:25","date_gmt":"2013-07-30T19:56:25","guid":{"rendered":"http:\/\/delamanodemaria.com\/?p=1565"},"modified":"2013-07-30T15:56:59","modified_gmt":"2013-07-30T19:56:59","slug":"el-papa-francisco-revela-el-misterio-del-maletin-negro-del-que-los-medios-hablaron-cuando-viajo-a-brasil","status":"publish","type":"post","link":"http:\/\/delamanodemaria.com\/?p=1565","title":{"rendered":"El Papa Francisco revela el misterio del &#8220;malet\u00edn negro&#8221; del que los medios hablaron cuando viaj\u00f3 a Brasil"},"content":{"rendered":"<h2><a href=\"http:\/\/delamanodemaria.com\/wp-content\/uploads\/2013\/07\/PapaMaletin300713.jpg\"><img decoding=\"async\" loading=\"lazy\" class=\"size-full wp-image-1566 aligncenter\" alt=\"PapaMaletin300713\" src=\"http:\/\/delamanodemaria.com\/wp-content\/uploads\/2013\/07\/PapaMaletin300713.jpg\" width=\"500\" height=\"340\" srcset=\"http:\/\/delamanodemaria.com\/wp-content\/uploads\/2013\/07\/PapaMaletin300713.jpg 500w, http:\/\/delamanodemaria.com\/wp-content\/uploads\/2013\/07\/PapaMaletin300713-300x204.jpg 300w, http:\/\/delamanodemaria.com\/wp-content\/uploads\/2013\/07\/PapaMaletin300713-441x300.jpg 441w\" sizes=\"(max-width: 500px) 100vw, 500px\" \/><\/a><\/h2>\n<h2>Papa Francisco cuenta por qu\u00e9 no deja a otra persona llevar su malet\u00edn negro<\/h2>\n<p>VATICANO, 30 Jul. 13 \/ 01:17 pm (<a href=\"http:\/\/www.aciprensa.com\/\" target=\"_self\"><b>ACI\/EWTN Noticias<\/b><\/a>).- Al t\u00e9rmino de la Jornada Mundial de la Juventud R\u00edo 2013, el Papa Francisco subi\u00f3 al avi\u00f3n que lo llev\u00f3 de retorno a la <a href=\"http:\/\/www.aciprensa.com\/santasede\/index.html\">Santa Sede<\/a> y donde improvis\u00f3 una rueda de prensa en la que abord\u00f3 temas de actualidad como simples; entre ellos, el por qu\u00e9 no deja que otra persona lleve su malet\u00edn negro.<\/p>\n<p>\u201cNo hab\u00eda dentro la llave de la bomba at\u00f3mica\u201d, respondi\u00f3 Francisco con la naturalidad y sentido del humor que lo caracteriza, cuando un periodista le dijo que su imagen llevando el malet\u00edn en la mano hab\u00eda dado la vuelta al mundo&#8230; <a href=\"http:\/\/www.aciprensa.com\/noticias\/papa-francisco-cuenta-por-que-no-deja-a-otra-persona-llevar-su-maletin-negro-57114\/#.UfgZb0vD92E\" target=\"_blank\">[continuar leyendo]<\/a><\/p>\n<div style=\"padding-bottom:20px; padding-top:10px;\" class=\"hupso-share-buttons\"><!-- Hupso Share Buttons - https:\/\/www.hupso.com\/share\/ --><a class=\"hupso_toolbar\" href=\"https:\/\/www.hupso.com\/share\/\"><img src=\"http:\/\/static.hupso.com\/share\/buttons\/lang\/es\/share-medium.png\" style=\"border:0px; padding-top: 5px; float:left;\" alt=\"Share Button\"\/><\/a><script type=\"text\/javascript\">var hupso_services_t=new Array(\"Twitter\",\"Facebook\",\"Google Plus\",\"Pinterest\",\"Linkedin\",\"Email\",\"Print\");var hupso_background_t=\"#EAF4FF\";var hupso_border_t=\"#66CCFF\";var hupso_toolbar_size_t=\"medium\";var hupso_image_folder_url = \"\";var hupso_twitter_via=\"hectorops\";var hupso_url_t=\"\";var hupso_title_t=\"El%20Papa%20Francisco%20revela%20el%20misterio%20del%20%22malet%C3%ADn%20negro%22%20del%20que%20los%20medios%20hablaron%20cuando%20viaj%C3%B3%20a%20Brasil\";<\/script><script type=\"text\/javascript\" src=\"http:\/\/static.hupso.com\/share\/js\/share_toolbar.js\"><\/script><!-- Hupso Share Buttons --><\/div>","protected":false},"excerpt":{"rendered":"<p>Papa Francisco cuenta por qu\u00e9 no deja a otra persona llevar su malet\u00edn negro VATICANO, 30 Jul. 13 \/ 01:17 pm (ACI\/EWTN Noticias).- Al t\u00e9rmino de la Jornada Mundial de la Juventud R\u00edo 2013, el Papa Francisco subi\u00f3 al avi\u00f3n &hellip; <a href=\"http:\/\/delamanodemaria.com\/?p=1565\">Continue reading <span class=\"meta-nav\">&rarr;<\/span><\/a><\/p>\n<div style=\"padding-bottom:20px; padding-top:10px;\" class=\"hupso-share-buttons\"><!-- Hupso Share Buttons - https:\/\/www.hupso.com\/share\/ --><a class=\"hupso_toolbar\" href=\"https:\/\/www.hupso.com\/share\/\"><img src=\"http:\/\/static.hupso.com\/share\/buttons\/lang\/es\/share-medium.png\" style=\"border:0px; padding-top: 5px; float:left;\" alt=\"Share Button\"\/><\/a><script type=\"text\/javascript\">var hupso_services_t=new Array(\"Twitter\",\"Facebook\",\"Google Plus\",\"Pinterest\",\"Linkedin\",\"Email\",\"Print\");var hupso_background_t=\"#EAF4FF\";var hupso_border_t=\"#66CCFF\";var hupso_toolbar_size_t=\"medium\";var hupso_image_folder_url = \"\";var hupso_twitter_via=\"hectorops\";var hupso_url_t=\"\";var hupso_title_t=\"El%20Papa%20Francisco%20revela%20el%20misterio%20del%20%22malet%C3%ADn%20negro%22%20del%20que%20los%20medios%20hablaron%20cuando%20viaj%C3%B3%20a%20Brasil\";<\/script><script type=\"text\/javascript\" src=\"http:\/\/static.hupso.com\/share\/js\/share_toolbar.js\"><\/script><!-- Hupso Share Buttons --><\/div>","protected":false},"author":1,"featured_media":0,"comment_status":"open","ping_status":"open","sticky":false,"template":"","format":"standard","meta":{"jetpack_post_was_ever_published":false,"_jetpack_newsletter_access":"","_jetpack_newsletter_tier_id":0,"jetpack_publicize_message":"","jetpack_is_tweetstorm":false,"jetpack_publicize_feature_enabled":true,"jetpack_social_post_already_shared":true,"jetpack_social_options":{"image_generator_settings":{"template":"highway","enabled":false}}},"categories":[1],"tags":[33,35,6,11,20],"jetpack_publicize_connections":[],"jetpack_featured_media_url":"","jetpack_shortlink":"https:\/\/wp.me\/p3bBgS-pf","jetpack_sharing_enabled":true,"jetpack_likes_enabled":true,"_links":{"self":[{"href":"http:\/\/delamanodemaria.com\/index.php?rest_route=\/wp\/v2\/posts\/1565"}],"collection":[{"href":"http:\/\/delamanodemaria.com\/index.php?rest_route=\/wp\/v2\/posts"}],"about":[{"href":"http:\/\/delamanodemaria.com\/index.php?rest_route=\/wp\/v2\/types\/post"}],"author":[{"embeddable":true,"href":"http:\/\/delamanodemaria.com\/index.php?rest_route=\/wp\/v2\/users\/1"}],"replies":[{"embeddable":true,"href":"http:\/\/delamanodemaria.com\/index.php?rest_route=%2Fwp%2Fv2%2Fcomments&post=1565"}],"version-history":[{"count":2,"href":"http:\/\/delamanodemaria.com\/index.php?rest_route=\/wp\/v2\/posts\/1565\/revisions"}],"predecessor-version":[{"id":1568,"href":"http:\/\/delamanodemaria.com\/index.php?rest_route=\/wp\/v2\/posts\/1565\/revisions\/1568"}],"wp:attachment":[{"href":"http:\/\/delamanodemaria.com\/index.php?rest_route=%2Fwp%2Fv2%2Fmedia&parent=1565"}],"wp:term":[{"taxonomy":"category","embeddable":true,"href":"http:\/\/delamanodemaria.com\/index.php?rest_route=%2Fwp%2Fv2%2Fcategories&post=1565"},{"taxonomy":"post_tag","embeddable":true,"href":"http:\/\/delamanodemaria.com\/index.php?rest_route=%2Fwp%2Fv2%2Ftags&post=1565"}],"curies":[{"name":"wp","href":"https:\/\/api.w.org\/{rel}","templated":true}]}}