{"id":15676,"date":"2021-06-12T15:56:35","date_gmt":"2021-06-12T19:56:35","guid":{"rendered":"http:\/\/delamanodemaria.com\/?p=15676"},"modified":"2021-06-12T15:56:35","modified_gmt":"2021-06-12T19:56:35","slug":"reflexion-para-el-undecimo-domingo-del-t-o-b-13-06-21","status":"publish","type":"post","link":"http:\/\/delamanodemaria.com\/?p=15676","title":{"rendered":"REFLEXI\u00d3N PARA EL UND\u00c9CIMO DOMINGO DEL T.O. (B) 13-06-21"},"content":{"rendered":"\n<figure class=\"wp-block-image\"><img decoding=\"async\" loading=\"lazy\" width=\"580\" height=\"421\" src=\"http:\/\/delamanodemaria.com\/wp-content\/uploads\/2015\/01\/semilla-germina.jpg\" alt=\"\" class=\"wp-image-4870\" srcset=\"http:\/\/delamanodemaria.com\/wp-content\/uploads\/2015\/01\/semilla-germina.jpg 580w, http:\/\/delamanodemaria.com\/wp-content\/uploads\/2015\/01\/semilla-germina-300x218.jpg 300w, http:\/\/delamanodemaria.com\/wp-content\/uploads\/2015\/01\/semilla-germina-413x300.jpg 413w\" sizes=\"(max-width: 580px) 100vw, 580px\" \/><figcaption>&#8220;El Reino de Dios se parece a lo que sucede cuando un hombre siembra la semilla en la tierra: que pasan las noches y los d\u00edas, y sin que \u00e9l sepa c\u00f3mo, la semilla germina y crece&#8221;.<\/figcaption><\/figure>\n\n\n\n<p class=\"has-drop-cap\">Dejando atr\u00e1s las celebraciones lit\u00fargicas de\nPentecost\u00e9s, la Sant\u00edsima Trinidad y <em>Corpus\nChristi, <\/em>la liturgia dominical retoma el tiempo ordinario, y la lectura\nevang\u00e9lica de hoy (Mc 4,26-34) nos presenta dos par\u00e1bolas, ambas relacionadas\ncon la agricultura. Jes\u00fas desarroll\u00f3 su ministerio en una cultura acostumbrada\na la siembra, que pod\u00eda relacionarse con el lenguaje agr\u00edcola. Por eso lo\nencontramos ense\u00f1ando con par\u00e1bolas, incluyendo estas que les refer\u00edan a vivencias\nque les resultaban familiares a los que escuchaban. \u201cCon muchas par\u00e1bolas\nparecidas les expon\u00eda la palabra, acomod\u00e1ndose a su entender\u201d.<\/p>\n\n\n\n<p>En la primera de ellas Jes\u00fas compara el Reino\nde Dios con una semilla que se siembra en la tierra y, sin que el campesino\nsepa c\u00f3mo, desde el mismo momento en que la siembra, comienzan a ocurrir una\nserie de maravillas, all\u00ed, en lo oculto, bajo la tierra. Y un buen d\u00eda cuando\nse levanta, encuentra que la semilla ha germinado. Un verdadero misterio. Una\nvez siembra la semilla ya no depende de \u00e9l; las fuerzas ocultas de la\nnaturaleza toman su curso, y \u201cla tierra va produciendo la cosecha ella sola:\nprimero los tallos, luego la espiga, despu\u00e9s el grano\u201d. Finalmente llega el\nmomento de la cosecha, \u201cSe mete la hoz, porque ha llegado la siega\u201d. Pero si no\nsiembra, nunca va a cosechar.<\/p>\n\n\n\n<p>As\u00ed es el Reino de Dios, como una semilla viva\nque hay que sembrar. No nos podemos cruzar de brazos. Hay que sembrar, hay que\narriesgarse. Y el campo en que hemos de sembrarla son las almas de los que nos escuchan\nanunciar ese Reino. \u00a1Tenemos que sembrar! Tenemos que confiar en que esa\nsemilla va a ir geminando lentamente, oculta en lo m\u00e1s profundo de las almas.\nAl igual que la semilla de la par\u00e1bola, una vez la sembramos ya no depende de\nnosotros. La Palabra de Dios y el anuncio del Reino tienen una fuerza y poder\nmisteriosos que har\u00e1n germinar esa semilla de una u otra manera. Pero \u00a1tenemos\nque atrevernos a sembrar! Si no sembramos no podemos cosechar. Del mismo modo\nque el campesino conf\u00eda en las fuerzas de la naturaleza al sembrar su semilla,\nas\u00ed tenemos que confiar nosotros en la Fuerza de la Palabra de Dios para hacer\ngerminar los frutos del anuncio del Reino.<\/p>\n\n\n\n<p>La segunda par\u00e1bola que nos presenta la\nlectura de hoy, la del grano de mostaza, nos apunta a que no importa cu\u00e1n\npeque\u00f1a sea la semilla que sembremos, tiene el potencial de crecer como la m\u00e1s\ngrande de las hortalizas, \u201cy echar ramas tan grandes que los p\u00e1jaros pueden\ncobijarse y anidar en ellas\u201d.<\/p>\n\n\n\n<p>A veces nos cohibimos de sembrar pensando que\nnuestra \u201csemilla\u201d es peque\u00f1a, no nos atrevemos a anunciar el Reino de Dios,\nporque \u201ctenemos poco que decir\u201d. Ninguna semilla es demasiado peque\u00f1a. Si hemos\nrecibido la Palabra de Dios anunciando el Reino, tan solo tenemos que\narriesgarnos, atrevernos a regar la semilla. No olvidemos que esa Palabra tiene\npoder creador, capaz de hacerla germinar a\u00fan en las condiciones m\u00e1s\ndesfavorables. Entonces nos sorprenderemos cuando ese anuncio, al parecer\ninsignificante, \u201cecha ramas tan grandes que los p\u00e1jaros pueden cobijarse y\nanidar en ellas\u201d. El mensaje de Jes\u00fas es consistente: \u201cVayan por todo el mundo,\nanuncien la Buena Noticia a toda la creaci\u00f3n\u201d (Mc 16,15).<\/p>\n\n\n\n<p>No me canso de repetirlo: \u00a1Atr\u00e9vete!<\/p>\n<div style=\"padding-bottom:20px; padding-top:10px;\" class=\"hupso-share-buttons\"><!-- Hupso Share Buttons - https:\/\/www.hupso.com\/share\/ --><a class=\"hupso_toolbar\" href=\"https:\/\/www.hupso.com\/share\/\"><img src=\"http:\/\/static.hupso.com\/share\/buttons\/lang\/es\/share-medium.png\" style=\"border:0px; padding-top: 5px; float:left;\" alt=\"Share Button\"\/><\/a><script type=\"text\/javascript\">var hupso_services_t=new Array(\"Twitter\",\"Facebook\",\"Google Plus\",\"Pinterest\",\"Linkedin\",\"Email\",\"Print\");var hupso_background_t=\"#EAF4FF\";var hupso_border_t=\"#66CCFF\";var hupso_toolbar_size_t=\"medium\";var hupso_image_folder_url = \"\";var hupso_twitter_via=\"hectorops\";var hupso_url_t=\"\";var hupso_title_t=\"REFLEXI%C3%93N%20PARA%20EL%20UND%C3%89CIMO%20DOMINGO%20DEL%20T.O.%20%28B%29%2013-06-21\";<\/script><script type=\"text\/javascript\" src=\"http:\/\/static.hupso.com\/share\/js\/share_toolbar.js\"><\/script><!-- Hupso Share Buttons --><\/div>","protected":false},"excerpt":{"rendered":"<p>Dejando atr\u00e1s las celebraciones lit\u00fargicas de Pentecost\u00e9s, la Sant\u00edsima Trinidad y Corpus Christi, la liturgia dominical retoma el tiempo ordinario, y la lectura evang\u00e9lica de hoy (Mc 4,26-34) nos presenta dos par\u00e1bolas, ambas relacionadas con la agricultura. Jes\u00fas desarroll\u00f3 su &hellip; <a href=\"http:\/\/delamanodemaria.com\/?p=15676\">Continue reading <span class=\"meta-nav\">&rarr;<\/span><\/a><\/p>\n<div style=\"padding-bottom:20px; padding-top:10px;\" class=\"hupso-share-buttons\"><!-- Hupso Share Buttons - https:\/\/www.hupso.com\/share\/ --><a class=\"hupso_toolbar\" href=\"https:\/\/www.hupso.com\/share\/\"><img src=\"http:\/\/static.hupso.com\/share\/buttons\/lang\/es\/share-medium.png\" style=\"border:0px; padding-top: 5px; float:left;\" alt=\"Share Button\"\/><\/a><script type=\"text\/javascript\">var hupso_services_t=new Array(\"Twitter\",\"Facebook\",\"Google Plus\",\"Pinterest\",\"Linkedin\",\"Email\",\"Print\");var hupso_background_t=\"#EAF4FF\";var hupso_border_t=\"#66CCFF\";var hupso_toolbar_size_t=\"medium\";var hupso_image_folder_url = \"\";var hupso_twitter_via=\"hectorops\";var hupso_url_t=\"\";var hupso_title_t=\"REFLEXI%C3%93N%20PARA%20EL%20UND%C3%89CIMO%20DOMINGO%20DEL%20T.O.%20%28B%29%2013-06-21\";<\/script><script type=\"text\/javascript\" src=\"http:\/\/static.hupso.com\/share\/js\/share_toolbar.js\"><\/script><!-- Hupso Share Buttons --><\/div>","protected":false},"author":1,"featured_media":0,"comment_status":"open","ping_status":"open","sticky":false,"template":"","format":"standard","meta":{"jetpack_post_was_ever_published":false,"_jetpack_newsletter_access":"","_jetpack_newsletter_tier_id":0,"jetpack_publicize_message":"","jetpack_is_tweetstorm":false,"jetpack_publicize_feature_enabled":true,"jetpack_social_post_already_shared":true,"jetpack_social_options":{"image_generator_settings":{"template":"highway","enabled":false}}},"categories":[1],"tags":[2153,1172,4777,3643,105,724,2199,415,577,138,501,1467,2142,2,472,437,2382,439,1784,722],"jetpack_publicize_connections":[],"jetpack_featured_media_url":"","jetpack_shortlink":"https:\/\/wp.me\/p3bBgS-44Q","jetpack_sharing_enabled":true,"jetpack_likes_enabled":true,"_links":{"self":[{"href":"http:\/\/delamanodemaria.com\/index.php?rest_route=\/wp\/v2\/posts\/15676"}],"collection":[{"href":"http:\/\/delamanodemaria.com\/index.php?rest_route=\/wp\/v2\/posts"}],"about":[{"href":"http:\/\/delamanodemaria.com\/index.php?rest_route=\/wp\/v2\/types\/post"}],"author":[{"embeddable":true,"href":"http:\/\/delamanodemaria.com\/index.php?rest_route=\/wp\/v2\/users\/1"}],"replies":[{"embeddable":true,"href":"http:\/\/delamanodemaria.com\/index.php?rest_route=%2Fwp%2Fv2%2Fcomments&post=15676"}],"version-history":[{"count":2,"href":"http:\/\/delamanodemaria.com\/index.php?rest_route=\/wp\/v2\/posts\/15676\/revisions"}],"predecessor-version":[{"id":15678,"href":"http:\/\/delamanodemaria.com\/index.php?rest_route=\/wp\/v2\/posts\/15676\/revisions\/15678"}],"wp:attachment":[{"href":"http:\/\/delamanodemaria.com\/index.php?rest_route=%2Fwp%2Fv2%2Fmedia&parent=15676"}],"wp:term":[{"taxonomy":"category","embeddable":true,"href":"http:\/\/delamanodemaria.com\/index.php?rest_route=%2Fwp%2Fv2%2Fcategories&post=15676"},{"taxonomy":"post_tag","embeddable":true,"href":"http:\/\/delamanodemaria.com\/index.php?rest_route=%2Fwp%2Fv2%2Ftags&post=15676"}],"curies":[{"name":"wp","href":"https:\/\/api.w.org\/{rel}","templated":true}]}}