{"id":1570,"date":"2013-07-30T20:10:59","date_gmt":"2013-07-31T00:10:59","guid":{"rendered":"http:\/\/delamanodemaria.com\/?p=1570"},"modified":"2013-07-30T20:10:59","modified_gmt":"2013-07-31T00:10:59","slug":"reflexion-para-el-miercoles-31-07-13","status":"publish","type":"post","link":"http:\/\/delamanodemaria.com\/?p=1570","title":{"rendered":"REFLEXI\u00d3N PARA EL MI\u00c9RCOLES 31-07-13"},"content":{"rendered":"<p><a href=\"http:\/\/delamanodemaria.com\/wp-content\/uploads\/2013\/07\/tesoro-corazon.jpg\"><img decoding=\"async\" loading=\"lazy\" class=\"alignnone size-full wp-image-1571\" alt=\"tesoro corazon\" src=\"http:\/\/delamanodemaria.com\/wp-content\/uploads\/2013\/07\/tesoro-corazon.jpg\" width=\"960\" height=\"883\" srcset=\"http:\/\/delamanodemaria.com\/wp-content\/uploads\/2013\/07\/tesoro-corazon.jpg 960w, http:\/\/delamanodemaria.com\/wp-content\/uploads\/2013\/07\/tesoro-corazon-300x275.jpg 300w, http:\/\/delamanodemaria.com\/wp-content\/uploads\/2013\/07\/tesoro-corazon-326x300.jpg 326w\" sizes=\"(max-width: 960px) 100vw, 960px\" \/><\/a><\/p>\n<p><span style=\"font-size: large;\">Hoy celebramos la memoria de San Ignacio de Loyola, fundador de la Compa\u00f1\u00eda de Jes\u00fas (mejor conocida como la orden de los Jesuitas), de la cual fue su primer general. Este santo, conocido por sus \u201cEjercicios espirituales\u201d, tuvo una vida llena de aventuras que comenz\u00f3 con una corta carrera militar que fue tronchada al ser gravemente herido el 20 de mayo de 1521 durante una batalla en la que \u00e9l luchaba en defensa del castillo de Pamplona.<\/span><\/p>\n<p><span style=\"font-size: large;\">Esas heridas requirieron una larga convalecencia durante la cual, a falta de otro material de lectura, se sumergi\u00f3 en la lectura de la vida de Cristo, y biograf\u00edas de santos. Ese evento marc\u00f3 el inicio de su largo camino de conversi\u00f3n, que culmin\u00f3 con la fundaci\u00f3n de la Compa\u00f1\u00eda de Jes\u00fas, que fue aprobada por el papa Pablo III, el 27 de septiembre de 1540. Les recomiendo visitar el portal de las\u00a0<a href=\"http:\/\/www.corazones.org\/santos\/ignacio_loyola.htm \" target=\"_blank\">Siervas de los Corazones Traspasados de Jes\u00fas y Mar\u00eda <\/a><\/span><span style=\"font-size: large;\">\u00a0para una buena biograf\u00eda de este gran santo.<\/span><\/p>\n<p><span style=\"font-size: large;\">En la lectura evang\u00e9lica (Mt 13,44-46) que nos ofrece la liturgia para hoy, continuamos la narraci\u00f3n de Mateo del segundo gran serm\u00f3n (tambi\u00e9n llamado \u201cdiscurso parab\u00f3lico\u201d) de Jes\u00fas, en el cual nos presenta las siete par\u00e1bolas del Reino. En el pasaje de hoy encontramos dos de esas par\u00e1bolas seguidas: la del tesoro escondido y la de la perla de gran valor.<\/span><\/p>\n<p><span style=\"font-size: large;\">Jes\u00fas nos est\u00e1 diciendo que en la vida del cristiano, del verdadero seguidor de Jes\u00fas,\u00a0no hay nada m\u00e1s valioso que los valores del Reino; tanto que tenemos que estar dispuestos a \u201cvenderlo\u201d todo con tal de adquirirlos, con tal de asegurar ese gran tesoro que es la vida eterna. Eso incluye dejar \u201ccasas, hermanos, hermanas, padre, madre, hijos y campos\u201d por el nombre de Jes\u00fas. Y su promesa es generosa, \u201cel ciento por uno\u201d en el presente, y \u201cla vida eterna\u201d en el mundo venidero (Mt 19,27-39; Mc 10,28-31; Lc 18,28-30).<\/span><\/p>\n<p><span style=\"font-size: large;\">Es cierto que a veces ese \u201cabandonarlo todo\u201d se nos hace dif\u00edcil, sobre todo cuando a eso tenemos que a\u00f1adir las persecuciones, las burlas, las humillaciones, las pruebas que encontramos en el camino, que en ocasiones nos hacen dudar\u2026 Lo \u00fanico que nos permite seguir adelante es la certeza de que Dios no nos abandona, y aunque no nos libre de la prueba, nos acompa\u00f1ar\u00e1 en ella. Y a\u00fan medio de la prueba podremos sentirnos felices, sabiendo que \u00c9l nos ama incondicionalmente y est\u00e1 a nuestro lado, y que nuestros \u201cnombres est\u00e1n inscritos en el cielo\u201d (Cfr. Lc 10,20). Esa es la verdadera \u201calegr\u00eda del cristiano\u201d.<\/span><\/p>\n<p><span style=\"font-size: large;\">Ignacio de Loyola fue uno que comprendi\u00f3 el significado de estas par\u00e1bolas que contemplamos hoy. Supo abandonarlo todo con tal de seguir a Jesucristo. Por eso dir\u00eda: \u201cA fin de imitar a Cristo nuestro Se\u00f1or y asemejarme a \u00c9l, de verdad, cada vez m\u00e1s; quiero y escojo la pobreza con Cristo, pobre m\u00e1s que la riqueza; las humillaciones con Cristo humillado, m\u00e1s que los honores, y prefiero ser tenido por idiota y loco por Cristo, el primero que ha pasado por tal, antes que como sabio y prudente en este mundo\u201d.<\/span><\/p>\n<p><span style=\"font-size: large;\">Piensa en lo que m\u00e1s quieras. \u00bfEstar\u00edas dispuesto a abandonarlo con tal de seguir a Cristo?<\/span><\/p>\n<div style=\"padding-bottom:20px; padding-top:10px;\" class=\"hupso-share-buttons\"><!-- Hupso Share Buttons - https:\/\/www.hupso.com\/share\/ --><a class=\"hupso_toolbar\" href=\"https:\/\/www.hupso.com\/share\/\"><img src=\"http:\/\/static.hupso.com\/share\/buttons\/lang\/es\/share-medium.png\" style=\"border:0px; padding-top: 5px; float:left;\" alt=\"Share Button\"\/><\/a><script type=\"text\/javascript\">var hupso_services_t=new Array(\"Twitter\",\"Facebook\",\"Google Plus\",\"Pinterest\",\"Linkedin\",\"Email\",\"Print\");var hupso_background_t=\"#EAF4FF\";var hupso_border_t=\"#66CCFF\";var hupso_toolbar_size_t=\"medium\";var hupso_image_folder_url = \"\";var hupso_twitter_via=\"hectorops\";var hupso_url_t=\"\";var hupso_title_t=\"REFLEXI%C3%93N%20PARA%20EL%20MI%C3%89RCOLES%2031-07-13\";<\/script><script type=\"text\/javascript\" src=\"http:\/\/static.hupso.com\/share\/js\/share_toolbar.js\"><\/script><!-- Hupso Share Buttons --><\/div>","protected":false},"excerpt":{"rendered":"<p>Hoy celebramos la memoria de San Ignacio de Loyola, fundador de la Compa\u00f1\u00eda de Jes\u00fas (mejor conocida como la orden de los Jesuitas), de la cual fue su primer general. Este santo, conocido por sus \u201cEjercicios espirituales\u201d, tuvo una vida &hellip; <a href=\"http:\/\/delamanodemaria.com\/?p=1570\">Continue reading <span class=\"meta-nav\">&rarr;<\/span><\/a><\/p>\n<div style=\"padding-bottom:20px; padding-top:10px;\" class=\"hupso-share-buttons\"><!-- Hupso Share Buttons - https:\/\/www.hupso.com\/share\/ --><a class=\"hupso_toolbar\" href=\"https:\/\/www.hupso.com\/share\/\"><img src=\"http:\/\/static.hupso.com\/share\/buttons\/lang\/es\/share-medium.png\" style=\"border:0px; padding-top: 5px; float:left;\" alt=\"Share Button\"\/><\/a><script type=\"text\/javascript\">var hupso_services_t=new Array(\"Twitter\",\"Facebook\",\"Google Plus\",\"Pinterest\",\"Linkedin\",\"Email\",\"Print\");var hupso_background_t=\"#EAF4FF\";var hupso_border_t=\"#66CCFF\";var hupso_toolbar_size_t=\"medium\";var hupso_image_folder_url = \"\";var hupso_twitter_via=\"hectorops\";var hupso_url_t=\"\";var hupso_title_t=\"REFLEXI%C3%93N%20PARA%20EL%20MI%C3%89RCOLES%2031-07-13\";<\/script><script type=\"text\/javascript\" src=\"http:\/\/static.hupso.com\/share\/js\/share_toolbar.js\"><\/script><!-- Hupso Share Buttons --><\/div>","protected":false},"author":1,"featured_media":0,"comment_status":"open","ping_status":"open","sticky":false,"template":"","format":"standard","meta":{"jetpack_post_was_ever_published":false,"_jetpack_newsletter_access":"","_jetpack_newsletter_tier_id":0,"jetpack_publicize_message":"","jetpack_is_tweetstorm":false,"jetpack_publicize_feature_enabled":true,"jetpack_social_post_already_shared":true,"jetpack_social_options":{"image_generator_settings":{"template":"highway","enabled":false}}},"categories":[1],"tags":[3,96,243,21,2,97,144],"jetpack_publicize_connections":[],"jetpack_featured_media_url":"","jetpack_shortlink":"https:\/\/wp.me\/p3bBgS-pk","jetpack_sharing_enabled":true,"jetpack_likes_enabled":true,"_links":{"self":[{"href":"http:\/\/delamanodemaria.com\/index.php?rest_route=\/wp\/v2\/posts\/1570"}],"collection":[{"href":"http:\/\/delamanodemaria.com\/index.php?rest_route=\/wp\/v2\/posts"}],"about":[{"href":"http:\/\/delamanodemaria.com\/index.php?rest_route=\/wp\/v2\/types\/post"}],"author":[{"embeddable":true,"href":"http:\/\/delamanodemaria.com\/index.php?rest_route=\/wp\/v2\/users\/1"}],"replies":[{"embeddable":true,"href":"http:\/\/delamanodemaria.com\/index.php?rest_route=%2Fwp%2Fv2%2Fcomments&post=1570"}],"version-history":[{"count":4,"href":"http:\/\/delamanodemaria.com\/index.php?rest_route=\/wp\/v2\/posts\/1570\/revisions"}],"predecessor-version":[{"id":1575,"href":"http:\/\/delamanodemaria.com\/index.php?rest_route=\/wp\/v2\/posts\/1570\/revisions\/1575"}],"wp:attachment":[{"href":"http:\/\/delamanodemaria.com\/index.php?rest_route=%2Fwp%2Fv2%2Fmedia&parent=1570"}],"wp:term":[{"taxonomy":"category","embeddable":true,"href":"http:\/\/delamanodemaria.com\/index.php?rest_route=%2Fwp%2Fv2%2Fcategories&post=1570"},{"taxonomy":"post_tag","embeddable":true,"href":"http:\/\/delamanodemaria.com\/index.php?rest_route=%2Fwp%2Fv2%2Ftags&post=1570"}],"curies":[{"name":"wp","href":"https:\/\/api.w.org\/{rel}","templated":true}]}}