{"id":15785,"date":"2021-06-30T17:13:23","date_gmt":"2021-06-30T21:13:23","guid":{"rendered":"http:\/\/delamanodemaria.com\/?p=15785"},"modified":"2021-06-30T17:13:23","modified_gmt":"2021-06-30T21:13:23","slug":"reflexion-para-el-jueves-de-la-decima-tercera-semana-del-t-o-1-01-07-21","status":"publish","type":"post","link":"http:\/\/delamanodemaria.com\/?p=15785","title":{"rendered":"REFLEXI\u00d3N PARA EL JUEVES DE LA D\u00c9CIMA TERCERA SEMANA DEL T.O. (1) 01-07-21"},"content":{"rendered":"\n<figure class=\"wp-block-image\"><img decoding=\"async\" loading=\"lazy\" width=\"624\" height=\"351\" src=\"http:\/\/delamanodemaria.com\/wp-content\/uploads\/2015\/01\/papa-francisco-confesion-vaticano.jpg\" alt=\"\" class=\"wp-image-4831\" srcset=\"http:\/\/delamanodemaria.com\/wp-content\/uploads\/2015\/01\/papa-francisco-confesion-vaticano.jpg 624w, http:\/\/delamanodemaria.com\/wp-content\/uploads\/2015\/01\/papa-francisco-confesion-vaticano-300x169.jpg 300w, http:\/\/delamanodemaria.com\/wp-content\/uploads\/2015\/01\/papa-francisco-confesion-vaticano-500x281.jpg 500w\" sizes=\"(max-width: 624px) 100vw, 624px\" \/><figcaption>\u00bfCu\u00e1nto tiempo hace que no te acercas al sacramento de la reconciliaci\u00f3n? Anda, \u00a1an\u00edmate! Ver\u00e1s cu\u00e1n cerca de Dios te sientes. <\/figcaption><\/figure>\n\n\n\n<p>La liturgia de hoy (Mt 9,1-8) contin\u00faa la\nnarraci\u00f3n de los diez milagros que sirven de pre\u00e1mbulo a la predicaci\u00f3n del\nReino de los Cielos que comprende los cap\u00edtulos 8 y 9 del relato evang\u00e9lico de\nMateo.<\/p>\n\n\n\n<p>Hoy Mateo nos presenta el pasaje de la\ncuraci\u00f3n de un paral\u00edtico. Este episodio tambi\u00e9n lo recogen todos los\nsin\u00f3pticos. Pero mientras Marcos y Lucas le a\u00f1aden el detalle de unos amigos que\nbajaron al paral\u00edtico frente a Jes\u00fas desde el techo removiendo unas tejas,\nMateo omite ese detalle y va directo al reconocimiento de la fe de los que le\ntrajeron al hombre, y al di\u00e1logo que sigue, que constituye el meollo del\nmensaje de Jes\u00fas.<\/p>\n\n\n\n<p>\u201c\u00a1\u00c1nimo, hijo!, tus pecados est\u00e1n perdonados\u201d.\nEstoy seguro que nadie esperaba esa frase de parte de Jes\u00fas. Hasta entonces le\nhab\u00edan visto como el gran taumaturgo (hacedor de prodigios): curando enfermos,\ndemostrando su poder sobre la naturaleza, y hasta echando demonios. Pero, \u00bfahora\ntambi\u00e9n se arroga el poder de perdonar pecados? \u00a1Blasfemia!, pensaron todos.\nEse poder le est\u00e1 reservado a Dios, pues solo a \u00c9l se ofende, se hiere con el\npecado.<\/p>\n\n\n\n<p>Jes\u00fas, que ve en lo profundo de los corazones\nde los hombres, sab\u00eda lo que estaban pensando y les ripost\u00f3: \u201c\u00bfPor qu\u00e9 pens\u00e1is\nmal? \u00bfQu\u00e9 es m\u00e1s f\u00e1cil decir: \u2018Tus pecados est\u00e1n perdonados\u2019, o decir:\n\u2018Lev\u00e1ntate y anda\u2019? Pues, para que ve\u00e1is que el Hijo del hombre tiene potestad\nen la tierra para perdonar pecados \u2013dijo dirigi\u00e9ndose al paral\u00edtico\u2013: Ponte en\npie, coge tu camilla y vete a tu casa\u201d.<\/p>\n\n\n\n<p>Para entender el alcance de este gesto de\nJes\u00fas tenemos que comprender la mentalidad de los escribas y fariseos. Para\nellos, la enfermedad era producto del pecado, y mientras m\u00e1s grave el pecado,\nm\u00e1s grave la enfermedad. Y aunque Jes\u00fas hab\u00eda aclarado que la enfermedad no\nestaba ligada al pecado (Jn 9,1-14), utiliza un signo visible, como es la\ndesaparici\u00f3n de la par\u00e1lisis, para demostrar que, en efecto, los pecados de\naqu\u00e9l hombre hab\u00edan sido perdonados. Es decir, utiliz\u00f3 el signo de la sanaci\u00f3n\ncorporal para probarles la sanaci\u00f3n espiritual del alma de aqu\u00e9l hombre que\nestaba en estado de pecado.<\/p>\n\n\n\n<p>No solo les demostr\u00f3 a sus detractores que los\npecados de aqu\u00e9l hombre hab\u00edan sido perdonados, sino que tambi\u00e9n el hombre tuvo\nla certeza de que hab\u00eda sido perdonado: \u201ctus pecados est\u00e1n perdonados\u201d.<\/p>\n\n\n\n<p>Antes de partir, Jes\u00fas transmiti\u00f3 a sus\nap\u00f3stoles y a sus sucesores el poder de perdonar los pecados: \u201cReciban el\nEsp\u00edritu Santo. Los pecados ser\u00e1n perdonados a los que ustedes se los perdonen,\ny ser\u00e1n retenidos a los que ustedes se los retengan\u201d (Jn 20,22-23). Ese es el\nfundamento del sacramento de la reconciliaci\u00f3n. Cuando nos acercamos al\nsacramento con nuestra alma \u201cparalizada\u201d por el pecado y confesamos nuestros\npecados, escuchamos la f\u00f3rmula absolutoria que parafrasea las palabras de Jes\u00fas\na aqu\u00e9l paral\u00edtico: \u201ctus pecados est\u00e1n perdonados\u201d, y \u201cponte en pie\u201d. Entonces\ntenemos la certeza de que hemos sido perdonados. No hay nada que sustituya la\nsensaci\u00f3n que se siente en ese momento.<\/p>\n\n\n\n<p>\u00bfCu\u00e1nto tiempo hace que no te acercas al\nsacramento de la reconciliaci\u00f3n? Anda, \u00a1an\u00edmate! Ver\u00e1s cu\u00e1n cerca de Dios te\nsientes.<\/p>\n<div style=\"padding-bottom:20px; padding-top:10px;\" class=\"hupso-share-buttons\"><!-- Hupso Share Buttons - https:\/\/www.hupso.com\/share\/ --><a class=\"hupso_toolbar\" href=\"https:\/\/www.hupso.com\/share\/\"><img src=\"http:\/\/static.hupso.com\/share\/buttons\/lang\/es\/share-medium.png\" style=\"border:0px; padding-top: 5px; float:left;\" alt=\"Share Button\"\/><\/a><script type=\"text\/javascript\">var hupso_services_t=new Array(\"Twitter\",\"Facebook\",\"Google Plus\",\"Pinterest\",\"Linkedin\",\"Email\",\"Print\");var hupso_background_t=\"#EAF4FF\";var hupso_border_t=\"#66CCFF\";var hupso_toolbar_size_t=\"medium\";var hupso_image_folder_url = \"\";var hupso_twitter_via=\"hectorops\";var hupso_url_t=\"\";var hupso_title_t=\"REFLEXI%C3%93N%20PARA%20EL%20JUEVES%20DE%20LA%20D%C3%89CIMA%20TERCERA%20SEMANA%20DEL%20T.O.%20%281%29%2001-07-21\";<\/script><script type=\"text\/javascript\" src=\"http:\/\/static.hupso.com\/share\/js\/share_toolbar.js\"><\/script><!-- Hupso Share Buttons --><\/div>","protected":false},"excerpt":{"rendered":"<p>La liturgia de hoy (Mt 9,1-8) contin\u00faa la narraci\u00f3n de los diez milagros que sirven de pre\u00e1mbulo a la predicaci\u00f3n del Reino de los Cielos que comprende los cap\u00edtulos 8 y 9 del relato evang\u00e9lico de Mateo. Hoy Mateo nos &hellip; <a href=\"http:\/\/delamanodemaria.com\/?p=15785\">Continue reading <span class=\"meta-nav\">&rarr;<\/span><\/a><\/p>\n<div style=\"padding-bottom:20px; padding-top:10px;\" class=\"hupso-share-buttons\"><!-- Hupso Share Buttons - https:\/\/www.hupso.com\/share\/ --><a class=\"hupso_toolbar\" href=\"https:\/\/www.hupso.com\/share\/\"><img src=\"http:\/\/static.hupso.com\/share\/buttons\/lang\/es\/share-medium.png\" style=\"border:0px; padding-top: 5px; float:left;\" alt=\"Share Button\"\/><\/a><script type=\"text\/javascript\">var hupso_services_t=new Array(\"Twitter\",\"Facebook\",\"Google Plus\",\"Pinterest\",\"Linkedin\",\"Email\",\"Print\");var hupso_background_t=\"#EAF4FF\";var hupso_border_t=\"#66CCFF\";var hupso_toolbar_size_t=\"medium\";var hupso_image_folder_url = \"\";var hupso_twitter_via=\"hectorops\";var hupso_url_t=\"\";var hupso_title_t=\"REFLEXI%C3%93N%20PARA%20EL%20JUEVES%20DE%20LA%20D%C3%89CIMA%20TERCERA%20SEMANA%20DEL%20T.O.%20%281%29%2001-07-21\";<\/script><script type=\"text\/javascript\" src=\"http:\/\/static.hupso.com\/share\/js\/share_toolbar.js\"><\/script><!-- Hupso Share Buttons --><\/div>","protected":false},"author":1,"featured_media":0,"comment_status":"open","ping_status":"open","sticky":false,"template":"","format":"standard","meta":{"jetpack_post_was_ever_published":false,"_jetpack_newsletter_access":"","_jetpack_newsletter_tier_id":0,"jetpack_publicize_message":"","jetpack_is_tweetstorm":false,"jetpack_publicize_feature_enabled":true,"jetpack_social_post_already_shared":true,"jetpack_social_options":{"image_generator_settings":{"template":"highway","enabled":false}}},"categories":[1],"tags":[765,433,3078,1483,267,29,2935,4075,27,1140,2226,2,606,82,3079,773,722],"jetpack_publicize_connections":[],"jetpack_featured_media_url":"","jetpack_shortlink":"https:\/\/wp.me\/p3bBgS-46B","jetpack_sharing_enabled":true,"jetpack_likes_enabled":true,"_links":{"self":[{"href":"http:\/\/delamanodemaria.com\/index.php?rest_route=\/wp\/v2\/posts\/15785"}],"collection":[{"href":"http:\/\/delamanodemaria.com\/index.php?rest_route=\/wp\/v2\/posts"}],"about":[{"href":"http:\/\/delamanodemaria.com\/index.php?rest_route=\/wp\/v2\/types\/post"}],"author":[{"embeddable":true,"href":"http:\/\/delamanodemaria.com\/index.php?rest_route=\/wp\/v2\/users\/1"}],"replies":[{"embeddable":true,"href":"http:\/\/delamanodemaria.com\/index.php?rest_route=%2Fwp%2Fv2%2Fcomments&post=15785"}],"version-history":[{"count":2,"href":"http:\/\/delamanodemaria.com\/index.php?rest_route=\/wp\/v2\/posts\/15785\/revisions"}],"predecessor-version":[{"id":15787,"href":"http:\/\/delamanodemaria.com\/index.php?rest_route=\/wp\/v2\/posts\/15785\/revisions\/15787"}],"wp:attachment":[{"href":"http:\/\/delamanodemaria.com\/index.php?rest_route=%2Fwp%2Fv2%2Fmedia&parent=15785"}],"wp:term":[{"taxonomy":"category","embeddable":true,"href":"http:\/\/delamanodemaria.com\/index.php?rest_route=%2Fwp%2Fv2%2Fcategories&post=15785"},{"taxonomy":"post_tag","embeddable":true,"href":"http:\/\/delamanodemaria.com\/index.php?rest_route=%2Fwp%2Fv2%2Ftags&post=15785"}],"curies":[{"name":"wp","href":"https:\/\/api.w.org\/{rel}","templated":true}]}}