{"id":15892,"date":"2021-07-15T16:51:38","date_gmt":"2021-07-15T20:51:38","guid":{"rendered":"http:\/\/delamanodemaria.com\/?p=15892"},"modified":"2021-07-15T16:51:38","modified_gmt":"2021-07-15T20:51:38","slug":"reflexion-para-la-fiesta-de-nuestra-senora-del-carmen-16-07-21","status":"publish","type":"post","link":"http:\/\/delamanodemaria.com\/?p=15892","title":{"rendered":"REFLEXI\u00d3N PARA LA FIESTA DE NUESTRA SE\u00d1ORA DEL CARMEN 16-07-21"},"content":{"rendered":"\n<figure class=\"wp-block-image\"><img decoding=\"async\" loading=\"lazy\" width=\"1024\" height=\"612\" src=\"http:\/\/delamanodemaria.com\/wp-content\/uploads\/2021\/07\/Nuestra-Se\u00f1ora-del-Carmen-Aguadilla-1024x612.jpg\" alt=\"\" class=\"wp-image-15895\" srcset=\"http:\/\/delamanodemaria.com\/wp-content\/uploads\/2021\/07\/Nuestra-Se\u00f1ora-del-Carmen-Aguadilla-1024x612.jpg 1024w, http:\/\/delamanodemaria.com\/wp-content\/uploads\/2021\/07\/Nuestra-Se\u00f1ora-del-Carmen-Aguadilla-300x179.jpg 300w, http:\/\/delamanodemaria.com\/wp-content\/uploads\/2021\/07\/Nuestra-Se\u00f1ora-del-Carmen-Aguadilla-768x459.jpg 768w, http:\/\/delamanodemaria.com\/wp-content\/uploads\/2021\/07\/Nuestra-Se\u00f1ora-del-Carmen-Aguadilla-500x300.jpg 500w, http:\/\/delamanodemaria.com\/wp-content\/uploads\/2021\/07\/Nuestra-Se\u00f1ora-del-Carmen-Aguadilla.jpg 1200w\" sizes=\"(max-width: 1024px) 100vw, 1024px\" \/><figcaption>Pidamos a Nuestra Se\u00f1ora del Carmen que sea nuestra Estrella de Mar que nos dirija al puerto seguro que es su Hijo, nuestro Se\u00f1or Jesucristo. <\/figcaption><\/figure>\n\n\n\n<p>Hoy celebramos la Fiesta de Nuestra Se\u00f1ora del\nCarmen, tambi\u00e9n conocida simplemente como la Virgen del Carmen, Nuestra Se\u00f1ora\ndel Monte Carmelo, Flor del Carmelo, y <em>Stella Maris<\/em> (Estrella del Mar).<\/p>\n\n\n\n<p>Esta es una de las advocaciones m\u00e1s antiguas,\nsi no la m\u00e1s antigua, de la Virgen Mar\u00eda. Deriva su nombre del Monte Carmelo\n(del hebreo <em>Karmel<\/em>, o <em>Al-Karem<\/em>, que quiere decir \u201cjard\u00edn\u201d), que\nse yergue en la costa oriental del Mar Mediterr\u00e1neo, a la vista del puerto\nmar\u00edtimo de Haifa. Fue en este monte que el profeta El\u00edas tuvo la visi\u00f3n de la\nnube (1 Re 18,44) que pondr\u00eda fin a la sequ\u00eda que hab\u00eda azotado la regi\u00f3n.<\/p>\n\n\n\n<p>Desde los primeros ermita\u00f1os que se\nestablecieron en el Monte Carmelo, se ha interpretado la nube de la visi\u00f3n de\nEl\u00edas (1 Re 18,44) como un s\u00edmbolo de la Virgen Mar\u00eda Inmaculada. Una tradici\u00f3n\ndice que El\u00edas interpret\u00f3 la visi\u00f3n de aquella nube como un s\u00edmbolo de la\nllegada del Salvador esperado, que nacer\u00eda de una doncella inmaculada para\ntraer una lluvia de bendiciones. Desde entonces, aquella peque\u00f1a comunidad que\nten\u00eda por hogar el Monte Carmelo, se dedic\u00f3 a rezar por la que ser\u00eda madre del\nRedentor, comenzando as\u00ed la devoci\u00f3n a Nuestra Se\u00f1ora del Monte Carmelo.<\/p>\n\n\n\n<p>Fue en ese lugar que, en el siglo XII, un\ngrupo de hombres, inspirados por el profeta El\u00edas, fund\u00f3 la orden de los\nCarmelitas.<\/p>\n\n\n\n<p>Dijimos que otro nombre por el cual se conoce\na la Virgen del Carmen es Estrella del Mar, o <em>Stella Maris<\/em>. Antes de que\nexistieran las br\u00fajulas, ni los medios de navegaci\u00f3n electr\u00f3nicos modernos, los\nmarineros se guiaban por las estrellas. Cuando los sarracenos invadieron el\nCarmelo, los Carmelitas se vieron obligados a abandonar por un tiempo el\nmonasterio. Otra antigua tradici\u00f3n dice que antes de partir se les apareci\u00f3 la\nVirgen mientras cantaban el Salve Regina y ella prometi\u00f3 ser para ellos su\nEstrella del Mar. De aqu\u00ed la analog\u00eda con La Virgen Mar\u00eda quien como, estrella\ndel mar, nos gu\u00eda por las aguas dif\u00edciles de la vida hacia el puerto seguro que\nes Cristo. Por eso tambi\u00e9n es patrona de marineros, pescadores, y todos los que\nse hacen a la mar.<\/p>\n\n\n\n<p>En Puerto Rico, por ser fiesta lit\u00fargica, se\ncontemplan las lecturas propias de la celebraci\u00f3n.<\/p>\n\n\n\n<p>Como primera lectura se nos presenta el pasaje\nen que Zacar\u00edas (2,14-17) profetiza el jubiloso acontecimiento del nacimiento\ndel Salvador: \u201cGrita de j\u00fabilo y al\u00e9grate, hija de Si\u00f3n: porque yo vengo a\nhabitar en medio de ti \u2013or\u00e1culo del Se\u00f1or-\u201d. \u201cHija de Si\u00f3n\u201d es uno de los\nnombres que se le daban en el Antiguo Testamento al pueblo de Dios (en\nreferencia al Monte Si\u00f3n, centro de la Historia de la Salvaci\u00f3n).<\/p>\n\n\n\n<p>Cuando en la Anunciaci\u00f3n el \u00e1ngel saluda a\nMar\u00eda dici\u00e9ndole \u201cAl\u00e9grate, llena de gracia\u201d, la Virgen est\u00e1 representando al\nnuevo Pueblo de Dios. Por eso \u201cHija de Si\u00f3n\u201d es tambi\u00e9n uno de los t\u00edtulos que\nse dan a Nuestra Se\u00f1ora, invitada por Dios a una gran alegr\u00eda, que expresa su\npapel extraordinario de madre del Mes\u00edas, convirti\u00e9ndose en la mujer que desde\nanta\u00f1o veneraban los ermita\u00f1os del Monte Carmelo, sin conocer su identidad,\npero s\u00ed su misi\u00f3n de convertirse en madre del Redentor.<\/p>\n\n\n\n<p>Hoy, en esta celebraci\u00f3n de Nuestra Se\u00f1ora,\npid\u00e1mosle que sea nuestra Estrella de Mar que nos dirija al puerto seguro que\nes su Hijo, nuestro Se\u00f1or Jesucristo.<\/p>\n<div style=\"padding-bottom:20px; padding-top:10px;\" class=\"hupso-share-buttons\"><!-- Hupso Share Buttons - https:\/\/www.hupso.com\/share\/ --><a class=\"hupso_toolbar\" href=\"https:\/\/www.hupso.com\/share\/\"><img src=\"http:\/\/static.hupso.com\/share\/buttons\/lang\/es\/share-medium.png\" style=\"border:0px; padding-top: 5px; float:left;\" alt=\"Share Button\"\/><\/a><script type=\"text\/javascript\">var hupso_services_t=new Array(\"Twitter\",\"Facebook\",\"Google Plus\",\"Pinterest\",\"Linkedin\",\"Email\",\"Print\");var hupso_background_t=\"#EAF4FF\";var hupso_border_t=\"#66CCFF\";var hupso_toolbar_size_t=\"medium\";var hupso_image_folder_url = \"\";var hupso_twitter_via=\"hectorops\";var hupso_url_t=\"\";var hupso_title_t=\"REFLEXI%C3%93N%20PARA%20LA%20FIESTA%20DE%20NUESTRA%20SE%C3%91ORA%20DEL%20CARMEN%2016-07-21\";<\/script><script type=\"text\/javascript\" src=\"http:\/\/static.hupso.com\/share\/js\/share_toolbar.js\"><\/script><!-- Hupso Share Buttons --><\/div>","protected":false},"excerpt":{"rendered":"<p>Hoy celebramos la Fiesta de Nuestra Se\u00f1ora del Carmen, tambi\u00e9n conocida simplemente como la Virgen del Carmen, Nuestra Se\u00f1ora del Monte Carmelo, Flor del Carmelo, y Stella Maris (Estrella del Mar). Esta es una de las advocaciones m\u00e1s antiguas, si &hellip; <a href=\"http:\/\/delamanodemaria.com\/?p=15892\">Continue reading <span class=\"meta-nav\">&rarr;<\/span><\/a><\/p>\n<div style=\"padding-bottom:20px; padding-top:10px;\" class=\"hupso-share-buttons\"><!-- Hupso Share Buttons - https:\/\/www.hupso.com\/share\/ --><a class=\"hupso_toolbar\" href=\"https:\/\/www.hupso.com\/share\/\"><img src=\"http:\/\/static.hupso.com\/share\/buttons\/lang\/es\/share-medium.png\" style=\"border:0px; padding-top: 5px; float:left;\" alt=\"Share Button\"\/><\/a><script type=\"text\/javascript\">var hupso_services_t=new Array(\"Twitter\",\"Facebook\",\"Google Plus\",\"Pinterest\",\"Linkedin\",\"Email\",\"Print\");var hupso_background_t=\"#EAF4FF\";var hupso_border_t=\"#66CCFF\";var hupso_toolbar_size_t=\"medium\";var hupso_image_folder_url = \"\";var hupso_twitter_via=\"hectorops\";var hupso_url_t=\"\";var hupso_title_t=\"REFLEXI%C3%93N%20PARA%20LA%20FIESTA%20DE%20NUESTRA%20SE%C3%91ORA%20DEL%20CARMEN%2016-07-21\";<\/script><script type=\"text\/javascript\" src=\"http:\/\/static.hupso.com\/share\/js\/share_toolbar.js\"><\/script><!-- Hupso Share Buttons --><\/div>","protected":false},"author":1,"featured_media":15895,"comment_status":"open","ping_status":"open","sticky":false,"template":"","format":"standard","meta":{"jetpack_post_was_ever_published":false,"_jetpack_newsletter_access":"","_jetpack_newsletter_tier_id":0,"jetpack_publicize_message":"","jetpack_is_tweetstorm":false,"jetpack_publicize_feature_enabled":true,"jetpack_social_post_already_shared":true,"jetpack_social_options":{"image_generator_settings":{"template":"highway","enabled":false}}},"categories":[1],"tags":[2405,84,2404,1007,572,85,3095,223,225,224,4009,623,2,980,573,3096,389],"jetpack_publicize_connections":[],"jetpack_featured_media_url":"http:\/\/delamanodemaria.com\/wp-content\/uploads\/2021\/07\/Nuestra-Se\u00f1ora-del-Carmen-Aguadilla.jpg","jetpack_shortlink":"https:\/\/wp.me\/p3bBgS-48k","jetpack_sharing_enabled":true,"jetpack_likes_enabled":true,"_links":{"self":[{"href":"http:\/\/delamanodemaria.com\/index.php?rest_route=\/wp\/v2\/posts\/15892"}],"collection":[{"href":"http:\/\/delamanodemaria.com\/index.php?rest_route=\/wp\/v2\/posts"}],"about":[{"href":"http:\/\/delamanodemaria.com\/index.php?rest_route=\/wp\/v2\/types\/post"}],"author":[{"embeddable":true,"href":"http:\/\/delamanodemaria.com\/index.php?rest_route=\/wp\/v2\/users\/1"}],"replies":[{"embeddable":true,"href":"http:\/\/delamanodemaria.com\/index.php?rest_route=%2Fwp%2Fv2%2Fcomments&post=15892"}],"version-history":[{"count":3,"href":"http:\/\/delamanodemaria.com\/index.php?rest_route=\/wp\/v2\/posts\/15892\/revisions"}],"predecessor-version":[{"id":15896,"href":"http:\/\/delamanodemaria.com\/index.php?rest_route=\/wp\/v2\/posts\/15892\/revisions\/15896"}],"wp:featuredmedia":[{"embeddable":true,"href":"http:\/\/delamanodemaria.com\/index.php?rest_route=\/wp\/v2\/media\/15895"}],"wp:attachment":[{"href":"http:\/\/delamanodemaria.com\/index.php?rest_route=%2Fwp%2Fv2%2Fmedia&parent=15892"}],"wp:term":[{"taxonomy":"category","embeddable":true,"href":"http:\/\/delamanodemaria.com\/index.php?rest_route=%2Fwp%2Fv2%2Fcategories&post=15892"},{"taxonomy":"post_tag","embeddable":true,"href":"http:\/\/delamanodemaria.com\/index.php?rest_route=%2Fwp%2Fv2%2Ftags&post=15892"}],"curies":[{"name":"wp","href":"https:\/\/api.w.org\/{rel}","templated":true}]}}