{"id":15897,"date":"2022-07-15T20:27:00","date_gmt":"2022-07-16T00:27:00","guid":{"rendered":"http:\/\/delamanodemaria.com\/?p=15897"},"modified":"2022-07-15T20:27:47","modified_gmt":"2022-07-16T00:27:47","slug":"sabias-que-advocacion-mariana-mas-antigua-es-la-de-nuestra-senora-del-carmen","status":"publish","type":"post","link":"http:\/\/delamanodemaria.com\/?p=15897","title":{"rendered":"\u00bfSab\u00edas que la advocaci\u00f3n mariana m\u00e1s antigua es la de Nuestra Se\u00f1ora del Carmen?"},"content":{"rendered":"\n<figure class=\"wp-block-image size-full\"><a href=\"http:\/\/delamanodemaria.com\/wp-content\/uploads\/2021\/07\/imagen-de-ntra-sra-del-carmen-para-descargar.jpg\"><img decoding=\"async\" loading=\"lazy\" width=\"680\" height=\"439\" src=\"http:\/\/delamanodemaria.com\/wp-content\/uploads\/2021\/07\/imagen-de-ntra-sra-del-carmen-para-descargar.jpg\" alt=\"\" class=\"wp-image-17740\" srcset=\"http:\/\/delamanodemaria.com\/wp-content\/uploads\/2021\/07\/imagen-de-ntra-sra-del-carmen-para-descargar.jpg 680w, http:\/\/delamanodemaria.com\/wp-content\/uploads\/2021\/07\/imagen-de-ntra-sra-del-carmen-para-descargar-300x194.jpg 300w, http:\/\/delamanodemaria.com\/wp-content\/uploads\/2021\/07\/imagen-de-ntra-sra-del-carmen-para-descargar-465x300.jpg 465w\" sizes=\"(max-width: 680px) 100vw, 680px\" \/><\/a><\/figure>\n\n\n\n<p>\u00a1Hola! Te invitamos a ver este corto v\u00eddeo (1 minuto) de nuestra serie&nbsp;<em><strong><a rel=\"noreferrer noopener\" aria-label=\"\u00bfSab\u00edas que\u2026 (opens in a new tab)\" href=\"https:\/\/www.youtube.com\/watch?v=_Oten7PvRlU\" target=\"_blank\">\u00bfSab\u00edas que\u2026<\/a><a rel=\"noreferrer noopener\" href=\"https:\/\/www.youtube.com\/watch?v=frEmrHstHkU\" target=\"_blank\">?<\/a><\/strong><\/em> en donde hablamos sobre por qu\u00e9 Nuestra Se\u00f1ora del Carmen es la advocaci\u00f3n mariana m\u00e1s antigua.<\/p>\n\n\n\n<p>Adem\u00e1s de compartir el enlace, te invitamos a explorar otros v\u00eddeos en nuestro canal de YouTube,&nbsp;<a rel=\"noreferrer noopener\" href=\"https:\/\/www.youtube.com\/channel\/UCRPOquX5FIFCnxaSMTs3aiQ\" target=\"_blank\"><strong>De la mano de Mar\u00eda TV<\/strong><\/a>, y suscribirte al mismo. De ese modo, cuando ampliemos este tema en una futura&nbsp;<strong><em>C\u00e1psula mariana<\/em><\/strong>&nbsp;puedas saber m\u00e1s sobre el mismo.<\/p>\n<div style=\"padding-bottom:20px; padding-top:10px;\" class=\"hupso-share-buttons\"><!-- Hupso Share Buttons - https:\/\/www.hupso.com\/share\/ --><a class=\"hupso_toolbar\" href=\"https:\/\/www.hupso.com\/share\/\"><img src=\"http:\/\/static.hupso.com\/share\/buttons\/lang\/es\/share-medium.png\" style=\"border:0px; padding-top: 5px; float:left;\" alt=\"Share Button\"\/><\/a><script type=\"text\/javascript\">var hupso_services_t=new Array(\"Twitter\",\"Facebook\",\"Google Plus\",\"Pinterest\",\"Linkedin\",\"Email\",\"Print\");var hupso_background_t=\"#EAF4FF\";var hupso_border_t=\"#66CCFF\";var hupso_toolbar_size_t=\"medium\";var hupso_image_folder_url = \"\";var hupso_twitter_via=\"hectorops\";var hupso_url_t=\"\";var hupso_title_t=\"%C2%BFSab%C3%ADas%20que%20la%20advocaci%C3%B3n%20mariana%20m%C3%A1s%20antigua%20es%20la%20de%20Nuestra%20Se%C3%B1ora%20del%20Carmen%3F\";<\/script><script type=\"text\/javascript\" src=\"http:\/\/static.hupso.com\/share\/js\/share_toolbar.js\"><\/script><!-- Hupso Share Buttons --><\/div>","protected":false},"excerpt":{"rendered":"<p>\u00a1Hola! Te invitamos a ver este corto v\u00eddeo (1 minuto) de nuestra serie&nbsp;\u00bfSab\u00edas que\u2026? en donde hablamos sobre por qu\u00e9 Nuestra Se\u00f1ora del Carmen es la advocaci\u00f3n mariana m\u00e1s antigua. Adem\u00e1s de compartir el enlace, te invitamos a explorar otros &hellip; <a href=\"http:\/\/delamanodemaria.com\/?p=15897\">Continue reading <span class=\"meta-nav\">&rarr;<\/span><\/a><\/p>\n<div style=\"padding-bottom:20px; padding-top:10px;\" class=\"hupso-share-buttons\"><!-- Hupso Share Buttons - https:\/\/www.hupso.com\/share\/ --><a class=\"hupso_toolbar\" href=\"https:\/\/www.hupso.com\/share\/\"><img src=\"http:\/\/static.hupso.com\/share\/buttons\/lang\/es\/share-medium.png\" style=\"border:0px; padding-top: 5px; float:left;\" alt=\"Share Button\"\/><\/a><script type=\"text\/javascript\">var hupso_services_t=new Array(\"Twitter\",\"Facebook\",\"Google Plus\",\"Pinterest\",\"Linkedin\",\"Email\",\"Print\");var hupso_background_t=\"#EAF4FF\";var hupso_border_t=\"#66CCFF\";var hupso_toolbar_size_t=\"medium\";var hupso_image_folder_url = \"\";var hupso_twitter_via=\"hectorops\";var hupso_url_t=\"\";var hupso_title_t=\"%C2%BFSab%C3%ADas%20que%20la%20advocaci%C3%B3n%20mariana%20m%C3%A1s%20antigua%20es%20la%20de%20Nuestra%20Se%C3%B1ora%20del%20Carmen%3F\";<\/script><script type=\"text\/javascript\" src=\"http:\/\/static.hupso.com\/share\/js\/share_toolbar.js\"><\/script><!-- Hupso Share Buttons --><\/div>","protected":false},"author":1,"featured_media":17740,"comment_status":"open","ping_status":"open","sticky":false,"template":"","format":"standard","meta":{"jetpack_post_was_ever_published":false,"_jetpack_newsletter_access":"","_jetpack_newsletter_tier_id":0,"jetpack_publicize_message":"","jetpack_is_tweetstorm":false,"jetpack_publicize_feature_enabled":true,"jetpack_social_post_already_shared":true,"jetpack_social_options":{"image_generator_settings":{"template":"highway","enabled":false}}},"categories":[1],"tags":[4668,1706,1705,3311,224,573,4806],"jetpack_publicize_connections":[],"jetpack_featured_media_url":"http:\/\/delamanodemaria.com\/wp-content\/uploads\/2021\/07\/imagen-de-ntra-sra-del-carmen-para-descargar.jpg","jetpack_shortlink":"https:\/\/wp.me\/p3bBgS-48p","jetpack_sharing_enabled":true,"jetpack_likes_enabled":true,"_links":{"self":[{"href":"http:\/\/delamanodemaria.com\/index.php?rest_route=\/wp\/v2\/posts\/15897"}],"collection":[{"href":"http:\/\/delamanodemaria.com\/index.php?rest_route=\/wp\/v2\/posts"}],"about":[{"href":"http:\/\/delamanodemaria.com\/index.php?rest_route=\/wp\/v2\/types\/post"}],"author":[{"embeddable":true,"href":"http:\/\/delamanodemaria.com\/index.php?rest_route=\/wp\/v2\/users\/1"}],"replies":[{"embeddable":true,"href":"http:\/\/delamanodemaria.com\/index.php?rest_route=%2Fwp%2Fv2%2Fcomments&post=15897"}],"version-history":[{"count":4,"href":"http:\/\/delamanodemaria.com\/index.php?rest_route=\/wp\/v2\/posts\/15897\/revisions"}],"predecessor-version":[{"id":17741,"href":"http:\/\/delamanodemaria.com\/index.php?rest_route=\/wp\/v2\/posts\/15897\/revisions\/17741"}],"wp:featuredmedia":[{"embeddable":true,"href":"http:\/\/delamanodemaria.com\/index.php?rest_route=\/wp\/v2\/media\/17740"}],"wp:attachment":[{"href":"http:\/\/delamanodemaria.com\/index.php?rest_route=%2Fwp%2Fv2%2Fmedia&parent=15897"}],"wp:term":[{"taxonomy":"category","embeddable":true,"href":"http:\/\/delamanodemaria.com\/index.php?rest_route=%2Fwp%2Fv2%2Fcategories&post=15897"},{"taxonomy":"post_tag","embeddable":true,"href":"http:\/\/delamanodemaria.com\/index.php?rest_route=%2Fwp%2Fv2%2Ftags&post=15897"}],"curies":[{"name":"wp","href":"https:\/\/api.w.org\/{rel}","templated":true}]}}