{"id":15913,"date":"2021-07-19T16:20:02","date_gmt":"2021-07-19T20:20:02","guid":{"rendered":"http:\/\/delamanodemaria.com\/?p=15913"},"modified":"2021-07-19T16:20:02","modified_gmt":"2021-07-19T20:20:02","slug":"reflexion-para-el-martes-de-la-decima-sexta-semana-del-t-o-1-20-07-21","status":"publish","type":"post","link":"http:\/\/delamanodemaria.com\/?p=15913","title":{"rendered":"REFLEXI\u00d3N PARA EL MARTES DE LA D\u00c9CIMA SEXTA SEMANA DEL T.O. (1) 20-07-21"},"content":{"rendered":"\n<figure class=\"wp-block-image\"><img decoding=\"async\" loading=\"lazy\" width=\"600\" height=\"338\" src=\"http:\/\/delamanodemaria.com\/wp-content\/uploads\/2021\/07\/Mateo-12-46-50.jpg\" alt=\"\" class=\"wp-image-15915\" srcset=\"http:\/\/delamanodemaria.com\/wp-content\/uploads\/2021\/07\/Mateo-12-46-50.jpg 600w, http:\/\/delamanodemaria.com\/wp-content\/uploads\/2021\/07\/Mateo-12-46-50-300x169.jpg 300w, http:\/\/delamanodemaria.com\/wp-content\/uploads\/2021\/07\/Mateo-12-46-50-500x282.jpg 500w\" sizes=\"(max-width: 600px) 100vw, 600px\" \/><figcaption>\u00bfTe interesa pertenecer a la familia de Jes\u00fas? \u201cTodo el que hace la voluntad de mi Padre que est\u00e1 en el cielo, ese es mi hermano, mi hermana y mi madre\u201d. <\/figcaption><\/figure>\n\n\n\n<p>Como primera lectura para hoy la liturgia nos\npresenta la narraci\u00f3n del hecho que sella definitivamente la liberaci\u00f3n del\npueblo jud\u00edo de la esclavitud en Egipto: el cruce del Mar Rojo, la culminaci\u00f3n\nde la Pascua, y el comienzo de la marcha a trav\u00e9s del desierto (Ex 14,21-15,1).<\/p>\n\n\n\n<p>Este es un hecho salv\u00edfico tan importante, que\nmarc\u00f3 un hito en la historia y la fe del pueblo de Israel, y en nuestra propia\nfe, al punto de que tanto jud\u00edos como cristianos estamos convencidos que\naquella noche Yahv\u00e9 salv\u00f3 a los israelitas de la esclavitud en Egipto. As\u00ed lo\nproclamamos en el preg\u00f3n pascual que cantamos la noche de la Vigilia Pascual:\n\u201c\u00c9sta es la noche en que sacaste de Egipto a los israelitas, nuestros padres, y\nles hiciste pasar a pie el Mar Rojo\u201d.<\/p>\n\n\n\n<p>El mismo preg\u00f3n nos recuerda, que al igual que\nen aquella primera noche de Pascua Yahv\u00e9 libr\u00f3 a su pueblo elegido de la\nesclavitud en Egipto, Jes\u00fas, con su Pascua, nos liber\u00f3 a nosotros, el nuevo\npueblo de Dios, del pecado y de la muerte: \u201cEsta es la noche en que, rotas las\ncadenas de la muerte, Cristo asciende victorioso del abismo\u201d. Y m\u00e1s adelante\na\u00f1ade: \u201cEsta es la noche en la que, por toda la tierra, los que confiesan su fe\nen Cristo son arrancados de los vicios del mundo y de la oscuridad del pecado,\nson restituidos a la gracia y agregados a los santos\u201d.<\/p>\n\n\n\n<p>Finalmente, la oraci\u00f3n que sigue a la tercera\nlectura de la Vigilia, nos dice: \u201cel Mar Rojo fue imagen de la fuente\nbautismal, y el pueblo liberado de la esclavitud, imagen de la familia\ncristiana\u201d. Esta oraci\u00f3n nos sirve de introducci\u00f3n a la lectura evang\u00e9lica que\nnos propone la liturgia para hoy, el pasaje conocido como \u201cla verdadera familia\nde Jes\u00fas\u201d (Mt 12,46-50):<\/p>\n\n\n\n<p>\u201cTodav\u00eda estaba hablando a la multitud, cuando\nsu madre y sus hermanos, que estaban afuera, trataban de hablar con \u00e9l. Alguien\nle dijo: \u2018Tu madre y tus hermanos est\u00e1n ah\u00ed afuera y quieren hablarte\u2019. Jes\u00fas\nle respondi\u00f3: \u2018\u00bfQui\u00e9n es mi madre y qui\u00e9nes son mis hermanos?\u2019. Y se\u00f1alando con\nla mano a sus disc\u00edpulos, agreg\u00f3: \u2018Estos son mi madre y mis hermanos. Porque\ntodo el que hace la voluntad de mi Padre que est\u00e1 en el cielo, ese es mi\nhermano, mi hermana y mi madre\u2019\u201d.<\/p>\n\n\n\n<p>\u201cTodo el que hace la voluntad de mi Padre que\nest\u00e1 en el cielo, ese es mi hermano, mi hermana y mi madre\u201d. Con esta\naseveraci\u00f3n Jes\u00fas destaca que a\u00fan su propia madre es m\u00e1s madre de \u00c9l por hacer\nla voluntad del Padre que por haberle parido. M\u00e1s aun, nos est\u00e1 ofreciendo a\ntodos el calor y la intimidad de una familia. Esta postura es c\u00f3nsona con su\npredicaci\u00f3n del Amor como fundamento de la nueva Ley. Ya no se trata de un Dios\ndistante (relaci\u00f3n vertical), inalcanzable, a quien debemos someternos. Con\nJes\u00fas hemos pasado a formar parte de la \u201cfamilia divina\u201d, en la que todos somos\nhermanos y hermanas en Cristo Jes\u00fas (relaci\u00f3n horizontal) y adquirimos el\ncar\u00e1cter de hijos del Padre.<\/p>\n\n\n\n<p>\u00bfTe interesa pertenecer a la familia de Jes\u00fas?\n\u201cTodo el que hace la voluntad de mi Padre que est\u00e1 en el cielo, ese es mi\nhermano, mi hermana y mi madre\u201d.<\/p>\n<div style=\"padding-bottom:20px; padding-top:10px;\" class=\"hupso-share-buttons\"><!-- Hupso Share Buttons - https:\/\/www.hupso.com\/share\/ --><a class=\"hupso_toolbar\" href=\"https:\/\/www.hupso.com\/share\/\"><img src=\"http:\/\/static.hupso.com\/share\/buttons\/lang\/es\/share-medium.png\" style=\"border:0px; padding-top: 5px; float:left;\" alt=\"Share Button\"\/><\/a><script type=\"text\/javascript\">var hupso_services_t=new Array(\"Twitter\",\"Facebook\",\"Google Plus\",\"Pinterest\",\"Linkedin\",\"Email\",\"Print\");var hupso_background_t=\"#EAF4FF\";var hupso_border_t=\"#66CCFF\";var hupso_toolbar_size_t=\"medium\";var hupso_image_folder_url = \"\";var hupso_twitter_via=\"hectorops\";var hupso_url_t=\"\";var hupso_title_t=\"REFLEXI%C3%93N%20PARA%20EL%20MARTES%20DE%20LA%20D%C3%89CIMA%20SEXTA%20SEMANA%20DEL%20T.O.%20%281%29%2020-07-21\";<\/script><script type=\"text\/javascript\" src=\"http:\/\/static.hupso.com\/share\/js\/share_toolbar.js\"><\/script><!-- Hupso Share Buttons --><\/div>","protected":false},"excerpt":{"rendered":"<p>Como primera lectura para hoy la liturgia nos presenta la narraci\u00f3n del hecho que sella definitivamente la liberaci\u00f3n del pueblo jud\u00edo de la esclavitud en Egipto: el cruce del Mar Rojo, la culminaci\u00f3n de la Pascua, y el comienzo de &hellip; <a href=\"http:\/\/delamanodemaria.com\/?p=15913\">Continue reading <span class=\"meta-nav\">&rarr;<\/span><\/a><\/p>\n<div style=\"padding-bottom:20px; padding-top:10px;\" class=\"hupso-share-buttons\"><!-- Hupso Share Buttons - https:\/\/www.hupso.com\/share\/ --><a class=\"hupso_toolbar\" href=\"https:\/\/www.hupso.com\/share\/\"><img src=\"http:\/\/static.hupso.com\/share\/buttons\/lang\/es\/share-medium.png\" style=\"border:0px; padding-top: 5px; float:left;\" alt=\"Share Button\"\/><\/a><script type=\"text\/javascript\">var hupso_services_t=new Array(\"Twitter\",\"Facebook\",\"Google Plus\",\"Pinterest\",\"Linkedin\",\"Email\",\"Print\");var hupso_background_t=\"#EAF4FF\";var hupso_border_t=\"#66CCFF\";var hupso_toolbar_size_t=\"medium\";var hupso_image_folder_url = \"\";var hupso_twitter_via=\"hectorops\";var hupso_url_t=\"\";var hupso_title_t=\"REFLEXI%C3%93N%20PARA%20EL%20MARTES%20DE%20LA%20D%C3%89CIMA%20SEXTA%20SEMANA%20DEL%20T.O.%20%281%29%2020-07-21\";<\/script><script type=\"text\/javascript\" src=\"http:\/\/static.hupso.com\/share\/js\/share_toolbar.js\"><\/script><!-- Hupso Share Buttons --><\/div>","protected":false},"author":1,"featured_media":15915,"comment_status":"open","ping_status":"open","sticky":false,"template":"","format":"standard","meta":{"jetpack_post_was_ever_published":false,"_jetpack_newsletter_access":"","_jetpack_newsletter_tier_id":0,"jetpack_publicize_message":"","jetpack_is_tweetstorm":false,"jetpack_publicize_feature_enabled":true,"jetpack_social_post_already_shared":true,"jetpack_social_options":{"image_generator_settings":{"template":"highway","enabled":false}}},"categories":[1],"tags":[765,3109,2937,2935,229,3110,3111,356,3639,90,1186,42,59,3099,2,2150,232],"jetpack_publicize_connections":[],"jetpack_featured_media_url":"http:\/\/delamanodemaria.com\/wp-content\/uploads\/2021\/07\/Mateo-12-46-50.jpg","jetpack_shortlink":"https:\/\/wp.me\/p3bBgS-48F","jetpack_sharing_enabled":true,"jetpack_likes_enabled":true,"_links":{"self":[{"href":"http:\/\/delamanodemaria.com\/index.php?rest_route=\/wp\/v2\/posts\/15913"}],"collection":[{"href":"http:\/\/delamanodemaria.com\/index.php?rest_route=\/wp\/v2\/posts"}],"about":[{"href":"http:\/\/delamanodemaria.com\/index.php?rest_route=\/wp\/v2\/types\/post"}],"author":[{"embeddable":true,"href":"http:\/\/delamanodemaria.com\/index.php?rest_route=\/wp\/v2\/users\/1"}],"replies":[{"embeddable":true,"href":"http:\/\/delamanodemaria.com\/index.php?rest_route=%2Fwp%2Fv2%2Fcomments&post=15913"}],"version-history":[{"count":2,"href":"http:\/\/delamanodemaria.com\/index.php?rest_route=\/wp\/v2\/posts\/15913\/revisions"}],"predecessor-version":[{"id":15916,"href":"http:\/\/delamanodemaria.com\/index.php?rest_route=\/wp\/v2\/posts\/15913\/revisions\/15916"}],"wp:featuredmedia":[{"embeddable":true,"href":"http:\/\/delamanodemaria.com\/index.php?rest_route=\/wp\/v2\/media\/15915"}],"wp:attachment":[{"href":"http:\/\/delamanodemaria.com\/index.php?rest_route=%2Fwp%2Fv2%2Fmedia&parent=15913"}],"wp:term":[{"taxonomy":"category","embeddable":true,"href":"http:\/\/delamanodemaria.com\/index.php?rest_route=%2Fwp%2Fv2%2Fcategories&post=15913"},{"taxonomy":"post_tag","embeddable":true,"href":"http:\/\/delamanodemaria.com\/index.php?rest_route=%2Fwp%2Fv2%2Ftags&post=15913"}],"curies":[{"name":"wp","href":"https:\/\/api.w.org\/{rel}","templated":true}]}}