{"id":15930,"date":"2021-07-22T17:09:38","date_gmt":"2021-07-22T21:09:38","guid":{"rendered":"http:\/\/delamanodemaria.com\/?p=15930"},"modified":"2021-07-22T17:09:38","modified_gmt":"2021-07-22T21:09:38","slug":"reflexion-para-el-viernes-de-la-decima-sexta-semana-del-t-o-1-23-07-21","status":"publish","type":"post","link":"http:\/\/delamanodemaria.com\/?p=15930","title":{"rendered":"REFLEXI\u00d3N PARA EL VIERNES DE LA D\u00c9CIMA SEXTA SEMANA DEL T.O. (1) 23-07-21"},"content":{"rendered":"\n<figure class=\"wp-block-image\"><img decoding=\"async\" loading=\"lazy\" width=\"577\" height=\"577\" src=\"http:\/\/delamanodemaria.com\/wp-content\/uploads\/2021\/07\/MOISES-DECALOGO.jpg\" alt=\"\" class=\"wp-image-15933\" srcset=\"http:\/\/delamanodemaria.com\/wp-content\/uploads\/2021\/07\/MOISES-DECALOGO.jpg 577w, http:\/\/delamanodemaria.com\/wp-content\/uploads\/2021\/07\/MOISES-DECALOGO-150x150.jpg 150w, http:\/\/delamanodemaria.com\/wp-content\/uploads\/2021\/07\/MOISES-DECALOGO-300x300.jpg 300w\" sizes=\"(max-width: 577px) 100vw, 577px\" \/><\/figure>\n\n\n\n<p class=\"has-drop-cap\">Como primera lectura para hoy (Ex 20,1-17) la\nliturgia nos regala el dec\u00e1logo, lo que podr\u00edamos llamar el texto fundamental de\nla Alianza entre Dios y su pueblo, dada por Dios a Mois\u00e9s en el monte Sina\u00ed (de\nah\u00ed que se le llame la \u201cAlianza del Sina\u00ed\u201d). La breve lectura de hoy es el\ncomienzo de una recitaci\u00f3n m\u00e1s detallada de la Ley que se recoge en los\ncap\u00edtulos 20 al 23 del libro del \u00c9xodo.<\/p>\n\n\n\n<p>Los primeros tres mandamientos se refieren a\nnuestra relaci\u00f3n con Dios, comenzando con el m\u00e1s importante: \u201cNo tendr\u00e1s otros\ndioses frente a m\u00ed\u201d. Los restantes siete establecen las normas de convivencia\ncon nuestro pr\u00f3jimo.<\/p>\n\n\n\n<p>Ese dec\u00e1logo (palabra que quiere decir\nliteralmente: \u201cdiez palabras\u201d) es la base de toda la ley y la fe\njudeo-cristiana. Y los preceptos de ley, los mandamientos contenidos en el\nmismo, son tan v\u00e1lidos y vigentes hoy como lo fueron para aquellos israelitas.<\/p>\n\n\n\n<p>No queremos continuar sin antes resaltar las\npalabras de Dios que sirven de pre\u00e1mbulo a los mandamientos: \u201cYo soy el Se\u00f1or,\ntu Dios, que te saqu\u00e9 de Egipto, de la esclavitud\u201d. Nos est\u00e1 recordando que es\nun Dios que se compadece de su pueblo, que lo cuida, lo protege (<em>Cfr<\/em>. Ex 3,7-10). Si los sac\u00f3 de la\nesclavitud, no puede venir ahora a oprimirlo con cargas pesadas. Los\nmandamientos no pretenden, por tanto, quitarnos la libertad. Por contrario, al\naceptar sus preceptos estamos ejercitando nuestra libertad para adherirnos a\nlos mismos y de ese modo llevar una vida digna y agradable a los ojos de Dios,\ny en armon\u00eda con nuestro pr\u00f3jimo y nosotros mismos.<\/p>\n\n\n\n<p>M\u00e1s adelante, Jes\u00fas nos reiterar\u00e1 la\nimportancia y la vigencia de los mandamientos (Mt 5, 17-19), con un ingrediente\nadicional que les da sentido, que se convierte en una motivaci\u00f3n para vivirlos:\nel Amor que se recoge en el Serm\u00f3n de la Monta\u00f1a. \u201cAmaos los unos a los otros\ncomo yo os he amado\u201d (Jn 13,34). O como dir\u00e1 m\u00e1s adelante san Pablo: \u201cEl que\nama al pr\u00f3jimo ha cumplido la ley\u201d (Rm 13,8). Les invito a repasar la segunda\nsecci\u00f3n de la tercera parte del Catecismo de la Iglesia Cat\u00f3lica, en donde el\nMagisterio de la Iglesia nos explica la vigencia e importancia de los diez\nmandamientos.<\/p>\n\n\n\n<p>La lectura evang\u00e9lica de hoy (Mt 13,18-23) es\nla explicaci\u00f3n que Jes\u00fas da a sus disc\u00edpulos de la par\u00e1bola del sembrador. Es\ncomo si Jes\u00fas hiciera una \u201chomil\u00eda\u201d sobre su Palabra para beneficio de sus\ndisc\u00edpulos.<\/p>\n\n\n\n<p>Pero nos llama la atenci\u00f3n un detalle que Jes\u00fas\nno explica en ese momento, y suscita una pregunta: \u00bfPor qu\u00e9 el \u201csembrador\u201d\n(Dios) \u201cdesperdicia\u201d la semilla reg\u00e1ndola en toda clase de terreno, y hasta\nfuera del terreno (a la orilla del camino)? \u00bfNo ser\u00eda m\u00e1s l\u00f3gico que sembrara\nen el terreno bueno, como lo har\u00eda un buen sembrador? La contestaci\u00f3n es\nsencilla: \u00c9l quiere que todos nos salvemos (<em>Cfr<\/em>.\n1 Tm 2,4; 2 Pe 3,9), por eso hace llover (siembra) su Palabra (semilla) sobre\nmalos y buenos (tierra mala y buena) \u2013 (<em>Cfr<\/em>.\nMt 5,45). El ser tierra mala o buena depende de nosotros.<\/p>\n\n\n\n<p>Eso es lo hermoso de Jes\u00fas; \u00c9l no te juzga,\ntan solo te brinda su amor incondicional. \u00bfLo aceptas?<\/p>\n<div style=\"padding-bottom:20px; padding-top:10px;\" class=\"hupso-share-buttons\"><!-- Hupso Share Buttons - https:\/\/www.hupso.com\/share\/ --><a class=\"hupso_toolbar\" href=\"https:\/\/www.hupso.com\/share\/\"><img src=\"http:\/\/static.hupso.com\/share\/buttons\/lang\/es\/share-medium.png\" style=\"border:0px; padding-top: 5px; float:left;\" alt=\"Share Button\"\/><\/a><script type=\"text\/javascript\">var hupso_services_t=new Array(\"Twitter\",\"Facebook\",\"Google Plus\",\"Pinterest\",\"Linkedin\",\"Email\",\"Print\");var hupso_background_t=\"#EAF4FF\";var hupso_border_t=\"#66CCFF\";var hupso_toolbar_size_t=\"medium\";var hupso_image_folder_url = \"\";var hupso_twitter_via=\"hectorops\";var hupso_url_t=\"\";var hupso_title_t=\"REFLEXI%C3%93N%20PARA%20EL%20VIERNES%20DE%20LA%20D%C3%89CIMA%20SEXTA%20SEMANA%20DEL%20T.O.%20%281%29%2023-07-21\";<\/script><script type=\"text\/javascript\" src=\"http:\/\/static.hupso.com\/share\/js\/share_toolbar.js\"><\/script><!-- Hupso Share Buttons --><\/div>","protected":false},"excerpt":{"rendered":"<p>Como primera lectura para hoy (Ex 20,1-17) la liturgia nos regala el dec\u00e1logo, lo que podr\u00edamos llamar el texto fundamental de la Alianza entre Dios y su pueblo, dada por Dios a Mois\u00e9s en el monte Sina\u00ed (de ah\u00ed que &hellip; <a href=\"http:\/\/delamanodemaria.com\/?p=15930\">Continue reading <span class=\"meta-nav\">&rarr;<\/span><\/a><\/p>\n<div style=\"padding-bottom:20px; padding-top:10px;\" class=\"hupso-share-buttons\"><!-- Hupso Share Buttons - https:\/\/www.hupso.com\/share\/ --><a class=\"hupso_toolbar\" href=\"https:\/\/www.hupso.com\/share\/\"><img src=\"http:\/\/static.hupso.com\/share\/buttons\/lang\/es\/share-medium.png\" style=\"border:0px; padding-top: 5px; float:left;\" alt=\"Share Button\"\/><\/a><script type=\"text\/javascript\">var hupso_services_t=new Array(\"Twitter\",\"Facebook\",\"Google Plus\",\"Pinterest\",\"Linkedin\",\"Email\",\"Print\");var hupso_background_t=\"#EAF4FF\";var hupso_border_t=\"#66CCFF\";var hupso_toolbar_size_t=\"medium\";var hupso_image_folder_url = \"\";var hupso_twitter_via=\"hectorops\";var hupso_url_t=\"\";var hupso_title_t=\"REFLEXI%C3%93N%20PARA%20EL%20VIERNES%20DE%20LA%20D%C3%89CIMA%20SEXTA%20SEMANA%20DEL%20T.O.%20%281%29%2023-07-21\";<\/script><script type=\"text\/javascript\" src=\"http:\/\/static.hupso.com\/share\/js\/share_toolbar.js\"><\/script><!-- Hupso Share Buttons --><\/div>","protected":false},"author":1,"featured_media":0,"comment_status":"open","ping_status":"open","sticky":false,"template":"","format":"standard","meta":{"jetpack_post_was_ever_published":false,"_jetpack_newsletter_access":"","_jetpack_newsletter_tier_id":0,"jetpack_publicize_message":"","jetpack_is_tweetstorm":false,"jetpack_publicize_feature_enabled":true,"jetpack_social_post_already_shared":true,"jetpack_social_options":{"image_generator_settings":{"template":"highway","enabled":false}}},"categories":[1],"tags":[932,2861,765,467,452,995,2935,229,4823,428,37,154,90,138,21,2,437,439,187,722],"jetpack_publicize_connections":[],"jetpack_featured_media_url":"","jetpack_shortlink":"https:\/\/wp.me\/p3bBgS-48W","jetpack_sharing_enabled":true,"jetpack_likes_enabled":true,"_links":{"self":[{"href":"http:\/\/delamanodemaria.com\/index.php?rest_route=\/wp\/v2\/posts\/15930"}],"collection":[{"href":"http:\/\/delamanodemaria.com\/index.php?rest_route=\/wp\/v2\/posts"}],"about":[{"href":"http:\/\/delamanodemaria.com\/index.php?rest_route=\/wp\/v2\/types\/post"}],"author":[{"embeddable":true,"href":"http:\/\/delamanodemaria.com\/index.php?rest_route=\/wp\/v2\/users\/1"}],"replies":[{"embeddable":true,"href":"http:\/\/delamanodemaria.com\/index.php?rest_route=%2Fwp%2Fv2%2Fcomments&post=15930"}],"version-history":[{"count":2,"href":"http:\/\/delamanodemaria.com\/index.php?rest_route=\/wp\/v2\/posts\/15930\/revisions"}],"predecessor-version":[{"id":15934,"href":"http:\/\/delamanodemaria.com\/index.php?rest_route=\/wp\/v2\/posts\/15930\/revisions\/15934"}],"wp:attachment":[{"href":"http:\/\/delamanodemaria.com\/index.php?rest_route=%2Fwp%2Fv2%2Fmedia&parent=15930"}],"wp:term":[{"taxonomy":"category","embeddable":true,"href":"http:\/\/delamanodemaria.com\/index.php?rest_route=%2Fwp%2Fv2%2Fcategories&post=15930"},{"taxonomy":"post_tag","embeddable":true,"href":"http:\/\/delamanodemaria.com\/index.php?rest_route=%2Fwp%2Fv2%2Ftags&post=15930"}],"curies":[{"name":"wp","href":"https:\/\/api.w.org\/{rel}","templated":true}]}}