{"id":15940,"date":"2021-07-24T12:54:34","date_gmt":"2021-07-24T16:54:34","guid":{"rendered":"http:\/\/delamanodemaria.com\/?p=15940"},"modified":"2021-07-24T12:54:34","modified_gmt":"2021-07-24T16:54:34","slug":"sabias-que-lo-que-sabemos-de-la-infancia-de-la-virgen-maria-nos-llega-por-la-tradicion","status":"publish","type":"post","link":"http:\/\/delamanodemaria.com\/?p=15940","title":{"rendered":"\u00bfSab\u00edas que lo que sabemos de la infancia de la Virgen Mar\u00eda nos llega por la Tradici\u00f3n?"},"content":{"rendered":"\n<figure class=\"wp-block-image\"><img decoding=\"async\" loading=\"lazy\" width=\"800\" height=\"450\" src=\"http:\/\/delamanodemaria.com\/wp-content\/uploads\/2020\/11\/Ni\u00f1a-Mar\u00eda-333.jpg\" alt=\"\" class=\"wp-image-14573\" srcset=\"http:\/\/delamanodemaria.com\/wp-content\/uploads\/2020\/11\/Ni\u00f1a-Mar\u00eda-333.jpg 800w, http:\/\/delamanodemaria.com\/wp-content\/uploads\/2020\/11\/Ni\u00f1a-Mar\u00eda-333-300x169.jpg 300w, http:\/\/delamanodemaria.com\/wp-content\/uploads\/2020\/11\/Ni\u00f1a-Mar\u00eda-333-768x432.jpg 768w, http:\/\/delamanodemaria.com\/wp-content\/uploads\/2020\/11\/Ni\u00f1a-Mar\u00eda-333-500x281.jpg 500w\" sizes=\"(max-width: 800px) 100vw, 800px\" \/><\/figure>\n\n\n\n<p>\u00a1Hola! Te invitamos a ver este corto v\u00eddeo (1 minuto) de nuestra serie\u00a0<em><strong><a rel=\"noreferrer noopener\" href=\"https:\/\/www.youtube.com\/watch?v=_Oten7PvRlU\" target=\"_blank\">\u00bfSab\u00edas que\u2026<\/a><a rel=\"noreferrer noopener\" href=\"https:\/\/www.youtube.com\/watch?v=frEmrHstHkU\" target=\"_blank\">?<\/a><\/strong><\/em> en donde hablamos sobre la infancia de la Virgen Mar\u00eda.<\/p>\n\n\n\n<p>Adem\u00e1s de compartir el enlace, te invitamos a explorar otros v\u00eddeos en nuestro canal de YouTube,&nbsp;<a rel=\"noreferrer noopener\" href=\"https:\/\/www.youtube.com\/channel\/UCRPOquX5FIFCnxaSMTs3aiQ\" target=\"_blank\"><strong>De la mano de Mar\u00eda TV<\/strong><\/a>, y suscribirte al mismo. De ese modo, cuando ampliemos este tema en una futura&nbsp;<strong><em>C\u00e1psula mariana<\/em><\/strong>&nbsp;puedas saber m\u00e1s sobre el mismo.<\/p>\n<div style=\"padding-bottom:20px; padding-top:10px;\" class=\"hupso-share-buttons\"><!-- Hupso Share Buttons - https:\/\/www.hupso.com\/share\/ --><a class=\"hupso_toolbar\" href=\"https:\/\/www.hupso.com\/share\/\"><img src=\"http:\/\/static.hupso.com\/share\/buttons\/lang\/es\/share-medium.png\" style=\"border:0px; padding-top: 5px; float:left;\" alt=\"Share Button\"\/><\/a><script type=\"text\/javascript\">var hupso_services_t=new Array(\"Twitter\",\"Facebook\",\"Google Plus\",\"Pinterest\",\"Linkedin\",\"Email\",\"Print\");var hupso_background_t=\"#EAF4FF\";var hupso_border_t=\"#66CCFF\";var hupso_toolbar_size_t=\"medium\";var hupso_image_folder_url = \"\";var hupso_twitter_via=\"hectorops\";var hupso_url_t=\"\";var hupso_title_t=\"%C2%BFSab%C3%ADas%20que%20lo%20que%20sabemos%20de%20la%20infancia%20de%20la%20Virgen%20Mar%C3%ADa%20nos%20llega%20por%20la%20Tradici%C3%B3n%3F\";<\/script><script type=\"text\/javascript\" src=\"http:\/\/static.hupso.com\/share\/js\/share_toolbar.js\"><\/script><!-- Hupso Share Buttons --><\/div>","protected":false},"excerpt":{"rendered":"<p>\u00a1Hola! Te invitamos a ver este corto v\u00eddeo (1 minuto) de nuestra serie\u00a0\u00bfSab\u00edas que\u2026? en donde hablamos sobre la infancia de la Virgen Mar\u00eda. Adem\u00e1s de compartir el enlace, te invitamos a explorar otros v\u00eddeos en nuestro canal de YouTube,&nbsp;De &hellip; <a href=\"http:\/\/delamanodemaria.com\/?p=15940\">Continue reading <span class=\"meta-nav\">&rarr;<\/span><\/a><\/p>\n<div style=\"padding-bottom:20px; padding-top:10px;\" class=\"hupso-share-buttons\"><!-- Hupso Share Buttons - https:\/\/www.hupso.com\/share\/ --><a class=\"hupso_toolbar\" href=\"https:\/\/www.hupso.com\/share\/\"><img src=\"http:\/\/static.hupso.com\/share\/buttons\/lang\/es\/share-medium.png\" style=\"border:0px; padding-top: 5px; float:left;\" alt=\"Share Button\"\/><\/a><script type=\"text\/javascript\">var hupso_services_t=new Array(\"Twitter\",\"Facebook\",\"Google Plus\",\"Pinterest\",\"Linkedin\",\"Email\",\"Print\");var hupso_background_t=\"#EAF4FF\";var hupso_border_t=\"#66CCFF\";var hupso_toolbar_size_t=\"medium\";var hupso_image_folder_url = \"\";var hupso_twitter_via=\"hectorops\";var hupso_url_t=\"\";var hupso_title_t=\"%C2%BFSab%C3%ADas%20que%20lo%20que%20sabemos%20de%20la%20infancia%20de%20la%20Virgen%20Mar%C3%ADa%20nos%20llega%20por%20la%20Tradici%C3%B3n%3F\";<\/script><script type=\"text\/javascript\" src=\"http:\/\/static.hupso.com\/share\/js\/share_toolbar.js\"><\/script><!-- Hupso Share Buttons --><\/div>","protected":false},"author":1,"featured_media":0,"comment_status":"open","ping_status":"open","sticky":false,"template":"","format":"standard","meta":{"jetpack_post_was_ever_published":false,"_jetpack_newsletter_access":"","_jetpack_newsletter_tier_id":0,"jetpack_publicize_message":"","jetpack_is_tweetstorm":false,"jetpack_publicize_feature_enabled":true,"jetpack_social_post_already_shared":true,"jetpack_social_options":{"image_generator_settings":{"template":"highway","enabled":false}}},"categories":[1],"tags":[1706,1705,3311,4825,4813],"jetpack_publicize_connections":[],"jetpack_featured_media_url":"","jetpack_shortlink":"https:\/\/wp.me\/p3bBgS-496","jetpack_sharing_enabled":true,"jetpack_likes_enabled":true,"_links":{"self":[{"href":"http:\/\/delamanodemaria.com\/index.php?rest_route=\/wp\/v2\/posts\/15940"}],"collection":[{"href":"http:\/\/delamanodemaria.com\/index.php?rest_route=\/wp\/v2\/posts"}],"about":[{"href":"http:\/\/delamanodemaria.com\/index.php?rest_route=\/wp\/v2\/types\/post"}],"author":[{"embeddable":true,"href":"http:\/\/delamanodemaria.com\/index.php?rest_route=\/wp\/v2\/users\/1"}],"replies":[{"embeddable":true,"href":"http:\/\/delamanodemaria.com\/index.php?rest_route=%2Fwp%2Fv2%2Fcomments&post=15940"}],"version-history":[{"count":1,"href":"http:\/\/delamanodemaria.com\/index.php?rest_route=\/wp\/v2\/posts\/15940\/revisions"}],"predecessor-version":[{"id":15941,"href":"http:\/\/delamanodemaria.com\/index.php?rest_route=\/wp\/v2\/posts\/15940\/revisions\/15941"}],"wp:attachment":[{"href":"http:\/\/delamanodemaria.com\/index.php?rest_route=%2Fwp%2Fv2%2Fmedia&parent=15940"}],"wp:term":[{"taxonomy":"category","embeddable":true,"href":"http:\/\/delamanodemaria.com\/index.php?rest_route=%2Fwp%2Fv2%2Fcategories&post=15940"},{"taxonomy":"post_tag","embeddable":true,"href":"http:\/\/delamanodemaria.com\/index.php?rest_route=%2Fwp%2Fv2%2Ftags&post=15940"}],"curies":[{"name":"wp","href":"https:\/\/api.w.org\/{rel}","templated":true}]}}