{"id":15957,"date":"2021-07-26T09:50:30","date_gmt":"2021-07-26T13:50:30","guid":{"rendered":"http:\/\/delamanodemaria.com\/?p=15957"},"modified":"2021-07-26T09:50:30","modified_gmt":"2021-07-26T13:50:30","slug":"oracion-para-la-primera-jornada-mundial-de-los-abuelos-y-las-personas-mayores","status":"publish","type":"post","link":"http:\/\/delamanodemaria.com\/?p=15957","title":{"rendered":"Oraci\u00f3n para la primera Jornada Mundial de los abuelos y las personas mayores"},"content":{"rendered":"\n<figure class=\"wp-block-image\"><img decoding=\"async\" loading=\"lazy\" width=\"860\" height=\"450\" src=\"http:\/\/delamanodemaria.com\/wp-content\/uploads\/2021\/07\/dia-de-los-abuelos-1.jpg\" alt=\"\" class=\"wp-image-15958\" srcset=\"http:\/\/delamanodemaria.com\/wp-content\/uploads\/2021\/07\/dia-de-los-abuelos-1.jpg 860w, http:\/\/delamanodemaria.com\/wp-content\/uploads\/2021\/07\/dia-de-los-abuelos-1-300x157.jpg 300w, http:\/\/delamanodemaria.com\/wp-content\/uploads\/2021\/07\/dia-de-los-abuelos-1-768x402.jpg 768w, http:\/\/delamanodemaria.com\/wp-content\/uploads\/2021\/07\/dia-de-los-abuelos-1-500x262.jpg 500w\" sizes=\"(max-width: 860px) 100vw, 860px\" \/><\/figure>\n\n\n\n<p>\u201cTe doy las gracias, Se\u00f1or, por el consuelo de tu presencia: Tambi\u00e9n en la soledad, eres mi esperanza, mi confianza; \u00a1Desde mi juventud, eres mi roca y mi fortaleza! Gracias por haberme dado una familia y por la bendici\u00f3n de una larga vida.&nbsp;<\/p>\n\n\n\n<p>&#8220;Te agradezco los momentos de alegr\u00eda y de dificultad, por los sue\u00f1os cumplidos y por los que a\u00fan tengo por delante. <\/p>\n\n\n\n<p>&#8220;Te agradezco este tiempo de renovada fecundidad al que me llamas. <\/p>\n\n\n\n<p>&#8220;Aumenta, Se\u00f1or, mi fe, hazme un instrumento de tu paz; ens\u00e9\u00f1ame a acoger a quien sufre m\u00e1s que yo, a no dejar de so\u00f1ar y a narrar tus maravillas a las nuevas generaciones. <\/p>\n\n\n\n<p>&#8220;Protege y gu\u00eda al papa Francisco y a la Iglesia, para que la luz del Evangelio llegue hasta los confines de la tierra. <\/p>\n\n\n\n<p>&#8220;Env\u00eda tu Esp\u00edritu, Se\u00f1or, a renovar el mundo, para que la tormenta de la pandemia se apacig\u00fce, los pobres sean consolados y toda guerra termine. <\/p>\n\n\n\n<p>&#8220;Sostenme en la debilidad, y conc\u00e9deme vivir plenamente cada momento que me das, con la certeza de que est\u00e1s conmigo cada d\u00eda hasta el fin del mundo. Am\u00e9n\u201d.<\/p>\n<div style=\"padding-bottom:20px; padding-top:10px;\" class=\"hupso-share-buttons\"><!-- Hupso Share Buttons - https:\/\/www.hupso.com\/share\/ --><a class=\"hupso_toolbar\" href=\"https:\/\/www.hupso.com\/share\/\"><img src=\"http:\/\/static.hupso.com\/share\/buttons\/lang\/es\/share-medium.png\" style=\"border:0px; padding-top: 5px; float:left;\" alt=\"Share Button\"\/><\/a><script type=\"text\/javascript\">var hupso_services_t=new Array(\"Twitter\",\"Facebook\",\"Google Plus\",\"Pinterest\",\"Linkedin\",\"Email\",\"Print\");var hupso_background_t=\"#EAF4FF\";var hupso_border_t=\"#66CCFF\";var hupso_toolbar_size_t=\"medium\";var hupso_image_folder_url = \"\";var hupso_twitter_via=\"hectorops\";var hupso_url_t=\"\";var hupso_title_t=\"Oraci%C3%B3n%20para%20la%20primera%20Jornada%20Mundial%20de%20los%20abuelos%20y%20las%20personas%20mayores\";<\/script><script type=\"text\/javascript\" src=\"http:\/\/static.hupso.com\/share\/js\/share_toolbar.js\"><\/script><!-- Hupso Share Buttons --><\/div>","protected":false},"excerpt":{"rendered":"<p>\u201cTe doy las gracias, Se\u00f1or, por el consuelo de tu presencia: Tambi\u00e9n en la soledad, eres mi esperanza, mi confianza; \u00a1Desde mi juventud, eres mi roca y mi fortaleza! Gracias por haberme dado una familia y por la bendici\u00f3n de &hellip; <a href=\"http:\/\/delamanodemaria.com\/?p=15957\">Continue reading <span class=\"meta-nav\">&rarr;<\/span><\/a><\/p>\n<div style=\"padding-bottom:20px; padding-top:10px;\" class=\"hupso-share-buttons\"><!-- Hupso Share Buttons - https:\/\/www.hupso.com\/share\/ --><a class=\"hupso_toolbar\" href=\"https:\/\/www.hupso.com\/share\/\"><img src=\"http:\/\/static.hupso.com\/share\/buttons\/lang\/es\/share-medium.png\" style=\"border:0px; padding-top: 5px; float:left;\" alt=\"Share Button\"\/><\/a><script type=\"text\/javascript\">var hupso_services_t=new Array(\"Twitter\",\"Facebook\",\"Google Plus\",\"Pinterest\",\"Linkedin\",\"Email\",\"Print\");var hupso_background_t=\"#EAF4FF\";var hupso_border_t=\"#66CCFF\";var hupso_toolbar_size_t=\"medium\";var hupso_image_folder_url = \"\";var hupso_twitter_via=\"hectorops\";var hupso_url_t=\"\";var hupso_title_t=\"Oraci%C3%B3n%20para%20la%20primera%20Jornada%20Mundial%20de%20los%20abuelos%20y%20las%20personas%20mayores\";<\/script><script type=\"text\/javascript\" src=\"http:\/\/static.hupso.com\/share\/js\/share_toolbar.js\"><\/script><!-- Hupso Share Buttons --><\/div>","protected":false},"author":1,"featured_media":15958,"comment_status":"open","ping_status":"open","sticky":false,"template":"","format":"standard","meta":{"jetpack_post_was_ever_published":false,"_jetpack_newsletter_access":"","_jetpack_newsletter_tier_id":0,"jetpack_publicize_message":"","jetpack_is_tweetstorm":false,"jetpack_publicize_feature_enabled":true,"jetpack_social_post_already_shared":true,"jetpack_social_options":{"image_generator_settings":{"template":"highway","enabled":false}}},"categories":[1],"tags":[4826,4827,760,4828],"jetpack_publicize_connections":[],"jetpack_featured_media_url":"http:\/\/delamanodemaria.com\/wp-content\/uploads\/2021\/07\/dia-de-los-abuelos-1.jpg","jetpack_shortlink":"https:\/\/wp.me\/p3bBgS-49n","jetpack_sharing_enabled":true,"jetpack_likes_enabled":true,"_links":{"self":[{"href":"http:\/\/delamanodemaria.com\/index.php?rest_route=\/wp\/v2\/posts\/15957"}],"collection":[{"href":"http:\/\/delamanodemaria.com\/index.php?rest_route=\/wp\/v2\/posts"}],"about":[{"href":"http:\/\/delamanodemaria.com\/index.php?rest_route=\/wp\/v2\/types\/post"}],"author":[{"embeddable":true,"href":"http:\/\/delamanodemaria.com\/index.php?rest_route=\/wp\/v2\/users\/1"}],"replies":[{"embeddable":true,"href":"http:\/\/delamanodemaria.com\/index.php?rest_route=%2Fwp%2Fv2%2Fcomments&post=15957"}],"version-history":[{"count":1,"href":"http:\/\/delamanodemaria.com\/index.php?rest_route=\/wp\/v2\/posts\/15957\/revisions"}],"predecessor-version":[{"id":15959,"href":"http:\/\/delamanodemaria.com\/index.php?rest_route=\/wp\/v2\/posts\/15957\/revisions\/15959"}],"wp:featuredmedia":[{"embeddable":true,"href":"http:\/\/delamanodemaria.com\/index.php?rest_route=\/wp\/v2\/media\/15958"}],"wp:attachment":[{"href":"http:\/\/delamanodemaria.com\/index.php?rest_route=%2Fwp%2Fv2%2Fmedia&parent=15957"}],"wp:term":[{"taxonomy":"category","embeddable":true,"href":"http:\/\/delamanodemaria.com\/index.php?rest_route=%2Fwp%2Fv2%2Fcategories&post=15957"},{"taxonomy":"post_tag","embeddable":true,"href":"http:\/\/delamanodemaria.com\/index.php?rest_route=%2Fwp%2Fv2%2Ftags&post=15957"}],"curies":[{"name":"wp","href":"https:\/\/api.w.org\/{rel}","templated":true}]}}