{"id":1596,"date":"2013-08-03T11:37:17","date_gmt":"2013-08-03T15:37:17","guid":{"rendered":"http:\/\/delamanodemaria.com\/?p=1596"},"modified":"2013-08-03T11:37:17","modified_gmt":"2013-08-03T15:37:17","slug":"reflexion-para-el-sabado-03-08-13","status":"publish","type":"post","link":"http:\/\/delamanodemaria.com\/?p=1596","title":{"rendered":"REFLEXI\u00d3N PARA EL S\u00c1BADO 03-08-13"},"content":{"rendered":"<p><a href=\"http:\/\/delamanodemaria.com\/wp-content\/uploads\/2013\/08\/seguimiento-cruz.jpg\"><img decoding=\"async\" loading=\"lazy\" class=\"alignnone size-full wp-image-1597\" alt=\"seguimiento cruz\" src=\"http:\/\/delamanodemaria.com\/wp-content\/uploads\/2013\/08\/seguimiento-cruz.jpg\" width=\"580\" height=\"378\" srcset=\"http:\/\/delamanodemaria.com\/wp-content\/uploads\/2013\/08\/seguimiento-cruz.jpg 580w, http:\/\/delamanodemaria.com\/wp-content\/uploads\/2013\/08\/seguimiento-cruz-300x195.jpg 300w, http:\/\/delamanodemaria.com\/wp-content\/uploads\/2013\/08\/seguimiento-cruz-460x300.jpg 460w\" sizes=\"(max-width: 580px) 100vw, 580px\" \/><\/a><\/p>\n<p><span style=\"font-size: large;\">La liturgia de hoy nos presenta como primera lectura el pasaje del libro del Lev\u00edtico (Lv 25,1.8-17) en el cual el Se\u00f1or establece el \u201ca\u00f1o del jubileo\u201d, o \u201ca\u00f1o jubilar\u201d. Para entender el significado de este precepto, tenemos que remontarnos a las promesas de Yahv\u00e9 a Abraham y la conquista de la tierra de Cana\u00e1n por el pueblo de Israel. La tierra, repartida entre todos, don de Dios y fruto del esfuerzo humano, representa el cumplimiento de la promesa de Dios.<\/span><\/p>\n<p><span style=\"font-size: large;\">Con el transcurso del tiempo, las tierras cambiaban de due\u00f1o por diversas transacciones econ\u00f3micas, rompiendo el desbalance inicial. En este pasaje del Lev\u00edtico Yahv\u00e9 instruye a Mois\u00e9s que cada a\u00f1o cincuenta (el a\u00f1o despu\u00e9s de \u201csiete semanas de a\u00f1os, siete por siete, o sea cuarenta y nueve a\u00f1os\u201d), cada cual tendr\u00e1 derecho a recuperar su propiedad y volver a su pueblo. Y para evitar disputas, el mismo Dios establece la f\u00f3rmula a utilizarse al hacer el c\u00f3mputo para determinar el precio a pagarse por las tierras, es decir la tasaci\u00f3n.<\/span><\/p>\n<p><span style=\"font-size: large;\">El a\u00f1o jubilar ten\u00eda un sentido religioso, de culto a Dios, unido a un car\u00e1cter social, de justicia igualitaria. \u00a0As\u00ed, el a\u00f1o jubilar no solo se refer\u00eda a las tierras; en ese a\u00f1o tambi\u00e9n se restablec\u00eda la justicia social mediante la liberaci\u00f3n de los esclavos (\u201cpromulgar\u00e9is la manumisi\u00f3n en el pa\u00eds para todos sus moradores\u201d).<\/span><\/p>\n<p><span style=\"font-size: large;\">La lectura evang\u00e9lica de hoy (Mt 14,1-12) nos presenta la versi\u00f3n de Mateo del martirio de Juan el Bautista. Algunos ven en este relato un anuncio de la suerte que habr\u00eda de correr Jes\u00fas a consecuencia de la radicalidad de su mensaje. Juan hab\u00eda merecido la pena de muerte por haber denunciado, como buen profeta, la vida licenciosa que viv\u00edan los de su tiempo, ejemplificada en el adulterio del Rey Herodes Antipas con Herod\u00edas, la esposa de su hermano Herodes Filipo. Jes\u00fas, al denunciar la opresi\u00f3n de los pobres y marginados, y los pecados de las clases dominantes, se ganar\u00eda el odio de los l\u00edderes pol\u00edticos y religiosos de su tiempo, quienes terminar\u00edan asesin\u00e1ndolo.<\/span><\/p>\n<p><span style=\"font-size: large;\">Juan, el precursor, se nos presenta tambi\u00e9n como el prototipo del seguidor de Jes\u00fas: recio, valiente, comprometido con la verdad. La suerte que corrieron tanto Juan el Bautista como Jes\u00fas fue extrema: la muerte. Aunque nos parezca algo que ocurri\u00f3 en un pasado distante, algunos se sorprenden al enterarse que todav\u00eda hoy, en pleno siglo XXI, hay hombres y mujeres valientes que pierden la vida por predicar el Evangelio de Jesucristo. De ese modo sus muertes se convierten en el mejor testimonio de su fe. De hecho, la palabra \u201cm\u00e1rtir\u201d significa \u201ctestigo\u201d.<\/span><\/p>\n<p><span style=\"font-size: large;\">Hemos dicho en innumerables ocasiones que el seguimiento de Jes\u00fas no es f\u00e1cil, que el verdadero disc\u00edpulo de Jes\u00fas tiene que estar dispuesto a enfrentar el rechazo, la burla, el desprecio, la difamaci\u00f3n, a &#8220;cargar su cruz&#8221;. Porque si bien el mensaje de Jes\u00fas est\u00e1 centrado en el amor, tiene unas exigencias de conducta, sobre todo de renuncias, que resultan inaceptables para muchos. Quieren el beneficio de las promesas sin las obligaciones.<\/span><\/p>\n<p><span style=\"font-size: large;\">Ese doble discurso lo vemos a diario en los que utilizan el \u201camor de Dios\u201d para justificar toda clase de conductas que atentan contra la dignidad del hombre y la familia.<\/span><\/p>\n<p><span style=\"font-size: large;\">Hermoso fin de semana a todos, y no olviden visitar la Casa del Padre. \u00c9l les espera\u2026<\/span><\/p>\n<div style=\"padding-bottom:20px; padding-top:10px;\" class=\"hupso-share-buttons\"><!-- Hupso Share Buttons - https:\/\/www.hupso.com\/share\/ --><a class=\"hupso_toolbar\" href=\"https:\/\/www.hupso.com\/share\/\"><img src=\"http:\/\/static.hupso.com\/share\/buttons\/lang\/es\/share-medium.png\" style=\"border:0px; padding-top: 5px; float:left;\" alt=\"Share Button\"\/><\/a><script type=\"text\/javascript\">var hupso_services_t=new Array(\"Twitter\",\"Facebook\",\"Google Plus\",\"Pinterest\",\"Linkedin\",\"Email\",\"Print\");var hupso_background_t=\"#EAF4FF\";var hupso_border_t=\"#66CCFF\";var hupso_toolbar_size_t=\"medium\";var hupso_image_folder_url = \"\";var hupso_twitter_via=\"hectorops\";var hupso_url_t=\"\";var hupso_title_t=\"REFLEXI%C3%93N%20PARA%20EL%20S%C3%81BADO%2003-08-13\";<\/script><script type=\"text\/javascript\" src=\"http:\/\/static.hupso.com\/share\/js\/share_toolbar.js\"><\/script><!-- Hupso Share Buttons --><\/div>","protected":false},"excerpt":{"rendered":"<p>La liturgia de hoy nos presenta como primera lectura el pasaje del libro del Lev\u00edtico (Lv 25,1.8-17) en el cual el Se\u00f1or establece el \u201ca\u00f1o del jubileo\u201d, o \u201ca\u00f1o jubilar\u201d. Para entender el significado de este precepto, tenemos que remontarnos &hellip; <a href=\"http:\/\/delamanodemaria.com\/?p=1596\">Continue reading <span class=\"meta-nav\">&rarr;<\/span><\/a><\/p>\n<div style=\"padding-bottom:20px; padding-top:10px;\" class=\"hupso-share-buttons\"><!-- Hupso Share Buttons - https:\/\/www.hupso.com\/share\/ --><a class=\"hupso_toolbar\" href=\"https:\/\/www.hupso.com\/share\/\"><img src=\"http:\/\/static.hupso.com\/share\/buttons\/lang\/es\/share-medium.png\" style=\"border:0px; padding-top: 5px; float:left;\" alt=\"Share Button\"\/><\/a><script type=\"text\/javascript\">var hupso_services_t=new Array(\"Twitter\",\"Facebook\",\"Google Plus\",\"Pinterest\",\"Linkedin\",\"Email\",\"Print\");var hupso_background_t=\"#EAF4FF\";var hupso_border_t=\"#66CCFF\";var hupso_toolbar_size_t=\"medium\";var hupso_image_folder_url = \"\";var hupso_twitter_via=\"hectorops\";var hupso_url_t=\"\";var hupso_title_t=\"REFLEXI%C3%93N%20PARA%20EL%20S%C3%81BADO%2003-08-13\";<\/script><script type=\"text\/javascript\" src=\"http:\/\/static.hupso.com\/share\/js\/share_toolbar.js\"><\/script><!-- Hupso Share Buttons --><\/div>","protected":false},"author":1,"featured_media":0,"comment_status":"open","ping_status":"open","sticky":false,"template":"","format":"standard","meta":{"jetpack_post_was_ever_published":false,"_jetpack_newsletter_access":"","_jetpack_newsletter_tier_id":0,"jetpack_publicize_message":"","jetpack_is_tweetstorm":false,"jetpack_publicize_feature_enabled":true,"jetpack_social_post_already_shared":true,"jetpack_social_options":{"image_generator_settings":{"template":"highway","enabled":false}}},"categories":[1],"tags":[3,96,163,246,189,126,2,144],"jetpack_publicize_connections":[],"jetpack_featured_media_url":"","jetpack_shortlink":"https:\/\/wp.me\/p3bBgS-pK","jetpack_sharing_enabled":true,"jetpack_likes_enabled":true,"_links":{"self":[{"href":"http:\/\/delamanodemaria.com\/index.php?rest_route=\/wp\/v2\/posts\/1596"}],"collection":[{"href":"http:\/\/delamanodemaria.com\/index.php?rest_route=\/wp\/v2\/posts"}],"about":[{"href":"http:\/\/delamanodemaria.com\/index.php?rest_route=\/wp\/v2\/types\/post"}],"author":[{"embeddable":true,"href":"http:\/\/delamanodemaria.com\/index.php?rest_route=\/wp\/v2\/users\/1"}],"replies":[{"embeddable":true,"href":"http:\/\/delamanodemaria.com\/index.php?rest_route=%2Fwp%2Fv2%2Fcomments&post=1596"}],"version-history":[{"count":1,"href":"http:\/\/delamanodemaria.com\/index.php?rest_route=\/wp\/v2\/posts\/1596\/revisions"}],"predecessor-version":[{"id":1598,"href":"http:\/\/delamanodemaria.com\/index.php?rest_route=\/wp\/v2\/posts\/1596\/revisions\/1598"}],"wp:attachment":[{"href":"http:\/\/delamanodemaria.com\/index.php?rest_route=%2Fwp%2Fv2%2Fmedia&parent=1596"}],"wp:term":[{"taxonomy":"category","embeddable":true,"href":"http:\/\/delamanodemaria.com\/index.php?rest_route=%2Fwp%2Fv2%2Fcategories&post=1596"},{"taxonomy":"post_tag","embeddable":true,"href":"http:\/\/delamanodemaria.com\/index.php?rest_route=%2Fwp%2Fv2%2Ftags&post=1596"}],"curies":[{"name":"wp","href":"https:\/\/api.w.org\/{rel}","templated":true}]}}