{"id":16008,"date":"2021-08-04T16:38:09","date_gmt":"2021-08-04T20:38:09","guid":{"rendered":"http:\/\/delamanodemaria.com\/?p=16008"},"modified":"2021-08-04T16:38:09","modified_gmt":"2021-08-04T20:38:09","slug":"reflexion-para-el-jueves-de-la-decima-octava-semana-del-t-o-1-05-08-21","status":"publish","type":"post","link":"http:\/\/delamanodemaria.com\/?p=16008","title":{"rendered":"REFLEXI\u00d3N PARA EL JUEVES DE LA D\u00c9CIMA OCTAVA SEMANA DEL T.O. (1) 05-08-21"},"content":{"rendered":"\n<figure class=\"wp-block-image\"><img decoding=\"async\" loading=\"lazy\" width=\"600\" height=\"285\" src=\"http:\/\/delamanodemaria.com\/wp-content\/uploads\/2015\/09\/Y-ustedes-quien-dicen-que-soy-yo.jpg\" alt=\"\" class=\"wp-image-6048\" srcset=\"http:\/\/delamanodemaria.com\/wp-content\/uploads\/2015\/09\/Y-ustedes-quien-dicen-que-soy-yo.jpg 600w, http:\/\/delamanodemaria.com\/wp-content\/uploads\/2015\/09\/Y-ustedes-quien-dicen-que-soy-yo-300x143.jpg 300w, http:\/\/delamanodemaria.com\/wp-content\/uploads\/2015\/09\/Y-ustedes-quien-dicen-que-soy-yo-500x238.jpg 500w\" sizes=\"(max-width: 600px) 100vw, 600px\" \/><\/figure>\n\n\n\n<p class=\"has-drop-cap\">La lectura\nevang\u00e9lica de hoy (Mt 16,13-23) nos presenta a Jes\u00fas en la regi\u00f3n de Cesarea de\nFilipo preguntando a sus disc\u00edpulos: \u201c\u00bfQui\u00e9n dice la gente que es el Hijo del\nhombre?\u201d. La respuesta de los disc\u00edpulos es: \u201cUnos que Juan Bautista, otros que\nEl\u00edas, otros que Jerem\u00edas o uno de los profetas\u201d. Entonces les pregunta: \u201cY\nvosotros, \u00bfqui\u00e9n dec\u00eds que soy yo?\u201d Esa pregunta suscita la \u201cprofesi\u00f3n de fe\u201d\nde Pedro: \u201cT\u00fa eres el Mes\u00edas, el Hijo de Dios vivo\u201d; a lo que Jes\u00fas le\ncontesta: \u201c\u00a1Dichoso t\u00fa, Sim\u00f3n, hijo de Jon\u00e1s! porque eso no te lo ha revelado\nnadie de carne y hueso, sino mi Padre que est\u00e1 en el cielo. Ahora te digo yo:\nt\u00fa eres Pedro, y sobre esta piedra edificar\u00e9 mi Iglesia, y el poder del\ninfierno no la derrotar\u00e1. Te dar\u00e9 las llaves del reino de los cielos; lo que\nates en la tierra quedar\u00e1 atado en el cielo, y lo que desates en la tierra\nquedar\u00e1 desatado en el cielo\u201d.<\/p>\n\n\n\n<p>Pedro era un\nsimple pescador que se ganaba la vida practicando su noble oficio en el lago a\ncuya orilla Jes\u00fas le instituye \u201cpiedra\u201d y cabeza de su Iglesia, no por sus\npropios m\u00e9ritos, sino porque Jes\u00fas reconoce que el Padre le ha escogido: \u201c\u2026\nporque eso no te lo ha revelado nadie de carne y hueso, sino mi Padre que est\u00e1\nen el cielo\u201d.<\/p>\n\n\n\n<p>Dios llama a cada uno de nosotros a desempe\u00f1ar una misi\u00f3n. Esa es nuestra vocaci\u00f3n. La palabra \u201cvocaci\u00f3n\u201d viene del verbo lat\u00edn <em>vocare<\/em> (\u201cllamar\u201d), y quiere decir \u201cllamado\u201d. C\u00f3mo Dios nos escoge, y c\u00f3mo decide cu\u00e1l es nuestra vocaci\u00f3n es un misterio. Y, una vez aceptada la misi\u00f3n, el Se\u00f1or se encarga de darnos los medios. Dios no siempre escoge a los m\u00e1s capacitados; \u00c9l capacita a los que escoge, d\u00e1ndoles los carismas necesarios para llevar a cabo su misi\u00f3n (<em>Cfr<\/em>. 1 Cor 12,1-11).<\/p>\n\n\n\n<p>Pero como sucede\ncon nosotros, que, a pesar de haber sido escogidos por Dios para llevar a cabo\nuna misi\u00f3n tenemos que perseverar en la oraci\u00f3n y en el seguimiento de Jes\u00fas\npara poder llevarla cabo, vemos c\u00f3mo Pedro, apenas unos instantes despu\u00e9s su\nprofesi\u00f3n de fe, demuestra su debilidad humana y el largo camino que le quedar\u00eda\npor recorrer para poder convertirse en \u201cpiedra\u201d del nuevo Pueblo de Dios.<\/p>\n\n\n\n<p>Cuando Jes\u00fas comenz\u00f3\na explicar a los disc\u00edpulos todo lo que tendr\u00eda que padecer, culminando con su\nmuerte y resurrecci\u00f3n, Pedro lo increpa: \u201c\u00a1No lo permita Dios, Se\u00f1or! Eso no\npuede pasarte\u201d. A lo que Jes\u00fas replica: \u201cQu\u00edtate de mi vista, Satan\u00e1s, que me\nhaces tropezar; t\u00fa piensas como los hombres, no como Dios\u201d. He ah\u00ed nuestro problema.<\/p>\n\n\n\n<p>Si Cristo se\npresentara hoy ante ti y te preguntara: \u201c\u00bfY t\u00fa, \u00bfqui\u00e9n dices que soy yo?\u201d, \u00bfqu\u00e9\nle contestar\u00edas? Pedro y Pablo ofrecieron su vida por predicar y defender esa\nverdad. Hoy hay cristianos en muchas partes del mundo haci\u00e9ndolo. Y t\u00fa, \u00bfest\u00e1s\ndispuesto a hacerlo? \u00bfPiensas como Dios, o como los hombres?<\/p>\n\n\n\n<p>Cuando est\u00e9s\nlisto para partir al encuentro definitivo con el Se\u00f1or, \u00bfpodr\u00e1s decir como\nPablo: \u201cHe combatido bien mi combate, he corrido hasta la meta, he mantenido la\nfe\u201d?<\/p>\n\n\n\n<p>Que pasen un hermoso\nd\u00eda, \u00a1aunque est\u00e9 lloviendo!\u2026<\/p>\n<div style=\"padding-bottom:20px; padding-top:10px;\" class=\"hupso-share-buttons\"><!-- Hupso Share Buttons - https:\/\/www.hupso.com\/share\/ --><a class=\"hupso_toolbar\" href=\"https:\/\/www.hupso.com\/share\/\"><img src=\"http:\/\/static.hupso.com\/share\/buttons\/lang\/es\/share-medium.png\" style=\"border:0px; padding-top: 5px; float:left;\" alt=\"Share Button\"\/><\/a><script type=\"text\/javascript\">var hupso_services_t=new Array(\"Twitter\",\"Facebook\",\"Google Plus\",\"Pinterest\",\"Linkedin\",\"Email\",\"Print\");var hupso_background_t=\"#EAF4FF\";var hupso_border_t=\"#66CCFF\";var hupso_toolbar_size_t=\"medium\";var hupso_image_folder_url = \"\";var hupso_twitter_via=\"hectorops\";var hupso_url_t=\"\";var hupso_title_t=\"REFLEXI%C3%93N%20PARA%20EL%20JUEVES%20DE%20LA%20D%C3%89CIMA%20OCTAVA%20SEMANA%20DEL%20T.O.%20%281%29%2005-08-21\";<\/script><script type=\"text\/javascript\" src=\"http:\/\/static.hupso.com\/share\/js\/share_toolbar.js\"><\/script><!-- Hupso Share Buttons --><\/div>","protected":false},"excerpt":{"rendered":"<p>La lectura evang\u00e9lica de hoy (Mt 16,13-23) nos presenta a Jes\u00fas en la regi\u00f3n de Cesarea de Filipo preguntando a sus disc\u00edpulos: \u201c\u00bfQui\u00e9n dice la gente que es el Hijo del hombre?\u201d. La respuesta de los disc\u00edpulos es: \u201cUnos que &hellip; <a href=\"http:\/\/delamanodemaria.com\/?p=16008\">Continue reading <span class=\"meta-nav\">&rarr;<\/span><\/a><\/p>\n<div style=\"padding-bottom:20px; padding-top:10px;\" class=\"hupso-share-buttons\"><!-- Hupso Share Buttons - https:\/\/www.hupso.com\/share\/ --><a class=\"hupso_toolbar\" href=\"https:\/\/www.hupso.com\/share\/\"><img src=\"http:\/\/static.hupso.com\/share\/buttons\/lang\/es\/share-medium.png\" style=\"border:0px; padding-top: 5px; float:left;\" alt=\"Share Button\"\/><\/a><script type=\"text\/javascript\">var hupso_services_t=new Array(\"Twitter\",\"Facebook\",\"Google Plus\",\"Pinterest\",\"Linkedin\",\"Email\",\"Print\");var hupso_background_t=\"#EAF4FF\";var hupso_border_t=\"#66CCFF\";var hupso_toolbar_size_t=\"medium\";var hupso_image_folder_url = \"\";var hupso_twitter_via=\"hectorops\";var hupso_url_t=\"\";var hupso_title_t=\"REFLEXI%C3%93N%20PARA%20EL%20JUEVES%20DE%20LA%20D%C3%89CIMA%20OCTAVA%20SEMANA%20DEL%20T.O.%20%281%29%2005-08-21\";<\/script><script type=\"text\/javascript\" src=\"http:\/\/static.hupso.com\/share\/js\/share_toolbar.js\"><\/script><!-- Hupso Share Buttons --><\/div>","protected":false},"author":1,"featured_media":6048,"comment_status":"open","ping_status":"open","sticky":false,"template":"","format":"standard","meta":{"jetpack_post_was_ever_published":false,"_jetpack_newsletter_access":"","_jetpack_newsletter_tier_id":0,"jetpack_publicize_message":"","jetpack_is_tweetstorm":false,"jetpack_publicize_feature_enabled":true,"jetpack_social_post_already_shared":true,"jetpack_social_options":{"image_generator_settings":{"template":"highway","enabled":false}}},"categories":[1],"tags":[765,3162,149,4843,4447,2935,2127,139,227,2049,238,112,415,130,111,2031,140,345,2037,2818,4844,2,144,3063,722,199,1684],"jetpack_publicize_connections":[],"jetpack_featured_media_url":"http:\/\/delamanodemaria.com\/wp-content\/uploads\/2015\/09\/Y-ustedes-quien-dicen-que-soy-yo.jpg","jetpack_shortlink":"https:\/\/wp.me\/p3bBgS-4ac","jetpack_sharing_enabled":true,"jetpack_likes_enabled":true,"_links":{"self":[{"href":"http:\/\/delamanodemaria.com\/index.php?rest_route=\/wp\/v2\/posts\/16008"}],"collection":[{"href":"http:\/\/delamanodemaria.com\/index.php?rest_route=\/wp\/v2\/posts"}],"about":[{"href":"http:\/\/delamanodemaria.com\/index.php?rest_route=\/wp\/v2\/types\/post"}],"author":[{"embeddable":true,"href":"http:\/\/delamanodemaria.com\/index.php?rest_route=\/wp\/v2\/users\/1"}],"replies":[{"embeddable":true,"href":"http:\/\/delamanodemaria.com\/index.php?rest_route=%2Fwp%2Fv2%2Fcomments&post=16008"}],"version-history":[{"count":2,"href":"http:\/\/delamanodemaria.com\/index.php?rest_route=\/wp\/v2\/posts\/16008\/revisions"}],"predecessor-version":[{"id":16010,"href":"http:\/\/delamanodemaria.com\/index.php?rest_route=\/wp\/v2\/posts\/16008\/revisions\/16010"}],"wp:featuredmedia":[{"embeddable":true,"href":"http:\/\/delamanodemaria.com\/index.php?rest_route=\/wp\/v2\/media\/6048"}],"wp:attachment":[{"href":"http:\/\/delamanodemaria.com\/index.php?rest_route=%2Fwp%2Fv2%2Fmedia&parent=16008"}],"wp:term":[{"taxonomy":"category","embeddable":true,"href":"http:\/\/delamanodemaria.com\/index.php?rest_route=%2Fwp%2Fv2%2Fcategories&post=16008"},{"taxonomy":"post_tag","embeddable":true,"href":"http:\/\/delamanodemaria.com\/index.php?rest_route=%2Fwp%2Fv2%2Ftags&post=16008"}],"curies":[{"name":"wp","href":"https:\/\/api.w.org\/{rel}","templated":true}]}}