{"id":16177,"date":"2021-09-04T17:32:36","date_gmt":"2021-09-04T21:32:36","guid":{"rendered":"http:\/\/delamanodemaria.com\/?p=16177"},"modified":"2021-09-04T20:17:22","modified_gmt":"2021-09-05T00:17:22","slug":"reflexion-para-el-vigesimo-tercer-domingo-del-t-o-ciclo-b-05-09-21","status":"publish","type":"post","link":"http:\/\/delamanodemaria.com\/?p=16177","title":{"rendered":"REFLEXI\u00d3N PARA EL VIG\u00c9SIMO TERCER DOMINGO DEL T.O. &#8211; CICLO B &#8211; 05-09-21"},"content":{"rendered":"\n<figure class=\"wp-block-image\"><img decoding=\"async\" loading=\"lazy\" width=\"768\" height=\"432\" src=\"http:\/\/delamanodemaria.com\/wp-content\/uploads\/2020\/02\/Effet\u00e1.jpg\" alt=\"\" class=\"wp-image-13033\" srcset=\"http:\/\/delamanodemaria.com\/wp-content\/uploads\/2020\/02\/Effet\u00e1.jpg 768w, http:\/\/delamanodemaria.com\/wp-content\/uploads\/2020\/02\/Effet\u00e1-300x169.jpg 300w, http:\/\/delamanodemaria.com\/wp-content\/uploads\/2020\/02\/Effet\u00e1-500x281.jpg 500w\" sizes=\"(max-width: 768px) 100vw, 768px\" \/><figcaption>Luego invoca al Padre y dice: <em>Effet\u00e1<\/em>, que quiere decir \u201c\u00c1brete\u201d. Al momento se le abrieron los o\u00eddos, se le solt\u00f3 la traba de la lengua y hablaba sin dificultad. <\/figcaption><\/figure>\n\n\n\n<p>El relato evang\u00e9lico que contemplamos en la\nliturgia para hoy (Mc 7,31-37) nos presenta el episodio de la curaci\u00f3n del\nsordomudo. Estando en territorio pagano (en las fronteras del L\u00edbano), le traen\n\u201cun sordo que, adem\u00e1s, apenas pod\u00eda hablar; y le piden que le imponga las manos\u201d.\nJes\u00fas, apart\u00e1ndolo a un lado, le introduce los dedos en los o\u00eddos y le toca la\nlengua con saliva. Luego invoca al Padre (\u201cmirando al cielo\u201d) y dice: <em>Effet\u00e1<\/em>, que quiere decir \u201c\u00c1brete\u201d. Nos\ndice la escritura que \u201cal momento se le abrieron los o\u00eddos, se le solt\u00f3 la\ntraba de la lengua y hablaba sin dificultad\u201d.<\/p>\n\n\n\n<p>Vemos en este episodio el cumplimiento de la\nprofec\u00eda de Isa\u00edas contenida en la primera lectura de hoy (Is 35,4,7a), cuando\nanunciaba al pueblo exiliado en Babilonia que \u201clos o\u00eddos del sordo se abrir\u00e1n\u201d,\u2026\ny \u201cla lengua del mudo cantar\u00e1\u201d. Este milagro es un signo inequ\u00edvoco de que la\nsalvaci\u00f3n ha llegado en la persona de Jes\u00fas. Los presentes parecen reconocerlo\ncuando \u201cen el colmo del asombro dec\u00edan: \u2018Todo lo ha hecho bien; hace o\u00edr a los\nsordos y hablar a los mudos\u2019.\u201d El hecho de que el milagro se realice en\nterritorio pagano, apunta a la universalidad de esa salvaci\u00f3n.<\/p>\n\n\n\n<p>Al milagro le sigue la petici\u00f3n de Jes\u00fas de\nguardar silencio sobre el mismo (el llamado \u201csecreto mesi\u00e1nico\u201d, t\u00edpico del\nevangelio seg\u00fan san Marcos), y la proclamaci\u00f3n del mismo por todos los\npresentes. Esta es la reacci\u00f3n t\u00edpica de todo el que ha vivido la experiencia\nde Jes\u00fas; no puede evitarlo, tiene que compartir su experiencia, proclamarlo a\ntodos.<\/p>\n\n\n\n<p>En el rito del bautismo hay un momento que se\nllama precisamente <em>Effet\u00e1<\/em>, en el cual\nel ministro traza la se\u00f1al de la cruz sobre los o\u00eddos y boca del bautizando\nmientras pronuncia la misma palabra aramea que le dijo Jes\u00fas al \u201csordomudo\u201d del\nEvangelio de hoy. Esto, para que sus o\u00eddos se abran para escuchar la Palabra de\nDios y su boca se abra para proclamarla.<\/p>\n\n\n\n<p>Antes a estas personas se les llamaba\n\u201csordomudos\u201d, pero ahora se les llama \u201csordos\u201d, pues se reconoce que su\ncondici\u00f3n es un problema de audici\u00f3n. No hablan bien porque no pueden escuchar;\nviven aislados en un mundo de silencio.<\/p>\n\n\n\n<p>Eso mismo nos pasa a nosotros cuando nos cerramos\na la Palabra de Dios. Pero si nos tornamos hacia \u00c9l y permitimos que su Palabra\nsanadora penetre en nuestras almas, a\u00fan dentro de la sordera espiritual que\nhemos vivido, podremos escuchar ese <em>Effet\u00e1<\/em>\npotente y sonoro que nos librar\u00e1 de las cadenas del silencio espiritual; y esa\nPalabra sanadora har\u00e1 brotar agua en el desierto de nuestras vidas, y esa agua\nbrotar\u00e1 de nosotros como un torrente (Is 35,7). Entonces viviremos el <em>Effet\u00e1 <\/em>que Jes\u00fas pronunci\u00f3 a trav\u00e9s del\nministro el d\u00eda de nuestro bautismo, y proclamaremos a todos esa Palabra\nsanadora que hemos recibido.<\/p>\n\n\n\n<p>Hoy es el d\u00eda del Se\u00f1or. Acude a \u00c9l y d\u00e9jate\npenetrar por su Palabra sanadora. Entonces no podr\u00e1s contenerte y saldr\u00e1s a\nproclamar a todos que Jesucristo es el Se\u00f1or\u2026<\/p>\n<div style=\"padding-bottom:20px; padding-top:10px;\" class=\"hupso-share-buttons\"><!-- Hupso Share Buttons - https:\/\/www.hupso.com\/share\/ --><a class=\"hupso_toolbar\" href=\"https:\/\/www.hupso.com\/share\/\"><img src=\"http:\/\/static.hupso.com\/share\/buttons\/lang\/es\/share-medium.png\" style=\"border:0px; padding-top: 5px; float:left;\" alt=\"Share Button\"\/><\/a><script type=\"text\/javascript\">var hupso_services_t=new Array(\"Twitter\",\"Facebook\",\"Google Plus\",\"Pinterest\",\"Linkedin\",\"Email\",\"Print\");var hupso_background_t=\"#EAF4FF\";var hupso_border_t=\"#66CCFF\";var hupso_toolbar_size_t=\"medium\";var hupso_image_folder_url = \"\";var hupso_twitter_via=\"hectorops\";var hupso_url_t=\"\";var hupso_title_t=\"REFLEXI%C3%93N%20PARA%20EL%20VIG%C3%89SIMO%20TERCER%20DOMINGO%20DEL%20T.O.%20-%20CICLO%20B%20-%2005-09-21\";<\/script><script type=\"text\/javascript\" src=\"http:\/\/static.hupso.com\/share\/js\/share_toolbar.js\"><\/script><!-- Hupso Share Buttons --><\/div>","protected":false},"excerpt":{"rendered":"<p>El relato evang\u00e9lico que contemplamos en la liturgia para hoy (Mc 7,31-37) nos presenta el episodio de la curaci\u00f3n del sordomudo. Estando en territorio pagano (en las fronteras del L\u00edbano), le traen \u201cun sordo que, adem\u00e1s, apenas pod\u00eda hablar; y &hellip; <a href=\"http:\/\/delamanodemaria.com\/?p=16177\">Continue reading <span class=\"meta-nav\">&rarr;<\/span><\/a><\/p>\n<div style=\"padding-bottom:20px; padding-top:10px;\" class=\"hupso-share-buttons\"><!-- Hupso Share Buttons - https:\/\/www.hupso.com\/share\/ --><a class=\"hupso_toolbar\" href=\"https:\/\/www.hupso.com\/share\/\"><img src=\"http:\/\/static.hupso.com\/share\/buttons\/lang\/es\/share-medium.png\" style=\"border:0px; padding-top: 5px; float:left;\" alt=\"Share Button\"\/><\/a><script type=\"text\/javascript\">var hupso_services_t=new Array(\"Twitter\",\"Facebook\",\"Google Plus\",\"Pinterest\",\"Linkedin\",\"Email\",\"Print\");var hupso_background_t=\"#EAF4FF\";var hupso_border_t=\"#66CCFF\";var hupso_toolbar_size_t=\"medium\";var hupso_image_folder_url = \"\";var hupso_twitter_via=\"hectorops\";var hupso_url_t=\"\";var hupso_title_t=\"REFLEXI%C3%93N%20PARA%20EL%20VIG%C3%89SIMO%20TERCER%20DOMINGO%20DEL%20T.O.%20-%20CICLO%20B%20-%2005-09-21\";<\/script><script type=\"text\/javascript\" src=\"http:\/\/static.hupso.com\/share\/js\/share_toolbar.js\"><\/script><!-- Hupso Share Buttons --><\/div>","protected":false},"author":1,"featured_media":13033,"comment_status":"open","ping_status":"open","sticky":false,"template":"","format":"standard","meta":{"jetpack_post_was_ever_published":false,"_jetpack_newsletter_access":"","_jetpack_newsletter_tier_id":0,"jetpack_publicize_message":"","jetpack_is_tweetstorm":false,"jetpack_publicize_feature_enabled":true,"jetpack_social_post_already_shared":true,"jetpack_social_options":{"image_generator_settings":{"template":"highway","enabled":false}}},"categories":[1],"tags":[4868,159,724,4867,1048,455,2428,3200,371,3673,1868,501,1422,1547,2,1817,2482,453,2510,2155],"jetpack_publicize_connections":[],"jetpack_featured_media_url":"http:\/\/delamanodemaria.com\/wp-content\/uploads\/2020\/02\/Effet\u00e1.jpg","jetpack_shortlink":"https:\/\/wp.me\/p3bBgS-4cV","jetpack_sharing_enabled":true,"jetpack_likes_enabled":true,"_links":{"self":[{"href":"http:\/\/delamanodemaria.com\/index.php?rest_route=\/wp\/v2\/posts\/16177"}],"collection":[{"href":"http:\/\/delamanodemaria.com\/index.php?rest_route=\/wp\/v2\/posts"}],"about":[{"href":"http:\/\/delamanodemaria.com\/index.php?rest_route=\/wp\/v2\/types\/post"}],"author":[{"embeddable":true,"href":"http:\/\/delamanodemaria.com\/index.php?rest_route=\/wp\/v2\/users\/1"}],"replies":[{"embeddable":true,"href":"http:\/\/delamanodemaria.com\/index.php?rest_route=%2Fwp%2Fv2%2Fcomments&post=16177"}],"version-history":[{"count":3,"href":"http:\/\/delamanodemaria.com\/index.php?rest_route=\/wp\/v2\/posts\/16177\/revisions"}],"predecessor-version":[{"id":16180,"href":"http:\/\/delamanodemaria.com\/index.php?rest_route=\/wp\/v2\/posts\/16177\/revisions\/16180"}],"wp:featuredmedia":[{"embeddable":true,"href":"http:\/\/delamanodemaria.com\/index.php?rest_route=\/wp\/v2\/media\/13033"}],"wp:attachment":[{"href":"http:\/\/delamanodemaria.com\/index.php?rest_route=%2Fwp%2Fv2%2Fmedia&parent=16177"}],"wp:term":[{"taxonomy":"category","embeddable":true,"href":"http:\/\/delamanodemaria.com\/index.php?rest_route=%2Fwp%2Fv2%2Fcategories&post=16177"},{"taxonomy":"post_tag","embeddable":true,"href":"http:\/\/delamanodemaria.com\/index.php?rest_route=%2Fwp%2Fv2%2Ftags&post=16177"}],"curies":[{"name":"wp","href":"https:\/\/api.w.org\/{rel}","templated":true}]}}