{"id":16196,"date":"2022-09-07T15:35:00","date_gmt":"2022-09-07T19:35:00","guid":{"rendered":"http:\/\/delamanodemaria.com\/?p=16196"},"modified":"2022-09-07T15:35:44","modified_gmt":"2022-09-07T19:35:44","slug":"sabes-por-que-celebramos-la-fiesta-de-la-natividad-de-la-santisima-virgen-maria-el-8-de-septiembre","status":"publish","type":"post","link":"http:\/\/delamanodemaria.com\/?p=16196","title":{"rendered":"\u00bfSabes por qu\u00e9 celebramos la Fiesta de la Natividad de la Sant\u00edsima Virgen Mar\u00eda el 8 de septiembre?"},"content":{"rendered":"\n<figure class=\"wp-block-image\"><img decoding=\"async\" loading=\"lazy\" width=\"780\" height=\"407\" src=\"http:\/\/delamanodemaria.com\/wp-content\/uploads\/2021\/09\/natividad-de-la-virgen-maria-madre-de-nuestro-senor.jpg\" alt=\"\" class=\"wp-image-16197\" srcset=\"http:\/\/delamanodemaria.com\/wp-content\/uploads\/2021\/09\/natividad-de-la-virgen-maria-madre-de-nuestro-senor.jpg 780w, http:\/\/delamanodemaria.com\/wp-content\/uploads\/2021\/09\/natividad-de-la-virgen-maria-madre-de-nuestro-senor-300x157.jpg 300w, http:\/\/delamanodemaria.com\/wp-content\/uploads\/2021\/09\/natividad-de-la-virgen-maria-madre-de-nuestro-senor-768x401.jpg 768w, http:\/\/delamanodemaria.com\/wp-content\/uploads\/2021\/09\/natividad-de-la-virgen-maria-madre-de-nuestro-senor-500x261.jpg 500w\" sizes=\"(max-width: 780px) 100vw, 780px\" \/><\/figure>\n\n\n\n<p>Para saber la contestaci\u00f3n a esta pregunta te invitamos a visitar nuestro canal en YouTube, De la mano de Mar\u00eda TV, y ver el corto v\u00eddeo de la serie&nbsp;<strong><em>\u00bfSab\u00edas que\u2026?<\/em><\/strong>, sobre la <strong><a href=\"https:\/\/www.youtube.com\/watch?v=LkAJPxDiawQ\" target=\"_blank\" rel=\"noreferrer noopener\">Natividad de la Sant\u00edsima Virgen Mar\u00eda<\/a><\/strong>.<\/p>\n\n\n\n<p>De paso, te invitamos a&nbsp;<a rel=\"noreferrer noopener\" href=\"https:\/\/www.youtube.com\/channel\/UCRPOquX5FIFCnxaSMTs3aiQ\" target=\"_blank\"><strong><em>suscribirte a nuestro canal<\/em><\/strong><\/a>&nbsp;(asegur\u00e1ndote de pulsar la campana para activar las notificaciones), de modo que puedas ver nuestros v\u00eddeos tan pronto sean publicados.<\/p>\n<div style=\"padding-bottom:20px; padding-top:10px;\" class=\"hupso-share-buttons\"><!-- Hupso Share Buttons - https:\/\/www.hupso.com\/share\/ --><a class=\"hupso_toolbar\" href=\"https:\/\/www.hupso.com\/share\/\"><img src=\"http:\/\/static.hupso.com\/share\/buttons\/lang\/es\/share-medium.png\" style=\"border:0px; padding-top: 5px; float:left;\" alt=\"Share Button\"\/><\/a><script type=\"text\/javascript\">var hupso_services_t=new Array(\"Twitter\",\"Facebook\",\"Google Plus\",\"Pinterest\",\"Linkedin\",\"Email\",\"Print\");var hupso_background_t=\"#EAF4FF\";var hupso_border_t=\"#66CCFF\";var hupso_toolbar_size_t=\"medium\";var hupso_image_folder_url = \"\";var hupso_twitter_via=\"hectorops\";var hupso_url_t=\"\";var hupso_title_t=\"%C2%BFSabes%20por%20qu%C3%A9%20celebramos%20la%20Fiesta%20de%20la%20Natividad%20de%20la%20Sant%C3%ADsima%20Virgen%20Mar%C3%ADa%20el%208%20de%20septiembre%3F\";<\/script><script type=\"text\/javascript\" src=\"http:\/\/static.hupso.com\/share\/js\/share_toolbar.js\"><\/script><!-- Hupso Share Buttons --><\/div>","protected":false},"excerpt":{"rendered":"<p>Para saber la contestaci\u00f3n a esta pregunta te invitamos a visitar nuestro canal en YouTube, De la mano de Mar\u00eda TV, y ver el corto v\u00eddeo de la serie&nbsp;\u00bfSab\u00edas que\u2026?, sobre la Natividad de la Sant\u00edsima Virgen Mar\u00eda. De paso, &hellip; <a href=\"http:\/\/delamanodemaria.com\/?p=16196\">Continue reading <span class=\"meta-nav\">&rarr;<\/span><\/a><\/p>\n<div style=\"padding-bottom:20px; padding-top:10px;\" class=\"hupso-share-buttons\"><!-- Hupso Share Buttons - https:\/\/www.hupso.com\/share\/ --><a class=\"hupso_toolbar\" href=\"https:\/\/www.hupso.com\/share\/\"><img src=\"http:\/\/static.hupso.com\/share\/buttons\/lang\/es\/share-medium.png\" style=\"border:0px; padding-top: 5px; float:left;\" alt=\"Share Button\"\/><\/a><script type=\"text\/javascript\">var hupso_services_t=new Array(\"Twitter\",\"Facebook\",\"Google Plus\",\"Pinterest\",\"Linkedin\",\"Email\",\"Print\");var hupso_background_t=\"#EAF4FF\";var hupso_border_t=\"#66CCFF\";var hupso_toolbar_size_t=\"medium\";var hupso_image_folder_url = \"\";var hupso_twitter_via=\"hectorops\";var hupso_url_t=\"\";var hupso_title_t=\"%C2%BFSabes%20por%20qu%C3%A9%20celebramos%20la%20Fiesta%20de%20la%20Natividad%20de%20la%20Sant%C3%ADsima%20Virgen%20Mar%C3%ADa%20el%208%20de%20septiembre%3F\";<\/script><script type=\"text\/javascript\" src=\"http:\/\/static.hupso.com\/share\/js\/share_toolbar.js\"><\/script><!-- Hupso Share Buttons --><\/div>","protected":false},"author":1,"featured_media":0,"comment_status":"open","ping_status":"open","sticky":false,"template":"","format":"standard","meta":{"jetpack_post_was_ever_published":false,"_jetpack_newsletter_access":"","_jetpack_newsletter_tier_id":0,"jetpack_publicize_message":"","jetpack_is_tweetstorm":false,"jetpack_publicize_feature_enabled":true,"jetpack_social_post_already_shared":true,"jetpack_social_options":{"image_generator_settings":{"template":"highway","enabled":false}}},"categories":[1],"tags":[1705,1007,3311,376,622,961,4806],"jetpack_publicize_connections":[],"jetpack_featured_media_url":"","jetpack_shortlink":"https:\/\/wp.me\/p3bBgS-4de","jetpack_sharing_enabled":true,"jetpack_likes_enabled":true,"_links":{"self":[{"href":"http:\/\/delamanodemaria.com\/index.php?rest_route=\/wp\/v2\/posts\/16196"}],"collection":[{"href":"http:\/\/delamanodemaria.com\/index.php?rest_route=\/wp\/v2\/posts"}],"about":[{"href":"http:\/\/delamanodemaria.com\/index.php?rest_route=\/wp\/v2\/types\/post"}],"author":[{"embeddable":true,"href":"http:\/\/delamanodemaria.com\/index.php?rest_route=\/wp\/v2\/users\/1"}],"replies":[{"embeddable":true,"href":"http:\/\/delamanodemaria.com\/index.php?rest_route=%2Fwp%2Fv2%2Fcomments&post=16196"}],"version-history":[{"count":6,"href":"http:\/\/delamanodemaria.com\/index.php?rest_route=\/wp\/v2\/posts\/16196\/revisions"}],"predecessor-version":[{"id":17986,"href":"http:\/\/delamanodemaria.com\/index.php?rest_route=\/wp\/v2\/posts\/16196\/revisions\/17986"}],"wp:attachment":[{"href":"http:\/\/delamanodemaria.com\/index.php?rest_route=%2Fwp%2Fv2%2Fmedia&parent=16196"}],"wp:term":[{"taxonomy":"category","embeddable":true,"href":"http:\/\/delamanodemaria.com\/index.php?rest_route=%2Fwp%2Fv2%2Fcategories&post=16196"},{"taxonomy":"post_tag","embeddable":true,"href":"http:\/\/delamanodemaria.com\/index.php?rest_route=%2Fwp%2Fv2%2Ftags&post=16196"}],"curies":[{"name":"wp","href":"https:\/\/api.w.org\/{rel}","templated":true}]}}