{"id":16225,"date":"2021-09-12T17:56:23","date_gmt":"2021-09-12T21:56:23","guid":{"rendered":"http:\/\/delamanodemaria.com\/?p=16225"},"modified":"2021-09-12T17:56:23","modified_gmt":"2021-09-12T21:56:23","slug":"reflexion-para-el-lunes-de-la-vigesima-cuarta-semana-del-t-o-1-13-09-21","status":"publish","type":"post","link":"http:\/\/delamanodemaria.com\/?p=16225","title":{"rendered":"REFLEXI\u00d3N PARA EL LUNES DE LA VIG\u00c9SIMA CUARTA SEMANA DEL T.O. (1) 13-09-21"},"content":{"rendered":"\n<figure class=\"wp-block-image\"><img decoding=\"async\" loading=\"lazy\" width=\"612\" height=\"407\" src=\"http:\/\/delamanodemaria.com\/wp-content\/uploads\/2018\/09\/No-soy-qui\u00e9n-para-que-entres.jpg\" alt=\"\" class=\"wp-image-10438\" srcset=\"http:\/\/delamanodemaria.com\/wp-content\/uploads\/2018\/09\/No-soy-qui\u00e9n-para-que-entres.jpg 612w, http:\/\/delamanodemaria.com\/wp-content\/uploads\/2018\/09\/No-soy-qui\u00e9n-para-que-entres-300x200.jpg 300w, http:\/\/delamanodemaria.com\/wp-content\/uploads\/2018\/09\/No-soy-qui\u00e9n-para-que-entres-451x300.jpg 451w\" sizes=\"(max-width: 612px) 100vw, 612px\" \/><\/figure>\n\n\n\n<p class=\"has-drop-cap\">La lectura evang\u00e9lica que nos presenta la\nliturgia para hoy (Lc 7,1-10) nos narra la curaci\u00f3n del criado del centuri\u00f3n.\nEn ese episodio un centuri\u00f3n (pagano), env\u00eda unos jud\u00edos a hablar con Jes\u00fas\npara que este curara a su siervo, que estaba muy enfermo. Jes\u00fas parti\u00f3 hacia la\ncasa del centuri\u00f3n para curarlo, pero cuando iba de camino, llegaron unos emisarios\nde este que le dijeron a Jes\u00fas que les mandaba decir a Jes\u00fas: \u201cSe\u00f1or, no te\nmolestes; no soy yo qui\u00e9n para que entres bajo mi techo; por eso tampoco me\ncre\u00ed digno de venir personalmente. Dilo de palabra, y mi criado quedar\u00e1 sano\u201d.\nA rengl\u00f3n seguido a\u00f1ade que \u00e9l est\u00e1 bajo el mando de superiores y a su vez\ntiene subordinados.<\/p>\n\n\n\n<p>Tenemos ante nosotros a todo un militar de\nalto rango que reconoce la autoridad de Jes\u00fas por encima de la de \u00e9l, y que la\npresencia f\u00edsica no es necesaria para que la palabra con autoridad sea\nefectiva. Pero el centuri\u00f3n no solo le reconoce autoridad a Jes\u00fas, se reconoce\nindigno de \u00c9l, se reconoce pecador. Es la misma reacci\u00f3n que observamos en\nPedro en el pasaje de la pesca milagrosa: \u201cAp\u00e1rtate de m\u00ed, que soy un pecador\u201d (Lc\n5,8). &nbsp;Es lo que decimos inmediatamente\nantes de la comuni\u00f3n: \u201cSe\u00f1or, yo no soy digno de que entres en mi casa, pero\nuna palabra tuya bastar\u00e1 para sanarme\u201d.<\/p>\n\n\n\n<p>Esta actuaci\u00f3n de centuri\u00f3n de dar cr\u00e9dito a\nla Palabra de Jes\u00fas y hacer de ella un acto de fe, lleva a Jes\u00fas a exclamar: \u201cOs\ndigo que ni en Israel he encontrado tanta fe\u201d. Se trata de una confianza plena\nen la Palabra de Jes\u00fas. Como hemos dicho en ocasiones anteriores, no se trata\nde meramente \u201ccreer en Jes\u00fas\u201d, se trata de \u201ccreerle a Jes\u00fas\u201d. Es la actitud de\nPedro en el episodio de la pesca milagrosa: \u201cSi t\u00fa lo dices, echar\u00e9 las redes\u201d\n(Lc 5,5). A diferencia de los jud\u00edos que exig\u00edan signos y requer\u00edan presencia\npara los milagros, este pagano supo confiar en el poder salv\u00edfico y sanador de\nla Palabra de Jes\u00fas.<\/p>\n\n\n\n<p>La versi\u00f3n de Mateo sobre este episodio\ncontiene un vers\u00edculo que Lucas omite, que le da mayor alcance al mismo: \u201cPor\neso les digo que muchos vendr\u00e1n de Oriente y de Occidente, y se sentar\u00e1n a la\nmesa con Abraham, Isaac y Jacob, en el Reino de los Cielos; en cambio, los\nherederos del Reino ser\u00e1n arrojados afuera, a las tinieblas, donde habr\u00e1\nllantos y rechinar de dientes\u201d (Mt 8,11-12). Vino a los suyos y no lo\nrecibieron (Jn 1,11). No lo recibieron porque les faltaba fe. La Nueva Alianza\nque Jes\u00fas viene a traernos se transmite, no por la carne como la Antigua, sino\npor la infusi\u00f3n del Esp\u00edritu. El Esp\u00edritu que nos infunde la virtud teologal de\nla fe, por la cual creemos en Dios y en todo lo que \u00c9l nos ha dicho y revelado.\nY esa est\u00e1 abierta a todos, jud\u00edos y gentiles.<\/p>\n\n\n\n<p>Hoy, pidamos al Se\u00f1or que acreciente en\nnosotros la virtud de la fe, para que creyendo en su Palabra y poni\u00e9ndola en\npr\u00e1ctica, seamos acreedores de las promesas del Reino.<\/p>\n<div style=\"padding-bottom:20px; padding-top:10px;\" class=\"hupso-share-buttons\"><!-- Hupso Share Buttons - https:\/\/www.hupso.com\/share\/ --><a class=\"hupso_toolbar\" href=\"https:\/\/www.hupso.com\/share\/\"><img src=\"http:\/\/static.hupso.com\/share\/buttons\/lang\/es\/share-medium.png\" style=\"border:0px; padding-top: 5px; float:left;\" alt=\"Share Button\"\/><\/a><script type=\"text\/javascript\">var hupso_services_t=new Array(\"Twitter\",\"Facebook\",\"Google Plus\",\"Pinterest\",\"Linkedin\",\"Email\",\"Print\");var hupso_background_t=\"#EAF4FF\";var hupso_border_t=\"#66CCFF\";var hupso_toolbar_size_t=\"medium\";var hupso_image_folder_url = \"\";var hupso_twitter_via=\"hectorops\";var hupso_url_t=\"\";var hupso_title_t=\"REFLEXI%C3%93N%20PARA%20EL%20LUNES%20DE%20LA%20VIG%C3%89SIMA%20CUARTA%20SEMANA%20DEL%20T.O.%20%281%29%2013-09-21\";<\/script><script type=\"text\/javascript\" src=\"http:\/\/static.hupso.com\/share\/js\/share_toolbar.js\"><\/script><!-- Hupso Share Buttons --><\/div>","protected":false},"excerpt":{"rendered":"<p>La lectura evang\u00e9lica que nos presenta la liturgia para hoy (Lc 7,1-10) nos narra la curaci\u00f3n del criado del centuri\u00f3n. En ese episodio un centuri\u00f3n (pagano), env\u00eda unos jud\u00edos a hablar con Jes\u00fas para que este curara a su siervo, &hellip; <a href=\"http:\/\/delamanodemaria.com\/?p=16225\">Continue reading <span class=\"meta-nav\">&rarr;<\/span><\/a><\/p>\n<div style=\"padding-bottom:20px; padding-top:10px;\" class=\"hupso-share-buttons\"><!-- Hupso Share Buttons - https:\/\/www.hupso.com\/share\/ --><a class=\"hupso_toolbar\" href=\"https:\/\/www.hupso.com\/share\/\"><img src=\"http:\/\/static.hupso.com\/share\/buttons\/lang\/es\/share-medium.png\" style=\"border:0px; padding-top: 5px; float:left;\" alt=\"Share Button\"\/><\/a><script type=\"text\/javascript\">var hupso_services_t=new Array(\"Twitter\",\"Facebook\",\"Google Plus\",\"Pinterest\",\"Linkedin\",\"Email\",\"Print\");var hupso_background_t=\"#EAF4FF\";var hupso_border_t=\"#66CCFF\";var hupso_toolbar_size_t=\"medium\";var hupso_image_folder_url = \"\";var hupso_twitter_via=\"hectorops\";var hupso_url_t=\"\";var hupso_title_t=\"REFLEXI%C3%93N%20PARA%20EL%20LUNES%20DE%20LA%20VIG%C3%89SIMA%20CUARTA%20SEMANA%20DEL%20T.O.%20%281%29%2013-09-21\";<\/script><script type=\"text\/javascript\" src=\"http:\/\/static.hupso.com\/share\/js\/share_toolbar.js\"><\/script><!-- Hupso Share Buttons --><\/div>","protected":false},"author":1,"featured_media":10438,"comment_status":"open","ping_status":"open","sticky":false,"template":"","format":"standard","meta":{"jetpack_post_was_ever_published":false,"_jetpack_newsletter_access":"","_jetpack_newsletter_tier_id":0,"jetpack_publicize_message":"","jetpack_is_tweetstorm":false,"jetpack_publicize_feature_enabled":true,"jetpack_social_post_already_shared":true,"jetpack_social_options":{"image_generator_settings":{"template":"highway","enabled":false}}},"categories":[1],"tags":[765,1091,554,423,1687,3235,302,3120,22,3236,110,2233,2558,420,1492,2,722,4870,3237],"jetpack_publicize_connections":[],"jetpack_featured_media_url":"http:\/\/delamanodemaria.com\/wp-content\/uploads\/2018\/09\/No-soy-qui\u00e9n-para-que-entres.jpg","jetpack_shortlink":"https:\/\/wp.me\/p3bBgS-4dH","jetpack_sharing_enabled":true,"jetpack_likes_enabled":true,"_links":{"self":[{"href":"http:\/\/delamanodemaria.com\/index.php?rest_route=\/wp\/v2\/posts\/16225"}],"collection":[{"href":"http:\/\/delamanodemaria.com\/index.php?rest_route=\/wp\/v2\/posts"}],"about":[{"href":"http:\/\/delamanodemaria.com\/index.php?rest_route=\/wp\/v2\/types\/post"}],"author":[{"embeddable":true,"href":"http:\/\/delamanodemaria.com\/index.php?rest_route=\/wp\/v2\/users\/1"}],"replies":[{"embeddable":true,"href":"http:\/\/delamanodemaria.com\/index.php?rest_route=%2Fwp%2Fv2%2Fcomments&post=16225"}],"version-history":[{"count":3,"href":"http:\/\/delamanodemaria.com\/index.php?rest_route=\/wp\/v2\/posts\/16225\/revisions"}],"predecessor-version":[{"id":16230,"href":"http:\/\/delamanodemaria.com\/index.php?rest_route=\/wp\/v2\/posts\/16225\/revisions\/16230"}],"wp:featuredmedia":[{"embeddable":true,"href":"http:\/\/delamanodemaria.com\/index.php?rest_route=\/wp\/v2\/media\/10438"}],"wp:attachment":[{"href":"http:\/\/delamanodemaria.com\/index.php?rest_route=%2Fwp%2Fv2%2Fmedia&parent=16225"}],"wp:term":[{"taxonomy":"category","embeddable":true,"href":"http:\/\/delamanodemaria.com\/index.php?rest_route=%2Fwp%2Fv2%2Fcategories&post=16225"},{"taxonomy":"post_tag","embeddable":true,"href":"http:\/\/delamanodemaria.com\/index.php?rest_route=%2Fwp%2Fv2%2Ftags&post=16225"}],"curies":[{"name":"wp","href":"https:\/\/api.w.org\/{rel}","templated":true}]}}