{"id":1626,"date":"2013-08-05T21:19:04","date_gmt":"2013-08-06T01:19:04","guid":{"rendered":"http:\/\/delamanodemaria.com\/?p=1626"},"modified":"2013-08-06T10:59:58","modified_gmt":"2013-08-06T14:59:58","slug":"reflexion-para-la-fiesta-de-la-transfiguracion-06-08-13","status":"publish","type":"post","link":"http:\/\/delamanodemaria.com\/?p=1626","title":{"rendered":"REFLEXI\u00d3N PARA LA FIESTA DE LA TRANSFIGURACI\u00d3N 06-08-13"},"content":{"rendered":"<div id=\"attachment_1628\" style=\"width: 632px\" class=\"wp-caption alignnone\"><a href=\"http:\/\/delamanodemaria.com\/wp-content\/uploads\/2013\/08\/IMG_0675sm.jpg\"><img aria-describedby=\"caption-attachment-1628\" decoding=\"async\" loading=\"lazy\" class=\"size-full wp-image-1628\" alt=\"Altar mayor de la Bas\u00edlica de la Transfiguraci\u00f3n, construida en lo alto del Monte Tabor, donde la tradici\u00f3n dice que ocurri\u00f3 el episodio que nos narra la liturgia de hoy, y donde tuve el privilegio de servir como ayudante del altar.\" src=\"http:\/\/delamanodemaria.com\/wp-content\/uploads\/2013\/08\/IMG_0675sm.jpg\" width=\"622\" height=\"415\" srcset=\"http:\/\/delamanodemaria.com\/wp-content\/uploads\/2013\/08\/IMG_0675sm.jpg 622w, http:\/\/delamanodemaria.com\/wp-content\/uploads\/2013\/08\/IMG_0675sm-300x200.jpg 300w, http:\/\/delamanodemaria.com\/wp-content\/uploads\/2013\/08\/IMG_0675sm-449x300.jpg 449w\" sizes=\"(max-width: 622px) 100vw, 622px\" \/><\/a><p id=\"caption-attachment-1628\" class=\"wp-caption-text\">Altar mayor de la Bas\u00edlica de la Transfiguraci\u00f3n, construida en lo alto del Monte Tabor, donde la tradici\u00f3n dice que ocurri\u00f3 el episodio que nos narra la liturgia de hoy, y donde tuve el privilegio de servir como ayudante del altar.<\/p><\/div>\n<p><span style=\"font-size: large;\">Hoy celebramos la Fiesta lit\u00fargica de la Transfiguraci\u00f3n, uno de esos eventos en la vida de Jes\u00fas que por su trascendencia hallan eco en los tres evangelios sin\u00f3pticos. La liturgia para este ciclo C nos presenta la versi\u00f3n de Lucas (9,28-36).<\/span><\/p>\n<p><span style=\"font-size: large;\">Jes\u00fas tom\u00f3 consigo a los disc\u00edpulos que conformaban su \u201cc\u00edrculo \u00edntimo\u201d de amigos: Pedro, Santiago, y su hermano Juan, y los llev\u00f3 a lo alto de una monta\u00f1a (la tradici\u00f3n nos dice que fue el Monte Tabor). All\u00ed, en presencia de ellos, se \u201ctransfigur\u00f3\u201d, es decir, les permiti\u00f3 ver, por unos instantes, la gloria de su divinidad.<\/span><\/p>\n<p><span style=\"font-size: large;\">Esta narraci\u00f3n est\u00e1 tan pre\u00f1ada de simbolismos, que resultar\u00eda imposible rese\u00f1arlos en estos breves p\u00e1rrafos. Trataremos, por tanto, de resumir lo que la transfiguraci\u00f3n represent\u00f3 para los disc\u00edpulos que tuvieron el privilegio de presenciarla.<\/span><\/p>\n<p><span style=\"font-size: large;\">Los disc\u00edpulos ya hab\u00edan comprendido que Jes\u00fas era el Mes\u00edas; por eso lo hab\u00edan dejado todo para seguirle, sin importar las consecuencias de ese seguimiento. Pero todav\u00eda no hab\u00edan logrado percibir en toda su magnitud la gloria de ese Camino que es Jes\u00fas. \u00c9l decidi\u00f3 brindarles una prueba de su gloria para afianzar su fe. Podr\u00edamos comparar esta experiencia con esos momentos que vivimos, por fugaces que sean, en que vemos manifestada sin lugar a dudas la gloria y el poder de Dios; esos momentos que afianzan nuestra fe y nos permiten seguir adelante tras los pasos del Maestro. En esos momentos resuenan en nuestro esp\u00edritu las palabras del Padre: \u201cEste es mi Hijo amado, escuchadle\u201d.<\/span><\/p>\n<p><span style=\"font-size: large;\">Pero aun as\u00ed los disc\u00edpulos no estaban muy seguros de lo que hab\u00edan presenciado, al punto que Pedro, aturdido por la experiencia, lo \u00fanico que atin\u00f3 a decir fue: \u201cMaestro, qu\u00e9 bien se est\u00e1 aqu\u00ed. Haremos tres tiendas: una para ti, otra para Mois\u00e9s y otra para El\u00edas\u201d. Nos dice la Escritura\u00a0que Pedro \u201cno sab\u00eda lo que dec\u00eda\u201d. No ser\u00e1 hasta despu\u00e9s que ellos comprender\u00e1n la magnitud del hecho que acababan de presenciar.<\/span><\/p>\n<p><span style=\"font-size: large;\">Nosotros tenemos una ventaja que aquellos disc\u00edpulos no tuvieron en aqu\u00e9l momento; el testimonio de su Pascua gloriosa, y la \u201ctransfiguraci\u00f3n\u201d que tenemos el privilegio de presenciar en cada celebraci\u00f3n eucar\u00edstica.<\/span><\/p>\n<p><span style=\"font-size: large;\">Una de las dos lecturas que se nos ofrece como primera la lectura para la liturgia de hoy es de la segunda carta del ap\u00f3stol san Pedro (1,16-19). Ya para cuando el ap\u00f3stol escribe esta carta (a finales del siglo I), hab\u00eda sido testigo de su gloriosa resurrecci\u00f3n. Esa experiencia le permiti\u00f3 comprender el alcance de aquella experiencia privilegiada que el Se\u00f1or hab\u00eda compartido con \u00e9l y los hijos de Zebedeo. Por eso puede afirmar con certeza la gloria y divinidad de Jes\u00fas: \u201c\u00c9l recibi\u00f3 de Dios Padre honra y gloria, cuando la Sublime Gloria le trajo aquella voz: \u00ab\u00c9ste es mi Hijo amado, mi predilecto.\u00bb Esta voz, tra\u00edda del cielo, la o\u00edmos nosotros, estando con \u00e9l en la monta\u00f1a sagrada\u201d.<\/span><\/p>\n<p><span style=\"font-size: large;\">Pidamos al Se\u00f1or que cada vez que participemos de la Eucarist\u00eda, los ojos de la fe nos permitan contemplar la gloria de Jes\u00fas y escuchar en nuestras almas aquella voz que nos dice: \u201cEste es mi Hijo amado, escuchadlo\u201d.<\/span><\/p>\n<div style=\"padding-bottom:20px; padding-top:10px;\" class=\"hupso-share-buttons\"><!-- Hupso Share Buttons - https:\/\/www.hupso.com\/share\/ --><a class=\"hupso_toolbar\" href=\"https:\/\/www.hupso.com\/share\/\"><img src=\"http:\/\/static.hupso.com\/share\/buttons\/lang\/es\/share-medium.png\" style=\"border:0px; padding-top: 5px; float:left;\" alt=\"Share Button\"\/><\/a><script type=\"text\/javascript\">var hupso_services_t=new Array(\"Twitter\",\"Facebook\",\"Google Plus\",\"Pinterest\",\"Linkedin\",\"Email\",\"Print\");var hupso_background_t=\"#EAF4FF\";var hupso_border_t=\"#66CCFF\";var hupso_toolbar_size_t=\"medium\";var hupso_image_folder_url = \"\";var hupso_twitter_via=\"hectorops\";var hupso_url_t=\"\";var hupso_title_t=\"REFLEXI%C3%93N%20PARA%20LA%20FIESTA%20DE%20LA%20TRANSFIGURACI%C3%93N%2006-08-13\";<\/script><script type=\"text\/javascript\" src=\"http:\/\/static.hupso.com\/share\/js\/share_toolbar.js\"><\/script><!-- Hupso Share Buttons --><\/div>","protected":false},"excerpt":{"rendered":"<p>Hoy celebramos la Fiesta lit\u00fargica de la Transfiguraci\u00f3n, uno de esos eventos en la vida de Jes\u00fas que por su trascendencia hallan eco en los tres evangelios sin\u00f3pticos. La liturgia para este ciclo C nos presenta la versi\u00f3n de Lucas &hellip; <a href=\"http:\/\/delamanodemaria.com\/?p=1626\">Continue reading <span class=\"meta-nav\">&rarr;<\/span><\/a><\/p>\n<div style=\"padding-bottom:20px; padding-top:10px;\" class=\"hupso-share-buttons\"><!-- Hupso Share Buttons - https:\/\/www.hupso.com\/share\/ --><a class=\"hupso_toolbar\" href=\"https:\/\/www.hupso.com\/share\/\"><img src=\"http:\/\/static.hupso.com\/share\/buttons\/lang\/es\/share-medium.png\" style=\"border:0px; padding-top: 5px; float:left;\" alt=\"Share Button\"\/><\/a><script type=\"text\/javascript\">var hupso_services_t=new Array(\"Twitter\",\"Facebook\",\"Google Plus\",\"Pinterest\",\"Linkedin\",\"Email\",\"Print\");var hupso_background_t=\"#EAF4FF\";var hupso_border_t=\"#66CCFF\";var hupso_toolbar_size_t=\"medium\";var hupso_image_folder_url = \"\";var hupso_twitter_via=\"hectorops\";var hupso_url_t=\"\";var hupso_title_t=\"REFLEXI%C3%93N%20PARA%20LA%20FIESTA%20DE%20LA%20TRANSFIGURACI%C3%93N%2006-08-13\";<\/script><script type=\"text\/javascript\" src=\"http:\/\/static.hupso.com\/share\/js\/share_toolbar.js\"><\/script><!-- Hupso Share Buttons --><\/div>","protected":false},"author":1,"featured_media":0,"comment_status":"open","ping_status":"open","sticky":false,"template":"","format":"standard","meta":{"jetpack_post_was_ever_published":false,"_jetpack_newsletter_access":"","_jetpack_newsletter_tier_id":0,"jetpack_publicize_message":"","jetpack_is_tweetstorm":false,"jetpack_publicize_feature_enabled":true,"jetpack_social_post_already_shared":true,"jetpack_social_options":{"image_generator_settings":{"template":"highway","enabled":false}}},"categories":[1],"tags":[3,45,55,42,18,54],"jetpack_publicize_connections":[],"jetpack_featured_media_url":"","jetpack_shortlink":"https:\/\/wp.me\/p3bBgS-qe","jetpack_sharing_enabled":true,"jetpack_likes_enabled":true,"_links":{"self":[{"href":"http:\/\/delamanodemaria.com\/index.php?rest_route=\/wp\/v2\/posts\/1626"}],"collection":[{"href":"http:\/\/delamanodemaria.com\/index.php?rest_route=\/wp\/v2\/posts"}],"about":[{"href":"http:\/\/delamanodemaria.com\/index.php?rest_route=\/wp\/v2\/types\/post"}],"author":[{"embeddable":true,"href":"http:\/\/delamanodemaria.com\/index.php?rest_route=\/wp\/v2\/users\/1"}],"replies":[{"embeddable":true,"href":"http:\/\/delamanodemaria.com\/index.php?rest_route=%2Fwp%2Fv2%2Fcomments&post=1626"}],"version-history":[{"count":6,"href":"http:\/\/delamanodemaria.com\/index.php?rest_route=\/wp\/v2\/posts\/1626\/revisions"}],"predecessor-version":[{"id":1636,"href":"http:\/\/delamanodemaria.com\/index.php?rest_route=\/wp\/v2\/posts\/1626\/revisions\/1636"}],"wp:attachment":[{"href":"http:\/\/delamanodemaria.com\/index.php?rest_route=%2Fwp%2Fv2%2Fmedia&parent=1626"}],"wp:term":[{"taxonomy":"category","embeddable":true,"href":"http:\/\/delamanodemaria.com\/index.php?rest_route=%2Fwp%2Fv2%2Fcategories&post=1626"},{"taxonomy":"post_tag","embeddable":true,"href":"http:\/\/delamanodemaria.com\/index.php?rest_route=%2Fwp%2Fv2%2Ftags&post=1626"}],"curies":[{"name":"wp","href":"https:\/\/api.w.org\/{rel}","templated":true}]}}