{"id":16266,"date":"2021-09-19T17:38:43","date_gmt":"2021-09-19T21:38:43","guid":{"rendered":"http:\/\/delamanodemaria.com\/?p=16266"},"modified":"2021-09-19T17:38:43","modified_gmt":"2021-09-19T21:38:43","slug":"reflexion-para-el-lunes-de-la-vigesima-quinta-semana-del-t-o-1-20-09-21","status":"publish","type":"post","link":"http:\/\/delamanodemaria.com\/?p=16266","title":{"rendered":"REFLEXI\u00d3N PARA EL LUNES DE LA VIG\u00c9SIMA QUINTA SEMANA DEL T.O. (1) 20-09-21"},"content":{"rendered":"\n<figure class=\"wp-block-image\"><img decoding=\"async\" loading=\"lazy\" width=\"600\" height=\"450\" src=\"http:\/\/delamanodemaria.com\/wp-content\/uploads\/2019\/09\/Candil-palabra.jpg\" alt=\"\" class=\"wp-image-12264\" srcset=\"http:\/\/delamanodemaria.com\/wp-content\/uploads\/2019\/09\/Candil-palabra.jpg 600w, http:\/\/delamanodemaria.com\/wp-content\/uploads\/2019\/09\/Candil-palabra-300x225.jpg 300w, http:\/\/delamanodemaria.com\/wp-content\/uploads\/2019\/09\/Candil-palabra-400x300.jpg 400w\" sizes=\"(max-width: 600px) 100vw, 600px\" \/><figcaption>Jes\u00fas nos est\u00e1 repitiendo que la Palabra de vida eterna (el candil) que recibimos de \u00c9l no es para que nos la quedemos para nosotros, como un secreto bien guardado, es para que la proclamemos a todo el mundo. <\/figcaption><\/figure>\n\n\n\n<p class=\"has-drop-cap\">El pasaje del Evangelio que nos propone la\nliturgia para hoy (Lc 8,16-18) es uno de los m\u00e1s cortos: \u201cEn aquel tiempo, dijo\nJes\u00fas a la gente: \u00abNadie enciende un candil y lo tapa con una vasija o lo mete\ndebajo de la cama; lo pone en el candelero para que los que entran tengan luz.\nNada hay oculto que no llegue a descubrirse, nada secreto que no llegue a saberse\no a hacerse p\u00fablico. A ver si me escuch\u00e1is bien: al que tiene se le dar\u00e1, al\nque no tiene se le quitar\u00e1 hasta lo que cree tener\u00bb\u201d.<\/p>\n\n\n\n<p>Hoy nos concentraremos en la primera oraci\u00f3n\nde esta par\u00e1bola de Jes\u00fas: \u201cNadie enciende un candil y lo tapa con una vasija o\nlo mete debajo de la cama; lo pone en el candelero para que los que entran\ntengan luz\u201d. La ense\u00f1anza de Jes\u00fas contenida en esta par\u00e1bola complementa otras\nmediante las cuales de igual modo Jes\u00fas invita a sus disc\u00edpulos (y a nosotros)\na compartir la Palabra recibida de \u00c9l. As\u00ed nos habla de dar \u201cfruto en\nabundancia\u201d, el \u201cciento por uno\u201d; y hoy nos habla de ser una luz que ilumine a\n\u201clos que entran\u201d, es decir, a todos los que entran en nuestro entorno.<\/p>\n\n\n\n<p>Jes\u00fas nos est\u00e1 repitiendo que la Palabra de\nvida eterna (el candil) que recibimos de \u00c9l no es para que nos la quedemos para\nnosotros, como un secreto bien guardado (escondi\u00e9ndolo debajo de la cama), es\npara que la proclamemos a todo el mundo (Mc 16,15). Y como he dicho en\ninnumerables ocasiones, esa proclamaci\u00f3n de la Buena Nueva del Reino que\nrecibimos mediante la Palabra, no necesariamente implica \u201cpredicar\u201d en el\nsentido que normalmente usamos esa palabra. Esa predicaci\u00f3n, esa proclamaci\u00f3n\ndel Evangelio, se hace mediante la forma en que vivimos nuestra vida, nuestras\npalabras de aliento al que las necesita, nuestros gestos de ayuda al necesitado,\nel amor que prodigamos a nuestros semejantes, es decir, convirti\u00e9ndonos en\notros \u201ccristos\u201d.<\/p>\n\n\n\n<p>Hoy tenemos que preguntarnos: Mi fe, \u00bfes un\nasunto \u201cpersonal\u201d m\u00edo?; \u00bfllegan a enterarse los que me rodean (mis amigos,\nfamiliares, compa\u00f1eros de trabajo, vecinos) que yo soy cristiano, que vivo\nseg\u00fan las ense\u00f1anzas de Jes\u00fas? En otras palabras, \u00bf\u201cse me nota\u201d que soy\ncristiano? Reflexionando sobre el Evangelio de hoy, mi \u201ccandil\u201d, \u00bfest\u00e1\nescondido dentro de una vasija u oculto debajo de la cama, o lo pongo \u201cen el\ncandelero para que los que entran tengan luz\u201d?<\/p>\n\n\n\n<p>Jes\u00fas nos pide que estemos atentos (\u201cA ver si\nme escuch\u00e1is bien\u201d). Porque no podemos dar luz si primero no la hemos recibido\nde \u00c9l. Hay una m\u00e1xima latina que dice que nadie puede dar lo que no tiene (<em>nemo dat quod non habet<\/em>). Por eso mi\ninsistencia constante en la formaci\u00f3n del cristiano. Debemos esforzarnos en estudiar\npara conocer cada d\u00eda m\u00e1s esa Palabra de Dios que es \u201cluz del mundo\u201d (Jn 8,12).\nSolo recibiendo y conociendo a plenitud esa Palabra que es la Luz, podemos\ncolocarla en un \u201ccandelero\u201d, \u201cpara que los que entran tengan luz\u201d.<\/p>\n\n\n\n<p>Pid\u00e1mosle al Se\u00f1or que nos permita conocer su\nPalabra cada d\u00eda m\u00e1s, y nos d\u00e9 la valent\u00eda de proclamarla con nuestra vida, de\nmanera que el que nos vea tenga que decir: \u201cYo quiero de eso\u2026\u201d<\/p>\n\n\n\n<p>Que pasen una hermosa semana llena de la PAZ\nque solo \u00c9l puede brindarnos.<\/p>\n<div style=\"padding-bottom:20px; padding-top:10px;\" class=\"hupso-share-buttons\"><!-- Hupso Share Buttons - https:\/\/www.hupso.com\/share\/ --><a class=\"hupso_toolbar\" href=\"https:\/\/www.hupso.com\/share\/\"><img src=\"http:\/\/static.hupso.com\/share\/buttons\/lang\/es\/share-medium.png\" style=\"border:0px; padding-top: 5px; float:left;\" alt=\"Share Button\"\/><\/a><script type=\"text\/javascript\">var hupso_services_t=new Array(\"Twitter\",\"Facebook\",\"Google Plus\",\"Pinterest\",\"Linkedin\",\"Email\",\"Print\");var hupso_background_t=\"#EAF4FF\";var hupso_border_t=\"#66CCFF\";var hupso_toolbar_size_t=\"medium\";var hupso_image_folder_url = \"\";var hupso_twitter_via=\"hectorops\";var hupso_url_t=\"\";var hupso_title_t=\"REFLEXI%C3%93N%20PARA%20EL%20LUNES%20DE%20LA%20VIG%C3%89SIMA%20QUINTA%20SEMANA%20DEL%20T.O.%20%281%29%2020-09-21\";<\/script><script type=\"text\/javascript\" src=\"http:\/\/static.hupso.com\/share\/js\/share_toolbar.js\"><\/script><!-- Hupso Share Buttons --><\/div>","protected":false},"excerpt":{"rendered":"<p>El pasaje del Evangelio que nos propone la liturgia para hoy (Lc 8,16-18) es uno de los m\u00e1s cortos: \u201cEn aquel tiempo, dijo Jes\u00fas a la gente: \u00abNadie enciende un candil y lo tapa con una vasija o lo mete &hellip; <a href=\"http:\/\/delamanodemaria.com\/?p=16266\">Continue reading <span class=\"meta-nav\">&rarr;<\/span><\/a><\/p>\n<div style=\"padding-bottom:20px; padding-top:10px;\" class=\"hupso-share-buttons\"><!-- Hupso Share Buttons - https:\/\/www.hupso.com\/share\/ --><a class=\"hupso_toolbar\" href=\"https:\/\/www.hupso.com\/share\/\"><img src=\"http:\/\/static.hupso.com\/share\/buttons\/lang\/es\/share-medium.png\" style=\"border:0px; padding-top: 5px; float:left;\" alt=\"Share Button\"\/><\/a><script type=\"text\/javascript\">var hupso_services_t=new Array(\"Twitter\",\"Facebook\",\"Google Plus\",\"Pinterest\",\"Linkedin\",\"Email\",\"Print\");var hupso_background_t=\"#EAF4FF\";var hupso_border_t=\"#66CCFF\";var hupso_toolbar_size_t=\"medium\";var hupso_image_folder_url = \"\";var hupso_twitter_via=\"hectorops\";var hupso_url_t=\"\";var hupso_title_t=\"REFLEXI%C3%93N%20PARA%20EL%20LUNES%20DE%20LA%20VIG%C3%89SIMA%20QUINTA%20SEMANA%20DEL%20T.O.%20%281%29%2020-09-21\";<\/script><script type=\"text\/javascript\" src=\"http:\/\/static.hupso.com\/share\/js\/share_toolbar.js\"><\/script><!-- Hupso Share Buttons --><\/div>","protected":false},"author":1,"featured_media":0,"comment_status":"open","ping_status":"open","sticky":false,"template":"","format":"standard","meta":{"jetpack_post_was_ever_published":false,"_jetpack_newsletter_access":"","_jetpack_newsletter_tier_id":0,"jetpack_publicize_message":"","jetpack_is_tweetstorm":false,"jetpack_publicize_feature_enabled":true,"jetpack_social_post_already_shared":true,"jetpack_social_options":{"image_generator_settings":{"template":"highway","enabled":false}}},"categories":[1],"tags":[30,765,763,1506,1505,2504,1752,3120,93,3261,34,438,3263,4877,138,1508,279,3262,2,722,4878],"jetpack_publicize_connections":[],"jetpack_featured_media_url":"","jetpack_shortlink":"https:\/\/wp.me\/p3bBgS-4em","jetpack_sharing_enabled":true,"jetpack_likes_enabled":true,"_links":{"self":[{"href":"http:\/\/delamanodemaria.com\/index.php?rest_route=\/wp\/v2\/posts\/16266"}],"collection":[{"href":"http:\/\/delamanodemaria.com\/index.php?rest_route=\/wp\/v2\/posts"}],"about":[{"href":"http:\/\/delamanodemaria.com\/index.php?rest_route=\/wp\/v2\/types\/post"}],"author":[{"embeddable":true,"href":"http:\/\/delamanodemaria.com\/index.php?rest_route=\/wp\/v2\/users\/1"}],"replies":[{"embeddable":true,"href":"http:\/\/delamanodemaria.com\/index.php?rest_route=%2Fwp%2Fv2%2Fcomments&post=16266"}],"version-history":[{"count":2,"href":"http:\/\/delamanodemaria.com\/index.php?rest_route=\/wp\/v2\/posts\/16266\/revisions"}],"predecessor-version":[{"id":16268,"href":"http:\/\/delamanodemaria.com\/index.php?rest_route=\/wp\/v2\/posts\/16266\/revisions\/16268"}],"wp:attachment":[{"href":"http:\/\/delamanodemaria.com\/index.php?rest_route=%2Fwp%2Fv2%2Fmedia&parent=16266"}],"wp:term":[{"taxonomy":"category","embeddable":true,"href":"http:\/\/delamanodemaria.com\/index.php?rest_route=%2Fwp%2Fv2%2Fcategories&post=16266"},{"taxonomy":"post_tag","embeddable":true,"href":"http:\/\/delamanodemaria.com\/index.php?rest_route=%2Fwp%2Fv2%2Ftags&post=16266"}],"curies":[{"name":"wp","href":"https:\/\/api.w.org\/{rel}","templated":true}]}}