{"id":16287,"date":"2021-09-23T20:27:56","date_gmt":"2021-09-24T00:27:56","guid":{"rendered":"http:\/\/delamanodemaria.com\/?p=16287"},"modified":"2021-09-23T20:27:56","modified_gmt":"2021-09-24T00:27:56","slug":"capsula-mariana-15-nuestra-senora-de-la-merced","status":"publish","type":"post","link":"http:\/\/delamanodemaria.com\/?p=16287","title":{"rendered":"C\u00c1PSULA MARIANA 15- NUESTRA SE\u00d1ORA DE LA MERCED"},"content":{"rendered":"\n<figure class=\"wp-block-image\"><img decoding=\"async\" loading=\"lazy\" width=\"1024\" height=\"576\" src=\"http:\/\/delamanodemaria.com\/wp-content\/uploads\/2021\/09\/merced-hires-1024x576.jpg\" alt=\"\" class=\"wp-image-16288\" srcset=\"http:\/\/delamanodemaria.com\/wp-content\/uploads\/2021\/09\/merced-hires-1024x576.jpg 1024w, http:\/\/delamanodemaria.com\/wp-content\/uploads\/2021\/09\/merced-hires-300x169.jpg 300w, http:\/\/delamanodemaria.com\/wp-content\/uploads\/2021\/09\/merced-hires-768x432.jpg 768w, http:\/\/delamanodemaria.com\/wp-content\/uploads\/2021\/09\/merced-hires-500x281.jpg 500w, http:\/\/delamanodemaria.com\/wp-content\/uploads\/2021\/09\/merced-hires.jpg 1280w\" sizes=\"(max-width: 1024px) 100vw, 1024px\" \/><\/figure>\n\n\n\n<p>\u00a1Hola, hermanos!<\/p>\n\n\n\n<p>Te invitamos a visitar nuestro canal de YouTube, <em><a rel=\"noreferrer noopener\" href=\"https:\/\/www.youtube.com\/channel\/UCRPOquX5FIFCnxaSMTs3aiQ\/videos\" target=\"_blank\">De la mano de Mar\u00eda TV<\/a><\/em>, y ver nuestra\u00a0<em><strong><a rel=\"noreferrer noopener\" aria-label=\"C\u00e1psula Mariana mariana 14 \u2013 Nuestra Se\u00f1ora de la Merced  (opens in a new tab)\" href=\"https:\/\/www.youtube.com\/watch?v=3UkoeyDp4nY\" target=\"_blank\">C\u00e1psula Mariana mariana 14 \u2013 Nuestra Se\u00f1ora de la Merced<\/a><\/strong><\/em><a rel=\"noreferrer noopener\" aria-label=\"C\u00e1psula Mariana mariana 14 \u2013 Nuestra Se\u00f1ora de la Merced  (opens in a new tab)\" href=\"https:\/\/www.youtube.com\/watch?v=3UkoeyDp4nY\" target=\"_blank\"> <\/a>en la que explicamos el origen y patronato de Nuestra Se\u00f1ora de la Merced o Virgen de las Mercedes, as\u00ed como su intervenci\u00f3n en la fundaci\u00f3n de la Orden de la Merced, tambi\u00e9n conocida como los Mercedarios, y por qu\u00e9 su fiesta se celebra el 24 de septiembre.<\/p>\n\n\n\n<p>De paso, te invitamos a activar las notificaciones pulsando la campanita al suscribirte, darle&nbsp;<em>Like<\/em>&nbsp;(Me gusta) a este v\u00eddeo, y compartir el enlace en tus redes sociales y grupos de fe.<\/p>\n<div style=\"padding-bottom:20px; padding-top:10px;\" class=\"hupso-share-buttons\"><!-- Hupso Share Buttons - https:\/\/www.hupso.com\/share\/ --><a class=\"hupso_toolbar\" href=\"https:\/\/www.hupso.com\/share\/\"><img src=\"http:\/\/static.hupso.com\/share\/buttons\/lang\/es\/share-medium.png\" style=\"border:0px; padding-top: 5px; float:left;\" alt=\"Share Button\"\/><\/a><script type=\"text\/javascript\">var hupso_services_t=new Array(\"Twitter\",\"Facebook\",\"Google Plus\",\"Pinterest\",\"Linkedin\",\"Email\",\"Print\");var hupso_background_t=\"#EAF4FF\";var hupso_border_t=\"#66CCFF\";var hupso_toolbar_size_t=\"medium\";var hupso_image_folder_url = \"\";var hupso_twitter_via=\"hectorops\";var hupso_url_t=\"\";var hupso_title_t=\"C%C3%81PSULA%20MARIANA%2015-%20NUESTRA%20SE%C3%91ORA%20DE%20LA%20MERCED\";<\/script><script type=\"text\/javascript\" src=\"http:\/\/static.hupso.com\/share\/js\/share_toolbar.js\"><\/script><!-- Hupso Share Buttons --><\/div>","protected":false},"excerpt":{"rendered":"<p>\u00a1Hola, hermanos! Te invitamos a visitar nuestro canal de YouTube, De la mano de Mar\u00eda TV, y ver nuestra\u00a0C\u00e1psula Mariana mariana 14 \u2013 Nuestra Se\u00f1ora de la Merced en la que explicamos el origen y patronato de Nuestra Se\u00f1ora de &hellip; <a href=\"http:\/\/delamanodemaria.com\/?p=16287\">Continue reading <span class=\"meta-nav\">&rarr;<\/span><\/a><\/p>\n<div style=\"padding-bottom:20px; padding-top:10px;\" class=\"hupso-share-buttons\"><!-- Hupso Share Buttons - https:\/\/www.hupso.com\/share\/ --><a class=\"hupso_toolbar\" href=\"https:\/\/www.hupso.com\/share\/\"><img src=\"http:\/\/static.hupso.com\/share\/buttons\/lang\/es\/share-medium.png\" style=\"border:0px; padding-top: 5px; float:left;\" alt=\"Share Button\"\/><\/a><script type=\"text\/javascript\">var hupso_services_t=new Array(\"Twitter\",\"Facebook\",\"Google Plus\",\"Pinterest\",\"Linkedin\",\"Email\",\"Print\");var hupso_background_t=\"#EAF4FF\";var hupso_border_t=\"#66CCFF\";var hupso_toolbar_size_t=\"medium\";var hupso_image_folder_url = \"\";var hupso_twitter_via=\"hectorops\";var hupso_url_t=\"\";var hupso_title_t=\"C%C3%81PSULA%20MARIANA%2015-%20NUESTRA%20SE%C3%91ORA%20DE%20LA%20MERCED\";<\/script><script type=\"text\/javascript\" src=\"http:\/\/static.hupso.com\/share\/js\/share_toolbar.js\"><\/script><!-- Hupso Share Buttons --><\/div>","protected":false},"author":1,"featured_media":0,"comment_status":"open","ping_status":"open","sticky":false,"template":"","format":"standard","meta":{"jetpack_post_was_ever_published":false,"_jetpack_newsletter_access":"","_jetpack_newsletter_tier_id":0,"jetpack_publicize_message":"","jetpack_is_tweetstorm":false,"jetpack_publicize_feature_enabled":true,"jetpack_social_post_already_shared":true,"jetpack_social_options":{"image_generator_settings":{"template":"highway","enabled":false}}},"categories":[1],"tags":[],"jetpack_publicize_connections":[],"jetpack_featured_media_url":"","jetpack_shortlink":"https:\/\/wp.me\/p3bBgS-4eH","jetpack_sharing_enabled":true,"jetpack_likes_enabled":true,"_links":{"self":[{"href":"http:\/\/delamanodemaria.com\/index.php?rest_route=\/wp\/v2\/posts\/16287"}],"collection":[{"href":"http:\/\/delamanodemaria.com\/index.php?rest_route=\/wp\/v2\/posts"}],"about":[{"href":"http:\/\/delamanodemaria.com\/index.php?rest_route=\/wp\/v2\/types\/post"}],"author":[{"embeddable":true,"href":"http:\/\/delamanodemaria.com\/index.php?rest_route=\/wp\/v2\/users\/1"}],"replies":[{"embeddable":true,"href":"http:\/\/delamanodemaria.com\/index.php?rest_route=%2Fwp%2Fv2%2Fcomments&post=16287"}],"version-history":[{"count":3,"href":"http:\/\/delamanodemaria.com\/index.php?rest_route=\/wp\/v2\/posts\/16287\/revisions"}],"predecessor-version":[{"id":16291,"href":"http:\/\/delamanodemaria.com\/index.php?rest_route=\/wp\/v2\/posts\/16287\/revisions\/16291"}],"wp:attachment":[{"href":"http:\/\/delamanodemaria.com\/index.php?rest_route=%2Fwp%2Fv2%2Fmedia&parent=16287"}],"wp:term":[{"taxonomy":"category","embeddable":true,"href":"http:\/\/delamanodemaria.com\/index.php?rest_route=%2Fwp%2Fv2%2Fcategories&post=16287"},{"taxonomy":"post_tag","embeddable":true,"href":"http:\/\/delamanodemaria.com\/index.php?rest_route=%2Fwp%2Fv2%2Ftags&post=16287"}],"curies":[{"name":"wp","href":"https:\/\/api.w.org\/{rel}","templated":true}]}}