{"id":1632,"date":"2013-08-06T10:42:07","date_gmt":"2013-08-06T14:42:07","guid":{"rendered":"http:\/\/delamanodemaria.com\/?p=1632"},"modified":"2013-08-06T12:11:59","modified_gmt":"2013-08-06T16:11:59","slug":"lo-que-los-cardenales-escucharon-antes-del-conclave-que-eligio-a-francisco","status":"publish","type":"post","link":"http:\/\/delamanodemaria.com\/?p=1632","title":{"rendered":"Lo que los cardenales escucharon antes del C\u00f3nclave que eligi\u00f3 a Francisco"},"content":{"rendered":"<p align=\"justify\"><a href=\"http:\/\/delamanodemaria.com\/wp-content\/uploads\/2013\/03\/image1.jpg\"><img decoding=\"async\" loading=\"lazy\" class=\"size-full wp-image-557 aligncenter\" alt=\"image\" src=\"http:\/\/delamanodemaria.com\/wp-content\/uploads\/2013\/03\/image1.jpg\" width=\"403\" height=\"390\" srcset=\"http:\/\/delamanodemaria.com\/wp-content\/uploads\/2013\/03\/image1.jpg 403w, http:\/\/delamanodemaria.com\/wp-content\/uploads\/2013\/03\/image1-300x290.jpg 300w, http:\/\/delamanodemaria.com\/wp-content\/uploads\/2013\/03\/image1-310x300.jpg 310w\" sizes=\"(max-width: 403px) 100vw, 403px\" \/><\/a><\/p>\n<p align=\"justify\">Compartimos con ustedes este documento cortes\u00eda del blog <span style=\"text-decoration: underline;\">La Buhardilla de Jer\u00f3nimo<\/span>. Es una verdadera joya y nos arroja luz sobre por qu\u00e9 Francisco es nuestro nuevo Pastor.<\/p>\n<p align=\"justify\"><span style=\"font-family: Trebuchet MS; font-size: small;\">&#8220;A la venerable edad de 87 a\u00f1os soy uno de los m\u00e1s ancianos del Colegio Cardenalicio, pero en cuanto a nombramiento soy apenas un neonato; y ya que mi vida estuvo siempre dedicada al estudio, mi conocimiento de los asuntos de la Curia no superan el tercer grado. S\u00f3lo en cuanto tal me atrevo a presentar esta sencilla meditaci\u00f3n <i>in nomine Domini<\/i>.<\/span><\/p>\n<p align=\"justify\"><span style=\"font-family: Trebuchet MS; font-size: small;\">&#8220;El acto que est\u00e1is por realizar dentro de esta Capilla Sixtina es un <i>kairos<\/i>, un momento fuerte de gracia, en la historia de la salvaci\u00f3n, que contin\u00faa en la Iglesia hasta el final de los tiempos. Sed conscientes de que este momento pide de vosotros la m\u00e1xima responsabilidad. No importa&#8230; <a href=\"http:\/\/infocatolica.com\/blog\/buhardilla.php\/1308050842-lo-que-los-cardenales-escucha\" target=\"_blank\">[continuar leyendo]<\/a><\/span><\/p>\n<p align=\"justify\">Traducci\u00f3n: <a href=\"http:\/\/la-buhardilla-de-jeronimo.blogspot.com\/\" target=\"_blank\"><span style=\"font-size: small;\">La Buhardilla de Jer\u00f3nimo<\/span><\/a><\/p>\n<div style=\"padding-bottom:20px; padding-top:10px;\" class=\"hupso-share-buttons\"><!-- Hupso Share Buttons - https:\/\/www.hupso.com\/share\/ --><a class=\"hupso_toolbar\" href=\"https:\/\/www.hupso.com\/share\/\"><img src=\"http:\/\/static.hupso.com\/share\/buttons\/lang\/es\/share-medium.png\" style=\"border:0px; padding-top: 5px; float:left;\" alt=\"Share Button\"\/><\/a><script type=\"text\/javascript\">var hupso_services_t=new Array(\"Twitter\",\"Facebook\",\"Google Plus\",\"Pinterest\",\"Linkedin\",\"Email\",\"Print\");var hupso_background_t=\"#EAF4FF\";var hupso_border_t=\"#66CCFF\";var hupso_toolbar_size_t=\"medium\";var hupso_image_folder_url = \"\";var hupso_twitter_via=\"hectorops\";var hupso_url_t=\"\";var hupso_title_t=\"Lo%20que%20los%20cardenales%20escucharon%20antes%20del%20C%C3%B3nclave%20que%20eligi%C3%B3%20a%20Francisco\";<\/script><script type=\"text\/javascript\" src=\"http:\/\/static.hupso.com\/share\/js\/share_toolbar.js\"><\/script><!-- Hupso Share Buttons --><\/div>","protected":false},"excerpt":{"rendered":"<p>Compartimos con ustedes este documento cortes\u00eda del blog La Buhardilla de Jer\u00f3nimo. Es una verdadera joya y nos arroja luz sobre por qu\u00e9 Francisco es nuestro nuevo Pastor. &#8220;A la venerable edad de 87 a\u00f1os soy uno de los m\u00e1s &hellip; <a href=\"http:\/\/delamanodemaria.com\/?p=1632\">Continue reading <span class=\"meta-nav\">&rarr;<\/span><\/a><\/p>\n<div style=\"padding-bottom:20px; padding-top:10px;\" class=\"hupso-share-buttons\"><!-- Hupso Share Buttons - https:\/\/www.hupso.com\/share\/ --><a class=\"hupso_toolbar\" href=\"https:\/\/www.hupso.com\/share\/\"><img src=\"http:\/\/static.hupso.com\/share\/buttons\/lang\/es\/share-medium.png\" style=\"border:0px; padding-top: 5px; float:left;\" alt=\"Share Button\"\/><\/a><script type=\"text\/javascript\">var hupso_services_t=new Array(\"Twitter\",\"Facebook\",\"Google Plus\",\"Pinterest\",\"Linkedin\",\"Email\",\"Print\");var hupso_background_t=\"#EAF4FF\";var hupso_border_t=\"#66CCFF\";var hupso_toolbar_size_t=\"medium\";var hupso_image_folder_url = \"\";var hupso_twitter_via=\"hectorops\";var hupso_url_t=\"\";var hupso_title_t=\"Lo%20que%20los%20cardenales%20escucharon%20antes%20del%20C%C3%B3nclave%20que%20eligi%C3%B3%20a%20Francisco\";<\/script><script type=\"text\/javascript\" src=\"http:\/\/static.hupso.com\/share\/js\/share_toolbar.js\"><\/script><!-- Hupso Share Buttons --><\/div>","protected":false},"author":1,"featured_media":0,"comment_status":"open","ping_status":"open","sticky":false,"template":"","format":"standard","meta":{"jetpack_post_was_ever_published":false,"_jetpack_newsletter_access":"","_jetpack_newsletter_tier_id":0,"jetpack_publicize_message":"","jetpack_is_tweetstorm":false,"jetpack_publicize_feature_enabled":true,"jetpack_social_post_already_shared":true,"jetpack_social_options":{"image_generator_settings":{"template":"highway","enabled":false}}},"categories":[1],"tags":[23,35,11],"jetpack_publicize_connections":[],"jetpack_featured_media_url":"","jetpack_shortlink":"https:\/\/wp.me\/p3bBgS-qk","jetpack_sharing_enabled":true,"jetpack_likes_enabled":true,"_links":{"self":[{"href":"http:\/\/delamanodemaria.com\/index.php?rest_route=\/wp\/v2\/posts\/1632"}],"collection":[{"href":"http:\/\/delamanodemaria.com\/index.php?rest_route=\/wp\/v2\/posts"}],"about":[{"href":"http:\/\/delamanodemaria.com\/index.php?rest_route=\/wp\/v2\/types\/post"}],"author":[{"embeddable":true,"href":"http:\/\/delamanodemaria.com\/index.php?rest_route=\/wp\/v2\/users\/1"}],"replies":[{"embeddable":true,"href":"http:\/\/delamanodemaria.com\/index.php?rest_route=%2Fwp%2Fv2%2Fcomments&post=1632"}],"version-history":[{"count":3,"href":"http:\/\/delamanodemaria.com\/index.php?rest_route=\/wp\/v2\/posts\/1632\/revisions"}],"predecessor-version":[{"id":1637,"href":"http:\/\/delamanodemaria.com\/index.php?rest_route=\/wp\/v2\/posts\/1632\/revisions\/1637"}],"wp:attachment":[{"href":"http:\/\/delamanodemaria.com\/index.php?rest_route=%2Fwp%2Fv2%2Fmedia&parent=1632"}],"wp:term":[{"taxonomy":"category","embeddable":true,"href":"http:\/\/delamanodemaria.com\/index.php?rest_route=%2Fwp%2Fv2%2Fcategories&post=1632"},{"taxonomy":"post_tag","embeddable":true,"href":"http:\/\/delamanodemaria.com\/index.php?rest_route=%2Fwp%2Fv2%2Ftags&post=1632"}],"curies":[{"name":"wp","href":"https:\/\/api.w.org\/{rel}","templated":true}]}}