{"id":16338,"date":"2021-10-02T16:26:11","date_gmt":"2021-10-02T20:26:11","guid":{"rendered":"http:\/\/delamanodemaria.com\/?p=16338"},"modified":"2021-10-02T16:26:11","modified_gmt":"2021-10-02T20:26:11","slug":"reflexion-para-el-vigesimo-septimo-domingo-del-t-o-ciclo-b-03-10-21","status":"publish","type":"post","link":"http:\/\/delamanodemaria.com\/?p=16338","title":{"rendered":"REFLEXI\u00d3N PARA EL VIG\u00c9SIMO S\u00c9PTIMO DOMINGO DEL T.O. -CICLO B- 03-10-21"},"content":{"rendered":"\n<figure class=\"wp-block-image\"><img decoding=\"async\" loading=\"lazy\" width=\"800\" height=\"500\" src=\"http:\/\/delamanodemaria.com\/wp-content\/uploads\/2019\/09\/El-que-acoge-a-este-ni\u00f1o.jpg\" alt=\"\" class=\"wp-image-12300\" srcset=\"http:\/\/delamanodemaria.com\/wp-content\/uploads\/2019\/09\/El-que-acoge-a-este-ni\u00f1o.jpg 800w, http:\/\/delamanodemaria.com\/wp-content\/uploads\/2019\/09\/El-que-acoge-a-este-ni\u00f1o-300x188.jpg 300w, http:\/\/delamanodemaria.com\/wp-content\/uploads\/2019\/09\/El-que-acoge-a-este-ni\u00f1o-768x480.jpg 768w, http:\/\/delamanodemaria.com\/wp-content\/uploads\/2019\/09\/El-que-acoge-a-este-ni\u00f1o-480x300.jpg 480w\" sizes=\"(max-width: 800px) 100vw, 800px\" \/><figcaption>&#8220;De los que son como ellos es el reino de Dios. Os aseguro que el que no acepte el reino de Dios como un ni\u00f1o, no entrar\u00e1 en \u00e9l. <\/figcaption><\/figure>\n\n\n\n<p class=\"has-drop-cap\">La primera lectura y el Evangelio que nos\npresentan la liturgia para este vig\u00e9simo s\u00e9ptimo domingo del tiempo ordinario\n(Gn 2,18-24 y Mc 10,2-16) tratan el tema del matrimonio, el origen divino y la\nindisolubilidad del mismo. Son las lecturas que acostumbramos escuchar en las\ncelebraciones de dicho sacramento.<\/p>\n\n\n\n<p>Sin menospreciar la importancia de las mismas,\nni su relevancia para nuestros tiempos, hoy centraremos nuestra atenci\u00f3n en los\n\u00faltimos vers\u00edculos de la lectura evang\u00e9lica: \u201cLe acercaban ni\u00f1os para que los\ntocara, pero los disc\u00edpulos les rega\u00f1aban. Al verlo, Jes\u00fas se enfad\u00f3 y les\ndijo: \u00abDejad que los ni\u00f1os se acerquen a m\u00ed: no se lo impid\u00e1is; de los que son\ncomo ellos es el reino de Dios. Os aseguro que el que no acepte el reino de\nDios como un ni\u00f1o, no entrar\u00e1 en \u00e9l.\u00bb Y los abrazaba y los bendec\u00eda\nimponi\u00e9ndoles las manos\u201d (ver. 13-16).<\/p>\n\n\n\n<p>Sobre este \u00faltimo vers\u00edculo, como nota\nexeg\u00e9tica, cabe se\u00f1alar que de todos los evangelistas Marcos es quien m\u00e1s\nacent\u00faa la dimensi\u00f3n humana de Jes\u00fas, quien habla con la mayor naturalidad de\nlas emociones intensas de Jes\u00fas. As\u00ed, por ejemplo, al narrar este pasaje, Marcos\nes el \u00fanico que nos presenta ese gesto tierno de Jes\u00fas de abrazar a los ni\u00f1os\n(comparar con Mt 19,15; Lucas lo omite). De ese modo Marcos quiere presentarnos\na un Jes\u00fas cercano, familiar, que conoce nuestros sentimientos y emociones.\nVerdadero Dios y verdadero hombre.<\/p>\n\n\n\n<p>Est\u00e1 claro que los disc\u00edpulos no trataban de\nimpedir que los ni\u00f1os se acercaran a Jes\u00fas porque fuesen a molestarle, sino\nporque en la cultura jud\u00eda los ni\u00f1os no val\u00edan nada. Con ese gesto de ternura y\namor, seguido de las palabras \u201cel que no acepte el reino de Dios como un ni\u00f1o,\nno entrar\u00e1 en \u00e9l\u201d, Jes\u00fas le dice a sus disc\u00edpulos (y a nosotros) que el Reino\nno es cuesti\u00f3n de m\u00e9rito, sino de humildad; que el Reino no es algo que tenemos\nque \u201cbuscar\u201d, es algo que se nos ofrece por mera gratuidad; que tan solo tenemos\nque saber aceptarlo como lo hacen los ni\u00f1os, con la mayor naturalidad, sin creernos\nque \u201clo merecemos todo\u201d.<\/p>\n\n\n\n<p>El proceso es sencillo: \u201crecibimos\u201d el Reino,\nlo \u201caceptamos\u201d con humildad, y \u201centramos\u201d en \u00e9l. Como lo har\u00eda un ni\u00f1o.<\/p>\n\n\n\n<p>En este d\u00eda del Se\u00f1or, pid\u00e1mosle la humildad y\nsencillez de esp\u00edritu para aceptar el anuncio y regalo del Reino, conscientes\nde que lo estamos recibiendo por pura gratuidad, no por m\u00e9rito nuestro. \u201cYo te\nbendigo, Padre, Se\u00f1or del cielo y de la tierra, porque has ocultado estas cosas\na sabios e inteligentes, y se las has revelado a peque\u00f1os. S\u00ed, Padre, pues tal\nha sido tu benepl\u00e1cito. Todo me ha sido entregado por mi Padre, y nadie conoce\nbien al Hijo sino el Padre, ni al Padre le conoce bien nadie sino el Hijo, y\naquel a quien el Hijo se lo quiera revelar\u201d (Mt 11,25-26).<\/p>\n\n\n\n<p>Y recuerda, si a\u00fan no has visitado la Casa del\nPadre, todav\u00eda est\u00e1s a tiempo.<\/p>\n<div style=\"padding-bottom:20px; padding-top:10px;\" class=\"hupso-share-buttons\"><!-- Hupso Share Buttons - https:\/\/www.hupso.com\/share\/ --><a class=\"hupso_toolbar\" href=\"https:\/\/www.hupso.com\/share\/\"><img src=\"http:\/\/static.hupso.com\/share\/buttons\/lang\/es\/share-medium.png\" style=\"border:0px; padding-top: 5px; float:left;\" alt=\"Share Button\"\/><\/a><script type=\"text\/javascript\">var hupso_services_t=new Array(\"Twitter\",\"Facebook\",\"Google Plus\",\"Pinterest\",\"Linkedin\",\"Email\",\"Print\");var hupso_background_t=\"#EAF4FF\";var hupso_border_t=\"#66CCFF\";var hupso_toolbar_size_t=\"medium\";var hupso_image_folder_url = \"\";var hupso_twitter_via=\"hectorops\";var hupso_url_t=\"\";var hupso_title_t=\"REFLEXI%C3%93N%20PARA%20EL%20VIG%C3%89SIMO%20S%C3%89PTIMO%20DOMINGO%20DEL%20T.O.%20-CICLO%20B-%2003-10-21\";<\/script><script type=\"text\/javascript\" src=\"http:\/\/static.hupso.com\/share\/js\/share_toolbar.js\"><\/script><!-- Hupso Share Buttons --><\/div>","protected":false},"excerpt":{"rendered":"<p>La primera lectura y el Evangelio que nos presentan la liturgia para este vig\u00e9simo s\u00e9ptimo domingo del tiempo ordinario (Gn 2,18-24 y Mc 10,2-16) tratan el tema del matrimonio, el origen divino y la indisolubilidad del mismo. Son las lecturas &hellip; <a href=\"http:\/\/delamanodemaria.com\/?p=16338\">Continue reading <span class=\"meta-nav\">&rarr;<\/span><\/a><\/p>\n<div style=\"padding-bottom:20px; padding-top:10px;\" class=\"hupso-share-buttons\"><!-- Hupso Share Buttons - https:\/\/www.hupso.com\/share\/ --><a class=\"hupso_toolbar\" href=\"https:\/\/www.hupso.com\/share\/\"><img src=\"http:\/\/static.hupso.com\/share\/buttons\/lang\/es\/share-medium.png\" style=\"border:0px; padding-top: 5px; float:left;\" alt=\"Share Button\"\/><\/a><script type=\"text\/javascript\">var hupso_services_t=new Array(\"Twitter\",\"Facebook\",\"Google Plus\",\"Pinterest\",\"Linkedin\",\"Email\",\"Print\");var hupso_background_t=\"#EAF4FF\";var hupso_border_t=\"#66CCFF\";var hupso_toolbar_size_t=\"medium\";var hupso_image_folder_url = \"\";var hupso_twitter_via=\"hectorops\";var hupso_url_t=\"\";var hupso_title_t=\"REFLEXI%C3%93N%20PARA%20EL%20VIG%C3%89SIMO%20S%C3%89PTIMO%20DOMINGO%20DEL%20T.O.%20-CICLO%20B-%2003-10-21\";<\/script><script type=\"text\/javascript\" src=\"http:\/\/static.hupso.com\/share\/js\/share_toolbar.js\"><\/script><!-- Hupso Share Buttons --><\/div>","protected":false},"author":1,"featured_media":12300,"comment_status":"open","ping_status":"open","sticky":false,"template":"","format":"standard","meta":{"jetpack_post_was_ever_published":false,"_jetpack_newsletter_access":"","_jetpack_newsletter_tier_id":0,"jetpack_publicize_message":"","jetpack_is_tweetstorm":false,"jetpack_publicize_feature_enabled":true,"jetpack_social_post_already_shared":true,"jetpack_social_options":{"image_generator_settings":{"template":"highway","enabled":false}}},"categories":[1],"tags":[607,724,4885,70,2167,3200,468,217,4884,153,605,834,2,97,472,2004,2005],"jetpack_publicize_connections":[],"jetpack_featured_media_url":"http:\/\/delamanodemaria.com\/wp-content\/uploads\/2019\/09\/El-que-acoge-a-este-ni\u00f1o.jpg","jetpack_shortlink":"https:\/\/wp.me\/p3bBgS-4fw","jetpack_sharing_enabled":true,"jetpack_likes_enabled":true,"_links":{"self":[{"href":"http:\/\/delamanodemaria.com\/index.php?rest_route=\/wp\/v2\/posts\/16338"}],"collection":[{"href":"http:\/\/delamanodemaria.com\/index.php?rest_route=\/wp\/v2\/posts"}],"about":[{"href":"http:\/\/delamanodemaria.com\/index.php?rest_route=\/wp\/v2\/types\/post"}],"author":[{"embeddable":true,"href":"http:\/\/delamanodemaria.com\/index.php?rest_route=\/wp\/v2\/users\/1"}],"replies":[{"embeddable":true,"href":"http:\/\/delamanodemaria.com\/index.php?rest_route=%2Fwp%2Fv2%2Fcomments&post=16338"}],"version-history":[{"count":2,"href":"http:\/\/delamanodemaria.com\/index.php?rest_route=\/wp\/v2\/posts\/16338\/revisions"}],"predecessor-version":[{"id":16340,"href":"http:\/\/delamanodemaria.com\/index.php?rest_route=\/wp\/v2\/posts\/16338\/revisions\/16340"}],"wp:featuredmedia":[{"embeddable":true,"href":"http:\/\/delamanodemaria.com\/index.php?rest_route=\/wp\/v2\/media\/12300"}],"wp:attachment":[{"href":"http:\/\/delamanodemaria.com\/index.php?rest_route=%2Fwp%2Fv2%2Fmedia&parent=16338"}],"wp:term":[{"taxonomy":"category","embeddable":true,"href":"http:\/\/delamanodemaria.com\/index.php?rest_route=%2Fwp%2Fv2%2Fcategories&post=16338"},{"taxonomy":"post_tag","embeddable":true,"href":"http:\/\/delamanodemaria.com\/index.php?rest_route=%2Fwp%2Fv2%2Ftags&post=16338"}],"curies":[{"name":"wp","href":"https:\/\/api.w.org\/{rel}","templated":true}]}}