{"id":1638,"date":"2013-08-06T21:14:23","date_gmt":"2013-08-07T01:14:23","guid":{"rendered":"http:\/\/delamanodemaria.com\/?p=1638"},"modified":"2013-08-06T21:16:51","modified_gmt":"2013-08-07T01:16:51","slug":"reflexion-para-el-miercoles-07-08-13","status":"publish","type":"post","link":"http:\/\/delamanodemaria.com\/?p=1638","title":{"rendered":"REFLEXI\u00d3N PARA EL MI\u00c9RCOLES 07-08-13"},"content":{"rendered":"<p><a href=\"http:\/\/delamanodemaria.com\/wp-content\/uploads\/2013\/08\/mujer-cananaea.jpg\"><img decoding=\"async\" loading=\"lazy\" class=\"alignnone size-full wp-image-1644\" alt=\"mujer cananaea\" src=\"http:\/\/delamanodemaria.com\/wp-content\/uploads\/2013\/08\/mujer-cananaea.jpg\" width=\"600\" height=\"424\" srcset=\"http:\/\/delamanodemaria.com\/wp-content\/uploads\/2013\/08\/mujer-cananaea.jpg 600w, http:\/\/delamanodemaria.com\/wp-content\/uploads\/2013\/08\/mujer-cananaea-300x212.jpg 300w, http:\/\/delamanodemaria.com\/wp-content\/uploads\/2013\/08\/mujer-cananaea-424x300.jpg 424w\" sizes=\"(max-width: 600px) 100vw, 600px\" \/><\/a><\/p>\n<p><span style=\"font-size: large;\">\u201cLes aseguro que si tuvieran fe del tama\u00f1o de un grano de mostaza, dir\u00edan a esta monta\u00f1a: \u2018Trasl\u00e1date de aqu\u00ed a all\u00e1\u2019, y la monta\u00f1a se trasladar\u00eda; y nada ser\u00eda imposible para ustedes\u201d (Mt 17,20). Esa frase tan conocida de Jes\u00fas, que con variantes aparece en todos los sin\u00f3pticos, est\u00e1 en la ra\u00edz de la ense\u00f1anza contenida en la lectura evang\u00e9lica que nos presenta la liturgia de hoy (Mt 15,21-28). La importancia de la fe.<\/span><\/p>\n<p><span style=\"font-size: large;\">El evangelio de hoy nos presenta una mujer cananea (pagana) que no vacila en su fe; que se mantiene firme a\u00fan ante el aparente desprecio, e inclusive la aparente humillaci\u00f3n por parte de Jes\u00fas; al punto que Jes\u00fas, impresionado por la fe de aquella mujer, exclama: \u201cMujer, qu\u00e9 grande es tu fe: que se cumpla lo que deseas\u201d, y su hija, por quien hab\u00eda estado pidiendo, qued\u00f3 sana.<\/span><\/p>\n<p><span style=\"font-size: large;\">En nuestro peregrinar siguiendo los pasos del Maestro, surgir\u00e1n muchos aparentes desprecios de parte de Dios, muchos momentos en que Dios aparenta ignorar nuestras s\u00faplicas. Y la mujer cananea nos brinda el mejor ejemplo: perseverar en la fe. Y Jes\u00fas, que es el mismo ayer, hoy y siempre, nos dir\u00e1: \u201cqu\u00e9 grande es tu fe: que se cumpla lo que deseas\u201d.<\/span><\/p>\n<p><span style=\"font-size: large;\">Estamos celebrando el a\u00f1o de la fe (s\u00ed, todav\u00eda estamos en el a\u00f1o de la fe), aunque con la elecci\u00f3n del nuevo pont\u00edfice y la algarab\u00eda de la Jornada Mundial de la Juventud muchos parecen haber olvidado que hasta el 24 de noviembre de 2013 estaremos celebrando nuestra fe.<\/span><\/p>\n<p><span style=\"font-size: large;\">Hemos dicho en innumerables ocasiones que la fe es la \u201cacci\u00f3n del creer\u201d, es decir, actuar conforme a lo que creemos. La fe es el \u201cgatillo\u201d que dispara el poder de Dios cuando actuamos de conformidad con lo que creemos. No basta con creer en Dios, tenemos que \u201ccreerle\u201d a Dios, creer en todo lo que \u00c9l nos ha dicho y revelado. Por eso no es lo mismo creer que tener fe. No se puede tener fe si no se cree, pero se puede creer y no tener fe.<\/span><\/p>\n<p><span style=\"font-size: large;\">Aquella mujer cananea crey\u00f3 en Jes\u00fas y en su Palabra, y crey\u00f3 que Jes\u00fas pod\u00eda curar a su hija. Por eso no se rindi\u00f3 y continu\u00f3 insistiendo (Cfr. Lc 11,13; 18,1-8). De ese modo \u201cdispar\u00f3\u201d Su poder sanador. \u201cPedid y se os dar\u00e1; buscad y hallar\u00e9is; llamad y se os abrir\u00e1\u201d (Mt 7,7).<\/span><\/p>\n<p><span style=\"font-size: large;\">Otro detalle de este pasaje es que, con su gesto, Jes\u00fas abri\u00f3 las puertas a los paganos, apart\u00e1ndose as\u00ed del pensamiento jud\u00edo de exclusividad como \u201cpueblo elegido\u201d. Pablo, el ap\u00f3stol de los gentiles lo expresa con elocuencia: \u201cToda diferencia entre jud\u00edo y no jud\u00edo ha quedado superada, pues uno mismo es el Se\u00f1or de todos, y su generosidad se desborda con todos los que le invocan\u201d (Rm 10,12). \u201cTodos vosotros, los que cre\u00e9is en Cristo Jes\u00fas, sois hijos de Dios&#8230; Ya no hay distinci\u00f3n entre jud\u00edo y no jud\u00edo, ni entre esclavo y libre, ni entre var\u00f3n y mujer. En Cristo Jes\u00fas, todos sois uno\u201d (G\u00e1l. 26,28).<\/span><\/p>\n<p><span style=\"font-size: large;\">Se\u00f1or yo creo, pero aumenta mi fe; dame la fe de la mujer cananea.<\/span><\/p>\n<div style=\"padding-bottom:20px; padding-top:10px;\" class=\"hupso-share-buttons\"><!-- Hupso Share Buttons - https:\/\/www.hupso.com\/share\/ --><a class=\"hupso_toolbar\" href=\"https:\/\/www.hupso.com\/share\/\"><img src=\"http:\/\/static.hupso.com\/share\/buttons\/lang\/es\/share-medium.png\" style=\"border:0px; padding-top: 5px; float:left;\" alt=\"Share Button\"\/><\/a><script type=\"text\/javascript\">var hupso_services_t=new Array(\"Twitter\",\"Facebook\",\"Google Plus\",\"Pinterest\",\"Linkedin\",\"Email\",\"Print\");var hupso_background_t=\"#EAF4FF\";var hupso_border_t=\"#66CCFF\";var hupso_toolbar_size_t=\"medium\";var hupso_image_folder_url = \"\";var hupso_twitter_via=\"hectorops\";var hupso_url_t=\"\";var hupso_title_t=\"REFLEXI%C3%93N%20PARA%20EL%20MI%C3%89RCOLES%2007-08-13\";<\/script><script type=\"text\/javascript\" src=\"http:\/\/static.hupso.com\/share\/js\/share_toolbar.js\"><\/script><!-- Hupso Share Buttons --><\/div>","protected":false},"excerpt":{"rendered":"<p>\u201cLes aseguro que si tuvieran fe del tama\u00f1o de un grano de mostaza, dir\u00edan a esta monta\u00f1a: \u2018Trasl\u00e1date de aqu\u00ed a all\u00e1\u2019, y la monta\u00f1a se trasladar\u00eda; y nada ser\u00eda imposible para ustedes\u201d (Mt 17,20). Esa frase tan conocida de &hellip; <a href=\"http:\/\/delamanodemaria.com\/?p=1638\">Continue reading <span class=\"meta-nav\">&rarr;<\/span><\/a><\/p>\n<div style=\"padding-bottom:20px; padding-top:10px;\" class=\"hupso-share-buttons\"><!-- Hupso Share Buttons - https:\/\/www.hupso.com\/share\/ --><a class=\"hupso_toolbar\" href=\"https:\/\/www.hupso.com\/share\/\"><img src=\"http:\/\/static.hupso.com\/share\/buttons\/lang\/es\/share-medium.png\" style=\"border:0px; padding-top: 5px; float:left;\" alt=\"Share Button\"\/><\/a><script type=\"text\/javascript\">var hupso_services_t=new Array(\"Twitter\",\"Facebook\",\"Google Plus\",\"Pinterest\",\"Linkedin\",\"Email\",\"Print\");var hupso_background_t=\"#EAF4FF\";var hupso_border_t=\"#66CCFF\";var hupso_toolbar_size_t=\"medium\";var hupso_image_folder_url = \"\";var hupso_twitter_via=\"hectorops\";var hupso_url_t=\"\";var hupso_title_t=\"REFLEXI%C3%93N%20PARA%20EL%20MI%C3%89RCOLES%2007-08-13\";<\/script><script type=\"text\/javascript\" src=\"http:\/\/static.hupso.com\/share\/js\/share_toolbar.js\"><\/script><!-- Hupso Share Buttons --><\/div>","protected":false},"author":1,"featured_media":0,"comment_status":"open","ping_status":"open","sticky":false,"template":"","format":"standard","meta":{"jetpack_post_was_ever_published":false,"_jetpack_newsletter_access":"","_jetpack_newsletter_tier_id":0,"jetpack_publicize_message":"","jetpack_is_tweetstorm":false,"jetpack_publicize_feature_enabled":true,"jetpack_social_post_already_shared":true,"jetpack_social_options":{"image_generator_settings":{"template":"highway","enabled":false}}},"categories":[1],"tags":[76,3,22,27,2],"jetpack_publicize_connections":[],"jetpack_featured_media_url":"","jetpack_shortlink":"https:\/\/wp.me\/p3bBgS-qq","jetpack_sharing_enabled":true,"jetpack_likes_enabled":true,"_links":{"self":[{"href":"http:\/\/delamanodemaria.com\/index.php?rest_route=\/wp\/v2\/posts\/1638"}],"collection":[{"href":"http:\/\/delamanodemaria.com\/index.php?rest_route=\/wp\/v2\/posts"}],"about":[{"href":"http:\/\/delamanodemaria.com\/index.php?rest_route=\/wp\/v2\/types\/post"}],"author":[{"embeddable":true,"href":"http:\/\/delamanodemaria.com\/index.php?rest_route=\/wp\/v2\/users\/1"}],"replies":[{"embeddable":true,"href":"http:\/\/delamanodemaria.com\/index.php?rest_route=%2Fwp%2Fv2%2Fcomments&post=1638"}],"version-history":[{"count":4,"href":"http:\/\/delamanodemaria.com\/index.php?rest_route=\/wp\/v2\/posts\/1638\/revisions"}],"predecessor-version":[{"id":1643,"href":"http:\/\/delamanodemaria.com\/index.php?rest_route=\/wp\/v2\/posts\/1638\/revisions\/1643"}],"wp:attachment":[{"href":"http:\/\/delamanodemaria.com\/index.php?rest_route=%2Fwp%2Fv2%2Fmedia&parent=1638"}],"wp:term":[{"taxonomy":"category","embeddable":true,"href":"http:\/\/delamanodemaria.com\/index.php?rest_route=%2Fwp%2Fv2%2Fcategories&post=1638"},{"taxonomy":"post_tag","embeddable":true,"href":"http:\/\/delamanodemaria.com\/index.php?rest_route=%2Fwp%2Fv2%2Ftags&post=1638"}],"curies":[{"name":"wp","href":"https:\/\/api.w.org\/{rel}","templated":true}]}}