{"id":16437,"date":"2021-10-18T21:58:58","date_gmt":"2021-10-19T01:58:58","guid":{"rendered":"http:\/\/delamanodemaria.com\/?p=16437"},"modified":"2021-10-18T21:58:58","modified_gmt":"2021-10-19T01:58:58","slug":"reflexion-para-el-martes-de-la-vigesima-novena-semana-del-t-o-1-19-10-21","status":"publish","type":"post","link":"http:\/\/delamanodemaria.com\/?p=16437","title":{"rendered":"REFLEXI\u00d3N PARA EL MARTES DE LA VIG\u00c9SIMA NOVENA SEMANA DEL T.O. (1) 19-10-21"},"content":{"rendered":"\n<figure class=\"wp-block-image\"><img decoding=\"async\" loading=\"lazy\" width=\"640\" height=\"424\" src=\"http:\/\/delamanodemaria.com\/wp-content\/uploads\/2014\/10\/lampara-encendida.jpg\" alt=\"\" class=\"wp-image-4313\" srcset=\"http:\/\/delamanodemaria.com\/wp-content\/uploads\/2014\/10\/lampara-encendida.jpg 640w, http:\/\/delamanodemaria.com\/wp-content\/uploads\/2014\/10\/lampara-encendida-300x198.jpg 300w, http:\/\/delamanodemaria.com\/wp-content\/uploads\/2014\/10\/lampara-encendida-452x300.jpg 452w\" sizes=\"(max-width: 640px) 100vw, 640px\" \/><figcaption>\u201cDichosos los criados a quienes el se\u00f1or, al llegar, los encuentre en vela\u201d. <\/figcaption><\/figure>\n\n\n\n<p>\u201cTened ce\u00f1ida la cintura y encendidas las\nl\u00e1mparas. Vosotros estad como los que aguardan a que su se\u00f1or vuelva de la\nboda, para abrirle apenas venga y llame. Dichosos los criados a quienes el\nse\u00f1or, al llegar, los encuentre en vela; os aseguro que se ce\u00f1ir\u00e1, los har\u00e1\nsentar a la mesa y los ir\u00e1 sirviendo. Y, si llega entrada la noche o de\nmadrugada y los encuentra as\u00ed, dichosos ellos\u201d. As\u00ed de corta y contundente es\nla lectura evang\u00e9lica que nos ofrece la liturgia para hoy (Lc 12,35-38).<\/p>\n\n\n\n<p>Esta lectura, que nos evoca la par\u00e1bola de las\nv\u00edrgenes necias y prudentes (Mt 25,1-13), enfatiza la necesidad de permanecer\nvigilantes, con la cintura ce\u00f1ida (el delantal de trabajo puesto) y la l\u00e1mpara\n(de la fe) encendida, pues nadie sabe el d\u00eda en que el Se\u00f1or \u201cregresar\u00e1\u201d. Esa\nfigura de ce\u00f1irnos el \u201cdelantal de trabajo\u201d nos apunta a que tenemos que estar\nsiempre prestos a servir (<em>Cfr<\/em>. Lc 17,8; Jn 13,4; Ef 6,14); y la l\u00e1mpara\nencendida nos recuerda que debemos estar prestos a la acci\u00f3n, &nbsp;a servir en todo momento, d\u00eda y noche.<\/p>\n\n\n\n<p>La lectura nos habla del Se\u00f1or que \u201cvuelve\u201d de\nla boda, el \u00fanico evento del cual los jud\u00edos del tiempo de Jes\u00fas llegaban tarde\nen la noche. Y nos dice que tenemos que estar listos para abrirle \u201capenas venga\ny llame\u201d. &nbsp;Si Jes\u00fas llega de imprevisto\nnos corremos el riego de no estar preparados. Podr\u00edamos pensar que esta lectura\ntiene un sentido escatol\u00f3gico, es decir, que se refiere \u00fanicamente a esa\n\u201csegunda venida\u201d de Jes\u00fas en el final de los tiempos. Pero, como digo siempre a\nmis estudiantes, la Palabra de Dios es \u201cviva y eficaz\u201d, y nos habla, nos\ninterpela aqu\u00ed y ahora.<\/p>\n\n\n\n<p>La pregunta obligada es: \u00bfEstoy preparado para\nservir en todo momento, en toda circunstancia? Si el Se\u00f1or llega, \u00bfme\nencontrar\u00e1 con el delantal ce\u00f1ido a la cintura? \u00bfY c\u00f3mo puede el Se\u00f1or llegar\nsi no al final de los tiempos? Cuando el Se\u00f1or me habla a trav\u00e9s de su Palabra\nen las celebraciones lit\u00fargicas, \u00bfle presto atenci\u00f3n?, \u00bfle escucho? \u201cEl que los\nescucha a ustedes, me escucha a m\u00ed; el que los rechaza a ustedes, me rechaza a\nm\u00ed\u201d (Lc 10,16). Cuando me encuentro con un hermano necesitado, \u00bfestoy presto a\nservirle, a llenar su necesidad? \u201cPorque tuve hambre y ustedes me dieron de\ncomer\u2026\u201d (Mt 25,35-36). Si mantengo encendida la l\u00e1mpara de la fe, \u00bfno puedo\nacaso encontrar a Jes\u00fas en todos los acontecimientos de mi vida, en mis penas,\nmis alegr\u00edas, mis triunfos, mis fracasos?<\/p>\n\n\n\n<p>Por eso, tenemos que mantenernos vigilantes y\ndespiertos, para que cuando el Se\u00f1or llegue podamos escucharle, reconocerle y\nabrirle, para dejarle entrar en nuestros corazones. \u201cMira que estoy a la puerta\ny llamo: si uno escucha mi voz y me abre, entrar\u00e9 en su casa, y comer\u00e9 con el y\n\u00e9l conmigo\u201d (Ap 3,20). Y entonces \u00c9l se ce\u00f1ir\u00e1 el delantal, \u201cnos har\u00e1 sentar a\nla mesa y nos ir\u00e1 sirviendo\u201d.<\/p>\n\n\n\n<p>En este santo d\u00eda, pidamos al Se\u00f1or que nos\nconceda la gracia de mantenernos vigilantes para servirle en todo momento y\nlugar.<\/p>\n<div style=\"padding-bottom:20px; padding-top:10px;\" class=\"hupso-share-buttons\"><!-- Hupso Share Buttons - https:\/\/www.hupso.com\/share\/ --><a class=\"hupso_toolbar\" href=\"https:\/\/www.hupso.com\/share\/\"><img src=\"http:\/\/static.hupso.com\/share\/buttons\/lang\/es\/share-medium.png\" style=\"border:0px; padding-top: 5px; float:left;\" alt=\"Share Button\"\/><\/a><script type=\"text\/javascript\">var hupso_services_t=new Array(\"Twitter\",\"Facebook\",\"Google Plus\",\"Pinterest\",\"Linkedin\",\"Email\",\"Print\");var hupso_background_t=\"#EAF4FF\";var hupso_border_t=\"#66CCFF\";var hupso_toolbar_size_t=\"medium\";var hupso_image_folder_url = \"\";var hupso_twitter_via=\"hectorops\";var hupso_url_t=\"\";var hupso_title_t=\"REFLEXI%C3%93N%20PARA%20EL%20MARTES%20DE%20LA%20VIG%C3%89SIMA%20NOVENA%20SEMANA%20DEL%20T.O.%20%281%29%2019-10-21\";<\/script><script type=\"text\/javascript\" src=\"http:\/\/static.hupso.com\/share\/js\/share_toolbar.js\"><\/script><!-- Hupso Share Buttons --><\/div>","protected":false},"excerpt":{"rendered":"<p>\u201cTened ce\u00f1ida la cintura y encendidas las l\u00e1mparas. Vosotros estad como los que aguardan a que su se\u00f1or vuelva de la boda, para abrirle apenas venga y llame. Dichosos los criados a quienes el se\u00f1or, al llegar, los encuentre en &hellip; <a href=\"http:\/\/delamanodemaria.com\/?p=16437\">Continue reading <span class=\"meta-nav\">&rarr;<\/span><\/a><\/p>\n<div style=\"padding-bottom:20px; padding-top:10px;\" class=\"hupso-share-buttons\"><!-- Hupso Share Buttons - https:\/\/www.hupso.com\/share\/ --><a class=\"hupso_toolbar\" href=\"https:\/\/www.hupso.com\/share\/\"><img src=\"http:\/\/static.hupso.com\/share\/buttons\/lang\/es\/share-medium.png\" style=\"border:0px; padding-top: 5px; float:left;\" alt=\"Share Button\"\/><\/a><script type=\"text\/javascript\">var hupso_services_t=new Array(\"Twitter\",\"Facebook\",\"Google Plus\",\"Pinterest\",\"Linkedin\",\"Email\",\"Print\");var hupso_background_t=\"#EAF4FF\";var hupso_border_t=\"#66CCFF\";var hupso_toolbar_size_t=\"medium\";var hupso_image_folder_url = \"\";var hupso_twitter_via=\"hectorops\";var hupso_url_t=\"\";var hupso_title_t=\"REFLEXI%C3%93N%20PARA%20EL%20MARTES%20DE%20LA%20VIG%C3%89SIMA%20NOVENA%20SEMANA%20DEL%20T.O.%20%281%29%2019-10-21\";<\/script><script type=\"text\/javascript\" src=\"http:\/\/static.hupso.com\/share\/js\/share_toolbar.js\"><\/script><!-- Hupso Share Buttons --><\/div>","protected":false},"author":1,"featured_media":4313,"comment_status":"open","ping_status":"open","sticky":false,"template":"","format":"standard","meta":{"jetpack_post_was_ever_published":false,"_jetpack_newsletter_access":"","_jetpack_newsletter_tier_id":0,"jetpack_publicize_message":"","jetpack_is_tweetstorm":false,"jetpack_publicize_feature_enabled":true,"jetpack_social_post_already_shared":true,"jetpack_social_options":{"image_generator_settings":{"template":"highway","enabled":false}}},"categories":[1],"tags":[765,675,3331,3329,3330,2570,230,342,2567,674,138,3204,2,309,1049,1808,722,2569],"jetpack_publicize_connections":[],"jetpack_featured_media_url":"http:\/\/delamanodemaria.com\/wp-content\/uploads\/2014\/10\/lampara-encendida.jpg","jetpack_shortlink":"https:\/\/wp.me\/p3bBgS-4h7","jetpack_sharing_enabled":true,"jetpack_likes_enabled":true,"_links":{"self":[{"href":"http:\/\/delamanodemaria.com\/index.php?rest_route=\/wp\/v2\/posts\/16437"}],"collection":[{"href":"http:\/\/delamanodemaria.com\/index.php?rest_route=\/wp\/v2\/posts"}],"about":[{"href":"http:\/\/delamanodemaria.com\/index.php?rest_route=\/wp\/v2\/types\/post"}],"author":[{"embeddable":true,"href":"http:\/\/delamanodemaria.com\/index.php?rest_route=\/wp\/v2\/users\/1"}],"replies":[{"embeddable":true,"href":"http:\/\/delamanodemaria.com\/index.php?rest_route=%2Fwp%2Fv2%2Fcomments&post=16437"}],"version-history":[{"count":2,"href":"http:\/\/delamanodemaria.com\/index.php?rest_route=\/wp\/v2\/posts\/16437\/revisions"}],"predecessor-version":[{"id":16439,"href":"http:\/\/delamanodemaria.com\/index.php?rest_route=\/wp\/v2\/posts\/16437\/revisions\/16439"}],"wp:featuredmedia":[{"embeddable":true,"href":"http:\/\/delamanodemaria.com\/index.php?rest_route=\/wp\/v2\/media\/4313"}],"wp:attachment":[{"href":"http:\/\/delamanodemaria.com\/index.php?rest_route=%2Fwp%2Fv2%2Fmedia&parent=16437"}],"wp:term":[{"taxonomy":"category","embeddable":true,"href":"http:\/\/delamanodemaria.com\/index.php?rest_route=%2Fwp%2Fv2%2Fcategories&post=16437"},{"taxonomy":"post_tag","embeddable":true,"href":"http:\/\/delamanodemaria.com\/index.php?rest_route=%2Fwp%2Fv2%2Ftags&post=16437"}],"curies":[{"name":"wp","href":"https:\/\/api.w.org\/{rel}","templated":true}]}}