{"id":16579,"date":"2021-11-13T18:52:55","date_gmt":"2021-11-13T22:52:55","guid":{"rendered":"http:\/\/delamanodemaria.com\/?p=16579"},"modified":"2021-11-13T18:52:55","modified_gmt":"2021-11-13T22:52:55","slug":"reflexion-para-el-trigesimo-tercer-domingo-del-t-o-ciclo-b-14-11-21","status":"publish","type":"post","link":"http:\/\/delamanodemaria.com\/?p=16579","title":{"rendered":"REFLEXI\u00d3N PARA EL TRIG\u00c9SIMO TERCER DOMINGO DEL T.O. -CICLO B- 14-11-21"},"content":{"rendered":"\n<figure class=\"wp-block-image\"><img decoding=\"async\" loading=\"lazy\" width=\"586\" height=\"439\" src=\"http:\/\/delamanodemaria.com\/wp-content\/uploads\/2015\/11\/Juicio-Final.jpg\" alt=\"\" class=\"wp-image-6229\" srcset=\"http:\/\/delamanodemaria.com\/wp-content\/uploads\/2015\/11\/Juicio-Final.jpg 586w, http:\/\/delamanodemaria.com\/wp-content\/uploads\/2015\/11\/Juicio-Final-300x225.jpg 300w, http:\/\/delamanodemaria.com\/wp-content\/uploads\/2015\/11\/Juicio-Final-400x300.jpg 400w\" sizes=\"(max-width: 586px) 100vw, 586px\" \/><figcaption>&#8220;(El hijo del hombre) enviar\u00e1 a los \u00e1ngeles para reunir a sus elegidos de los cuatro vientos, de horizonte a horizonte\u201d.  <\/figcaption><\/figure>\n\n\n\n<p>\u201cEn aquellos d\u00edas, despu\u00e9s de esa gran\nangustia, el sol se har\u00e1 tinieblas, la luna no dar\u00e1 su resplandor, las\nestrellas caer\u00e1n del cielo, los astros se tambalear\u00e1n. Entonces ver\u00e1n venir al\nHijo del hombre sobre las nubes con gran poder y majestad; enviar\u00e1 a los\n\u00e1ngeles para reunir a sus elegidos de los cuatro vientos, de horizonte a\nhorizonte\u201d. Con esta imagen del final de los tiempos presentada por Jes\u00fas a sus\ndisc\u00edpulos, comienza el relato evang\u00e9lico (Mc 13,24-32) para hoy.<\/p>\n\n\n\n<p>La primera lectura, tomada del libro de Daniel\n(12,1-3), complementa la visi\u00f3n escatol\u00f3gica del Evangelio: \u201cPor aquel tiempo\nse levantar\u00e1 Miguel, el arc\u00e1ngel que se ocupa de tu pueblo: ser\u00e1n tiempos\ndif\u00edciles, como no los ha habido desde que hubo naciones hasta ahora. Entonces\nse salvar\u00e1 tu pueblo: todos los inscritos en el libro. Muchos de los que\nduermen en el polvo despertar\u00e1n: unos para vida eterna, otros para ignominia\nperpetua. Los sabios brillar\u00e1n como el fulgor del firmamento, y los que\nense\u00f1aron a muchos la justicia, como las estrellas, por toda la eternidad\u201d.<\/p>\n\n\n\n<p>El Evangelio nos habla de los \u201celegidos\u201d que\nel Se\u00f1or va a reunir de todas partes del mundo al final de los tiempos. Esto\nnos evoca la imagen que nos presenta el libro del Apocalipsis de aquella enorme\nmuchedumbre, imposible de contar, formada por gente de todas las naciones,\nfamilias, pueblos y lenguas (7,9).<\/p>\n\n\n\n<p>La primera lectura, por su parte, nos habla\ndel \u201clos inscritos en el libro\u201d, una imagen que se repite en el Antiguo y el\nNuevo Testamentos y que, en el contexto que lo utiliza Daniel, nos presenta un\nparalelo con Ap 20,12-15, en donde se utiliza esta imagen relacionada con el\njuicio final: \u201cy tambi\u00e9n fue abierto el Libro de la Vida; y los que hab\u00edan\nmuerto fueron juzgados de acuerdo con el contenido de los libros; cada uno\nseg\u00fan sus obras\u201d (v. 12; <em>Cfr<\/em>. St 2,17).<\/p>\n\n\n\n<p>Estas lecturas nos transmiten el mensaje que\nal final de los tiempos, cuando tengamos que enfrentarnos a \u201cJesucristo Juez\u201d,\nseremos juzgados seg\u00fan nuestras obras, lo \u00fanico que vamos a llevar al Juicio. Y\nsi nuestras obras estuvieron guiadas por el amor a Dios y al pr\u00f3jimo, as\u00ed\nquedar\u00e1 plasmado en el libro de la vida, y el Se\u00f1or nos dir\u00e1: \u201cVengan, benditos\nde mi Padre, y reciban en herencia el Reino que les fue preparado desde el\ncomienzo del mundo\u201d (Mt 25,34). Si por el contrario, nuestras obras estuvieron\nguiadas por el ego\u00edsmo y la maldad, as\u00ed quedar\u00e1 tambi\u00e9n escrito en el libro de\nla vida, y el Se\u00f1or nos dir\u00e1: \u201cAl\u00e9jense de m\u00ed, malditos; vayan al fuego eterno\nque fue preparado para el demonio y sus \u00e1ngeles\u201d (Mt 25,41). San Juan de la\nCruz lo expres\u00f3 con meridiana claridad: \u201cEn el ocaso de nuestra vida seremos\njuzgados en el amor\u201d. <\/p>\n\n\n\n<p>\u201cSe\u00f1or, Dios de la vida y de la muerte, no\nsabemos la hora de tu venida, pero estamos seguros de que tu amor no nos va a\nfallar. Gu\u00e1rdanos vigilantes en esperanza, y ay\u00fadanos a acogerte ahora en los\nhermanos, para que t\u00fa nos acojas un d\u00eda en tu casa eterna para siempre\u201d (de la\nOraci\u00f3n de los fieles).<\/p>\n<div style=\"padding-bottom:20px; padding-top:10px;\" class=\"hupso-share-buttons\"><!-- Hupso Share Buttons - https:\/\/www.hupso.com\/share\/ --><a class=\"hupso_toolbar\" href=\"https:\/\/www.hupso.com\/share\/\"><img src=\"http:\/\/static.hupso.com\/share\/buttons\/lang\/es\/share-medium.png\" style=\"border:0px; padding-top: 5px; float:left;\" alt=\"Share Button\"\/><\/a><script type=\"text\/javascript\">var hupso_services_t=new Array(\"Twitter\",\"Facebook\",\"Google Plus\",\"Pinterest\",\"Linkedin\",\"Email\",\"Print\");var hupso_background_t=\"#EAF4FF\";var hupso_border_t=\"#66CCFF\";var hupso_toolbar_size_t=\"medium\";var hupso_image_folder_url = \"\";var hupso_twitter_via=\"hectorops\";var hupso_url_t=\"\";var hupso_title_t=\"REFLEXI%C3%93N%20PARA%20EL%20TRIG%C3%89SIMO%20TERCER%20DOMINGO%20DEL%20T.O.%20-CICLO%20B-%2014-11-21\";<\/script><script type=\"text\/javascript\" src=\"http:\/\/static.hupso.com\/share\/js\/share_toolbar.js\"><\/script><!-- Hupso Share Buttons --><\/div>","protected":false},"excerpt":{"rendered":"<p>\u201cEn aquellos d\u00edas, despu\u00e9s de esa gran angustia, el sol se har\u00e1 tinieblas, la luna no dar\u00e1 su resplandor, las estrellas caer\u00e1n del cielo, los astros se tambalear\u00e1n. Entonces ver\u00e1n venir al Hijo del hombre sobre las nubes con gran &hellip; <a href=\"http:\/\/delamanodemaria.com\/?p=16579\">Continue reading <span class=\"meta-nav\">&rarr;<\/span><\/a><\/p>\n<div style=\"padding-bottom:20px; padding-top:10px;\" class=\"hupso-share-buttons\"><!-- Hupso Share Buttons - https:\/\/www.hupso.com\/share\/ --><a class=\"hupso_toolbar\" href=\"https:\/\/www.hupso.com\/share\/\"><img src=\"http:\/\/static.hupso.com\/share\/buttons\/lang\/es\/share-medium.png\" style=\"border:0px; padding-top: 5px; float:left;\" alt=\"Share Button\"\/><\/a><script type=\"text\/javascript\">var hupso_services_t=new Array(\"Twitter\",\"Facebook\",\"Google Plus\",\"Pinterest\",\"Linkedin\",\"Email\",\"Print\");var hupso_background_t=\"#EAF4FF\";var hupso_border_t=\"#66CCFF\";var hupso_toolbar_size_t=\"medium\";var hupso_image_folder_url = \"\";var hupso_twitter_via=\"hectorops\";var hupso_url_t=\"\";var hupso_title_t=\"REFLEXI%C3%93N%20PARA%20EL%20TRIG%C3%89SIMO%20TERCER%20DOMINGO%20DEL%20T.O.%20-CICLO%20B-%2014-11-21\";<\/script><script type=\"text\/javascript\" src=\"http:\/\/static.hupso.com\/share\/js\/share_toolbar.js\"><\/script><!-- Hupso Share Buttons --><\/div>","protected":false},"author":1,"featured_media":6229,"comment_status":"open","ping_status":"open","sticky":false,"template":"","format":"standard","meta":{"jetpack_post_was_ever_published":false,"_jetpack_newsletter_access":"","_jetpack_newsletter_tier_id":0,"jetpack_publicize_message":"","jetpack_is_tweetstorm":false,"jetpack_publicize_feature_enabled":true,"jetpack_social_post_already_shared":true,"jetpack_social_options":{"image_generator_settings":{"template":"highway","enabled":false}}},"categories":[1],"tags":[30,175,1518,322,724,360,3325,3200,342,579,2611,1108,203,4960,2,141,1027,2610],"jetpack_publicize_connections":[],"jetpack_featured_media_url":"http:\/\/delamanodemaria.com\/wp-content\/uploads\/2015\/11\/Juicio-Final.jpg","jetpack_shortlink":"https:\/\/wp.me\/p3bBgS-4jp","jetpack_sharing_enabled":true,"jetpack_likes_enabled":true,"_links":{"self":[{"href":"http:\/\/delamanodemaria.com\/index.php?rest_route=\/wp\/v2\/posts\/16579"}],"collection":[{"href":"http:\/\/delamanodemaria.com\/index.php?rest_route=\/wp\/v2\/posts"}],"about":[{"href":"http:\/\/delamanodemaria.com\/index.php?rest_route=\/wp\/v2\/types\/post"}],"author":[{"embeddable":true,"href":"http:\/\/delamanodemaria.com\/index.php?rest_route=\/wp\/v2\/users\/1"}],"replies":[{"embeddable":true,"href":"http:\/\/delamanodemaria.com\/index.php?rest_route=%2Fwp%2Fv2%2Fcomments&post=16579"}],"version-history":[{"count":2,"href":"http:\/\/delamanodemaria.com\/index.php?rest_route=\/wp\/v2\/posts\/16579\/revisions"}],"predecessor-version":[{"id":16581,"href":"http:\/\/delamanodemaria.com\/index.php?rest_route=\/wp\/v2\/posts\/16579\/revisions\/16581"}],"wp:featuredmedia":[{"embeddable":true,"href":"http:\/\/delamanodemaria.com\/index.php?rest_route=\/wp\/v2\/media\/6229"}],"wp:attachment":[{"href":"http:\/\/delamanodemaria.com\/index.php?rest_route=%2Fwp%2Fv2%2Fmedia&parent=16579"}],"wp:term":[{"taxonomy":"category","embeddable":true,"href":"http:\/\/delamanodemaria.com\/index.php?rest_route=%2Fwp%2Fv2%2Fcategories&post=16579"},{"taxonomy":"post_tag","embeddable":true,"href":"http:\/\/delamanodemaria.com\/index.php?rest_route=%2Fwp%2Fv2%2Ftags&post=16579"}],"curies":[{"name":"wp","href":"https:\/\/api.w.org\/{rel}","templated":true}]}}