{"id":16610,"date":"2021-11-20T19:07:52","date_gmt":"2021-11-20T23:07:52","guid":{"rendered":"http:\/\/delamanodemaria.com\/?p=16610"},"modified":"2021-11-20T19:07:52","modified_gmt":"2021-11-20T23:07:52","slug":"reflexion-para-la-solemnidad-de-jesucristo-rey-del-universo-21-11-21","status":"publish","type":"post","link":"http:\/\/delamanodemaria.com\/?p=16610","title":{"rendered":"REFLEXI\u00d3N PARA LA SOLEMNIDAD DE JESUCRISTO REY DEL UNIVERSO 21-11-21"},"content":{"rendered":"\n<figure class=\"wp-block-image\"><img decoding=\"async\" loading=\"lazy\" width=\"900\" height=\"473\" src=\"http:\/\/delamanodemaria.com\/wp-content\/uploads\/2018\/11\/Cristo-Rey.jpg\" alt=\"\" class=\"wp-image-10728\" srcset=\"http:\/\/delamanodemaria.com\/wp-content\/uploads\/2018\/11\/Cristo-Rey.jpg 900w, http:\/\/delamanodemaria.com\/wp-content\/uploads\/2018\/11\/Cristo-Rey-300x158.jpg 300w, http:\/\/delamanodemaria.com\/wp-content\/uploads\/2018\/11\/Cristo-Rey-768x404.jpg 768w, http:\/\/delamanodemaria.com\/wp-content\/uploads\/2018\/11\/Cristo-Rey-500x263.jpg 500w\" sizes=\"(max-width: 900px) 100vw, 900px\" \/><\/figure>\n\n\n\n<p class=\"has-drop-cap\">Hoy es el trig\u00e9simo cuarto y \u00faltimo domingo del Tiempo Ordinario, Solemnidad de Jesucristo, Rey del Universo; fiesta que marca el fin de Tiempo Ordinario y nos dispone a comenzar ese tiempo lit\u00fargico tan especial del Adviento.<\/p>\n\n\n\n<p>Todas las lecturas que nos propone la liturgia\npara hoy (Dn 7,13-14; Sal 92, 1ab.1c-2-5); Ap 1,5-8; y Jn 18,33b-37) nos\napuntan al se\u00f1or\u00edo y reinado de Jes\u00fas, con un sabor escatol\u00f3gico, es decir, a\nesa segunda venida de Jes\u00fas que marcar\u00e1 el fin de los tiempos y la culminaci\u00f3n\nde su Reino por toda la eternidad.<\/p>\n\n\n\n<p>La primera lectura, tomada de la profec\u00eda de\nDaniel, de g\u00e9nero apocal\u00edptico, nos presenta la figura de un \u201chijo de hombre\u201d,\nrefiri\u00e9ndose a ese misterio del Dios humanado, el Dios-con-nosotros, que es la\npersona de Jes\u00fas con su doble naturaleza, divina y humana: \u201cLe dieron poder\nreal y dominio; todos los pueblos, naciones y lenguas lo respetar\u00e1n. Su dominio\nes eterno y no pasa, su reino no tendr\u00e1 fin\u201d.<\/p>\n\n\n\n<p>La lectura del libro del Apocalipsis nos\nreitera el se\u00f1or\u00edo de Jesucristo, \u201cel pr\u00edncipe de los reyes de la tierra\u201d. Pero\na la misma vez lo presenta como \u201cel testigo fiel\u201d que, como dec\u00edamos ayer, es\nsin\u00f3nimo de \u201cm\u00e1rtir\u201d, lo que nos apunta hacia la verdadera fuente se su poder:\nel Amor. \u201cAquel que nos ama, nos ha librado de nuestros pecados por su sangre,\nnos ha convertido en un reino y hecho sacerdotes de Dios, su Padre. A \u00e9l la\ngloria y el poder por los siglos de los siglos\u201d. Juan utiliza el mismo lenguaje\nde Daniel al describir la visi\u00f3n de Jes\u00fas que \u201cviene en las nubes\u201d, a\u00f1adiendo\nque cuando \u00c9l venga reinar\u00e1 sobre todos, incluyendo a \u201clos que lo atravesaron\u201d\n(<em>Cfr<\/em>. Jn 19,37), que tendr\u00e1n que\nverlo llegar en toda su gloria. La lectura cierra con una proclamaci\u00f3n solemne\npor parte del Dios Trino: \u201cYo soy el Alfa y la Omega, el que es, el que era y\nel que viene, el Todopoderoso\u201d, el principio y el fin de la historia.<\/p>\n\n\n\n<p>De ambas lecturas surge claramente que el\nReinado de Jes\u00fas no se rige por las normas de los reinos terrenales. Un reino\nque \u201cno tiene fin\u201d, es eterno, y en vez de convertirnos en s\u00fabditos, nos libera.\nJes\u00fas lo reitera al comparecer ante Pilato en el pasaje evang\u00e9lico que\ncontemplamos hoy: \u201cMi reino no es de este mundo. Si mi reino fuera de este\nmundo, mi guardia habr\u00eda luchado para que no cayera en manos de los jud\u00edos.\nPero mi reino no es de aqu\u00ed\u201d. M\u00e1s adelante Jes\u00fas a\u00f1ade: \u201cSoy rey. Yo para esto\nhe nacido y para esto he venido al mundo; para ser testigo de la verdad\u201d. En\nocasiones anteriores hemos dicho que el t\u00e9rmino \u201cverdad\u201d, seg\u00fan utilizado en\nlas Sagradas Escrituras, se refiere a la fidelidad del Amor de Dios.<\/p>\n\n\n\n<p>El Reino de Jesucristo no es de este mundo, pero\nse inicia y se va germinando en este mundo, y alcanzar\u00e1 su plenitud definitiva\nal final de los tiempos, cuando el demonio, el pecado, el dolor y la muerte\nhayan sido erradicados para siempre. Entonces contemplaremos su rostro y\nllevaremos su nombre en la frente, y reinaremos junto al \u00c9l por los siglos de\nlos siglos (<em>Cfr<\/em>. Ap 22,4-5). \u00a1Qu\u00e9\npromesa!<\/p>\n\n\n\n<p>Recuerda visitar la Casa de nuestro Rey; \u00c9l\nmismo vendr\u00e1 a tu encuentro.<\/p>\n<div style=\"padding-bottom:20px; padding-top:10px;\" class=\"hupso-share-buttons\"><!-- Hupso Share Buttons - https:\/\/www.hupso.com\/share\/ --><a class=\"hupso_toolbar\" href=\"https:\/\/www.hupso.com\/share\/\"><img src=\"http:\/\/static.hupso.com\/share\/buttons\/lang\/es\/share-medium.png\" style=\"border:0px; padding-top: 5px; float:left;\" alt=\"Share Button\"\/><\/a><script type=\"text\/javascript\">var hupso_services_t=new Array(\"Twitter\",\"Facebook\",\"Google Plus\",\"Pinterest\",\"Linkedin\",\"Email\",\"Print\");var hupso_background_t=\"#EAF4FF\";var hupso_border_t=\"#66CCFF\";var hupso_toolbar_size_t=\"medium\";var hupso_image_folder_url = \"\";var hupso_twitter_via=\"hectorops\";var hupso_url_t=\"\";var hupso_title_t=\"REFLEXI%C3%93N%20PARA%20LA%20SOLEMNIDAD%20DE%20JESUCRISTO%20REY%20DEL%20UNIVERSO%2021-11-21\";<\/script><script type=\"text\/javascript\" src=\"http:\/\/static.hupso.com\/share\/js\/share_toolbar.js\"><\/script><!-- Hupso Share Buttons --><\/div>","protected":false},"excerpt":{"rendered":"<p>Hoy es el trig\u00e9simo cuarto y \u00faltimo domingo del Tiempo Ordinario, Solemnidad de Jesucristo, Rey del Universo; fiesta que marca el fin de Tiempo Ordinario y nos dispone a comenzar ese tiempo lit\u00fargico tan especial del Adviento. Todas las lecturas &hellip; <a href=\"http:\/\/delamanodemaria.com\/?p=16610\">Continue reading <span class=\"meta-nav\">&rarr;<\/span><\/a><\/p>\n<div style=\"padding-bottom:20px; padding-top:10px;\" class=\"hupso-share-buttons\"><!-- Hupso Share Buttons - https:\/\/www.hupso.com\/share\/ --><a class=\"hupso_toolbar\" href=\"https:\/\/www.hupso.com\/share\/\"><img src=\"http:\/\/static.hupso.com\/share\/buttons\/lang\/es\/share-medium.png\" style=\"border:0px; padding-top: 5px; float:left;\" alt=\"Share Button\"\/><\/a><script type=\"text\/javascript\">var hupso_services_t=new Array(\"Twitter\",\"Facebook\",\"Google Plus\",\"Pinterest\",\"Linkedin\",\"Email\",\"Print\");var hupso_background_t=\"#EAF4FF\";var hupso_border_t=\"#66CCFF\";var hupso_toolbar_size_t=\"medium\";var hupso_image_folder_url = \"\";var hupso_twitter_via=\"hectorops\";var hupso_url_t=\"\";var hupso_title_t=\"REFLEXI%C3%93N%20PARA%20LA%20SOLEMNIDAD%20DE%20JESUCRISTO%20REY%20DEL%20UNIVERSO%2021-11-21\";<\/script><script type=\"text\/javascript\" src=\"http:\/\/static.hupso.com\/share\/js\/share_toolbar.js\"><\/script><!-- Hupso Share Buttons --><\/div>","protected":false},"author":1,"featured_media":10728,"comment_status":"open","ping_status":"open","sticky":false,"template":"","format":"standard","meta":{"jetpack_post_was_ever_published":false,"_jetpack_newsletter_access":"","_jetpack_newsletter_tier_id":0,"jetpack_publicize_message":"","jetpack_is_tweetstorm":false,"jetpack_publicize_feature_enabled":true,"jetpack_social_post_already_shared":true,"jetpack_social_options":{"image_generator_settings":{"template":"highway","enabled":false}}},"categories":[1],"tags":[330,1114,534,1439,1121,322,4497,360,1167,392,2624,2241,711,579,355,4963,4964,2622,2015,2626,722,2623],"jetpack_publicize_connections":[],"jetpack_featured_media_url":"http:\/\/delamanodemaria.com\/wp-content\/uploads\/2018\/11\/Cristo-Rey.jpg","jetpack_shortlink":"https:\/\/wp.me\/p3bBgS-4jU","jetpack_sharing_enabled":true,"jetpack_likes_enabled":true,"_links":{"self":[{"href":"http:\/\/delamanodemaria.com\/index.php?rest_route=\/wp\/v2\/posts\/16610"}],"collection":[{"href":"http:\/\/delamanodemaria.com\/index.php?rest_route=\/wp\/v2\/posts"}],"about":[{"href":"http:\/\/delamanodemaria.com\/index.php?rest_route=\/wp\/v2\/types\/post"}],"author":[{"embeddable":true,"href":"http:\/\/delamanodemaria.com\/index.php?rest_route=\/wp\/v2\/users\/1"}],"replies":[{"embeddable":true,"href":"http:\/\/delamanodemaria.com\/index.php?rest_route=%2Fwp%2Fv2%2Fcomments&post=16610"}],"version-history":[{"count":2,"href":"http:\/\/delamanodemaria.com\/index.php?rest_route=\/wp\/v2\/posts\/16610\/revisions"}],"predecessor-version":[{"id":16612,"href":"http:\/\/delamanodemaria.com\/index.php?rest_route=\/wp\/v2\/posts\/16610\/revisions\/16612"}],"wp:featuredmedia":[{"embeddable":true,"href":"http:\/\/delamanodemaria.com\/index.php?rest_route=\/wp\/v2\/media\/10728"}],"wp:attachment":[{"href":"http:\/\/delamanodemaria.com\/index.php?rest_route=%2Fwp%2Fv2%2Fmedia&parent=16610"}],"wp:term":[{"taxonomy":"category","embeddable":true,"href":"http:\/\/delamanodemaria.com\/index.php?rest_route=%2Fwp%2Fv2%2Fcategories&post=16610"},{"taxonomy":"post_tag","embeddable":true,"href":"http:\/\/delamanodemaria.com\/index.php?rest_route=%2Fwp%2Fv2%2Ftags&post=16610"}],"curies":[{"name":"wp","href":"https:\/\/api.w.org\/{rel}","templated":true}]}}