{"id":16638,"date":"2021-11-27T16:25:06","date_gmt":"2021-11-27T20:25:06","guid":{"rendered":"http:\/\/delamanodemaria.com\/?p=16638"},"modified":"2021-11-27T16:25:06","modified_gmt":"2021-11-27T20:25:06","slug":"reflexion-para-el-primer-domingo-de-adviento-c-28-11-21","status":"publish","type":"post","link":"http:\/\/delamanodemaria.com\/?p=16638","title":{"rendered":"REFLEXI\u00d3N PARA EL PRIMER DOMINGO DE ADVIENTO (C) 28-11-21"},"content":{"rendered":"\n<figure class=\"wp-block-image\"><img decoding=\"async\" loading=\"lazy\" width=\"600\" height=\"333\" src=\"http:\/\/delamanodemaria.com\/wp-content\/uploads\/2018\/12\/CORONA-DE-ADVIENTO.jpg\" alt=\"\" class=\"wp-image-10787\" srcset=\"http:\/\/delamanodemaria.com\/wp-content\/uploads\/2018\/12\/CORONA-DE-ADVIENTO.jpg 600w, http:\/\/delamanodemaria.com\/wp-content\/uploads\/2018\/12\/CORONA-DE-ADVIENTO-300x167.jpg 300w, http:\/\/delamanodemaria.com\/wp-content\/uploads\/2018\/12\/CORONA-DE-ADVIENTO-500x278.jpg 500w\" sizes=\"(max-width: 600px) 100vw, 600px\" \/><figcaption>Esta semana encenderemos la primera vela de la corona de Adviento, color morada, como signo de vigilancia. <\/figcaption><\/figure>\n\n\n\n<p class=\"has-drop-cap\">Hoy comienza un nuevo a\u00f1o lit\u00fargico. Las\nlecturas para el primer domingo de Adviento siempre nos remiten a la espera de\nsegunda venida del Se\u00f1or, la <em>parus\u00eda<\/em>.\nPor eso las lecturas nos exhortan a estar vigilantes.<\/p>\n\n\n\n<p>De ah\u00ed que la palabra clave para este primer domingo\nde Adviento es VIGILANCIA. Por eso, tanto las lecturas como la predicaci\u00f3n son\nuna invitaci\u00f3n que se resume en las palabras con las que concluye el Evangelio\npara hoy (Lc 21,25-28.34-36) en las cuales Jes\u00fas, utilizando lenguaje tomado de\nla profec\u00eda de Daniel (7,13-14), advierte a sus disc\u00edpulos: \u201cEntonces, ver\u00e1n al\nHijo del Hombre venir en una nube, con gran poder y majestad. Cuando empiece a\nsuceder esto, levantaos, alzad la cabeza; se acerca vuestra liberaci\u00f3n\u201d. Esta\nsemana encenderemos la primera vela de la corona de Adviento, color morada,\ncomo signo de vigilancia.<\/p>\n\n\n\n<p>En este pasaje Jes\u00fas utiliza im\u00e1genes de los\ncataclismos que el pueblo jud\u00edo asociaba con el final de los tiempos,\nconmociones c\u00f3smicas que se relacionan con la manifestaci\u00f3n del poder de Dios (<em>Cfr<\/em>. Is 13,10; 34,4 etc.): \u201cHabr\u00e1 signos\nen el sol y la luna y las estrellas, y en la tierra angustia de las gentes,\nenloquecidas por el estruendo del mar y del oleaje. Los hombres quedar\u00e1n sin\naliento por el miedo y la ansiedad, ante lo que se le viene encima al mundo,\npues los astros temblar\u00e1n\u201d.<\/p>\n\n\n\n<p>En la segunda lectura, tomada de la primera\ncarta del ap\u00f3stol san Pablo a los Tesalonicenses (3,12\u20134,2), el ap\u00f3stol nos\nrecuerda que tenemos que mantenernos vigilantes y firmes hasta esa segunda\nvenida, y nos instruye a mantenernos \u201csantos e irreprensibles\u201d para enfrentar\nel juicio que ha de venir: \u201c[p]ara que, cuando Jes\u00fas nuestro Se\u00f1or vuelva\nacompa\u00f1ado de todos sus santos, os present\u00e9is santos e irreprensibles ante Dios\nnuestro padre. Para terminar, hermanos, por Cristo Jes\u00fas os rogamos y\nexhortamos: hab\u00e9is aprendido de nosotros como proceder para agradar a Dios:\npues proceded as\u00ed y seguid adelante. Ya conoc\u00e9is las instrucciones que os dimos\nen nombre del Se\u00f1or Jes\u00fas\u201d.<\/p>\n\n\n\n<p>Siempre que pensamos en esa \u201csegunda venida\u201d\nde Jes\u00fas, vienen a nuestras mentes esas im\u00e1genes apocal\u00edpticas del fin de\nmundo, del \u201cfinal de los tiempos\u201d. Pero lo cierto es que ese encuentro\ndefinitivo con Jes\u00fas y el Padre puede ser en cualquier momento para cada uno de\nnosotros; al final de nuestra vida terrena, cuando enfrentemos nuestro juicio\nparticular.<\/p>\n\n\n\n<p>El Se\u00f1or ha dado a cada uno de nosotros unos\ndones, unos carismas, y nos ha encomendado una tarea. Si el Se\u00f1or llegara\n\u201cinesperadamente\u201d esta noche en mi sue\u00f1o (\u00a1cu\u00e1ntos no despertar\u00e1n ma\u00f1ana!),\n\u00bfqu\u00e9 cuentas le voy a dar sobre la \u201ctarea\u201d que me encomend\u00f3? De ah\u00ed la\nexhortaci\u00f3n a estar vigilantes y con nuestra \u201ctarea\u201d al d\u00eda teniendo presente\nque, si la encontramos dif\u00edcil, tan solo tenemos que recordar las palabras de\nIsa\u00edas: \u201cSe\u00f1or, t\u00fa eres nuestro Padre, nosotros la arcilla y t\u00fa el alfarero:\nsomos todos obra de tu mano\u201d.<\/p>\n\n\n\n<p>Estamos comenzando el Adviento. Tiempo de\nanticipaci\u00f3n, de conversi\u00f3n, de vigilante espera para el nacimiento del Ni\u00f1o\nDios en nuestros corazones. Anda, reconc\u00edliate con \u00c9l y con tus hermanos, \u00a1no\nvaya a ser que llegue y te encuentre dormido! (<em>Cfr<\/em>. Mc 13,36).<\/p>\n<div style=\"padding-bottom:20px; padding-top:10px;\" class=\"hupso-share-buttons\"><!-- Hupso Share Buttons - https:\/\/www.hupso.com\/share\/ --><a class=\"hupso_toolbar\" href=\"https:\/\/www.hupso.com\/share\/\"><img src=\"http:\/\/static.hupso.com\/share\/buttons\/lang\/es\/share-medium.png\" style=\"border:0px; padding-top: 5px; float:left;\" alt=\"Share Button\"\/><\/a><script type=\"text\/javascript\">var hupso_services_t=new Array(\"Twitter\",\"Facebook\",\"Google Plus\",\"Pinterest\",\"Linkedin\",\"Email\",\"Print\");var hupso_background_t=\"#EAF4FF\";var hupso_border_t=\"#66CCFF\";var hupso_toolbar_size_t=\"medium\";var hupso_image_folder_url = \"\";var hupso_twitter_via=\"hectorops\";var hupso_url_t=\"\";var hupso_title_t=\"REFLEXI%C3%93N%20PARA%20EL%20PRIMER%20DOMINGO%20DE%20ADVIENTO%20%28C%29%2028-11-21\";<\/script><script type=\"text\/javascript\" src=\"http:\/\/static.hupso.com\/share\/js\/share_toolbar.js\"><\/script><!-- Hupso Share Buttons --><\/div>","protected":false},"excerpt":{"rendered":"<p>Hoy comienza un nuevo a\u00f1o lit\u00fargico. Las lecturas para el primer domingo de Adviento siempre nos remiten a la espera de segunda venida del Se\u00f1or, la parus\u00eda. Por eso las lecturas nos exhortan a estar vigilantes. De ah\u00ed que la &hellip; <a href=\"http:\/\/delamanodemaria.com\/?p=16638\">Continue reading <span class=\"meta-nav\">&rarr;<\/span><\/a><\/p>\n<div style=\"padding-bottom:20px; padding-top:10px;\" class=\"hupso-share-buttons\"><!-- Hupso Share Buttons - https:\/\/www.hupso.com\/share\/ --><a class=\"hupso_toolbar\" href=\"https:\/\/www.hupso.com\/share\/\"><img src=\"http:\/\/static.hupso.com\/share\/buttons\/lang\/es\/share-medium.png\" style=\"border:0px; padding-top: 5px; float:left;\" alt=\"Share Button\"\/><\/a><script type=\"text\/javascript\">var hupso_services_t=new Array(\"Twitter\",\"Facebook\",\"Google Plus\",\"Pinterest\",\"Linkedin\",\"Email\",\"Print\");var hupso_background_t=\"#EAF4FF\";var hupso_border_t=\"#66CCFF\";var hupso_toolbar_size_t=\"medium\";var hupso_image_folder_url = \"\";var hupso_twitter_via=\"hectorops\";var hupso_url_t=\"\";var hupso_title_t=\"REFLEXI%C3%93N%20PARA%20EL%20PRIMER%20DOMINGO%20DE%20ADVIENTO%20%28C%29%2028-11-21\";<\/script><script type=\"text\/javascript\" src=\"http:\/\/static.hupso.com\/share\/js\/share_toolbar.js\"><\/script><!-- Hupso Share Buttons --><\/div>","protected":false},"author":1,"featured_media":10787,"comment_status":"open","ping_status":"open","sticky":false,"template":"","format":"standard","meta":{"jetpack_post_was_ever_published":false,"_jetpack_newsletter_access":"","_jetpack_newsletter_tier_id":0,"jetpack_publicize_message":"","jetpack_is_tweetstorm":false,"jetpack_publicize_feature_enabled":true,"jetpack_social_post_already_shared":true,"jetpack_social_options":{"image_generator_settings":{"template":"highway","enabled":false}}},"categories":[1],"tags":[4961,592,1121,1127,2646,149,1125,3,12,911,342,579,203,356,1122,1126,271,1123,2,418,2645,309,1043,4544,310,2569],"jetpack_publicize_connections":[],"jetpack_featured_media_url":"http:\/\/delamanodemaria.com\/wp-content\/uploads\/2018\/12\/CORONA-DE-ADVIENTO.jpg","jetpack_shortlink":"https:\/\/wp.me\/p3bBgS-4km","jetpack_sharing_enabled":true,"jetpack_likes_enabled":true,"_links":{"self":[{"href":"http:\/\/delamanodemaria.com\/index.php?rest_route=\/wp\/v2\/posts\/16638"}],"collection":[{"href":"http:\/\/delamanodemaria.com\/index.php?rest_route=\/wp\/v2\/posts"}],"about":[{"href":"http:\/\/delamanodemaria.com\/index.php?rest_route=\/wp\/v2\/types\/post"}],"author":[{"embeddable":true,"href":"http:\/\/delamanodemaria.com\/index.php?rest_route=\/wp\/v2\/users\/1"}],"replies":[{"embeddable":true,"href":"http:\/\/delamanodemaria.com\/index.php?rest_route=%2Fwp%2Fv2%2Fcomments&post=16638"}],"version-history":[{"count":2,"href":"http:\/\/delamanodemaria.com\/index.php?rest_route=\/wp\/v2\/posts\/16638\/revisions"}],"predecessor-version":[{"id":16640,"href":"http:\/\/delamanodemaria.com\/index.php?rest_route=\/wp\/v2\/posts\/16638\/revisions\/16640"}],"wp:featuredmedia":[{"embeddable":true,"href":"http:\/\/delamanodemaria.com\/index.php?rest_route=\/wp\/v2\/media\/10787"}],"wp:attachment":[{"href":"http:\/\/delamanodemaria.com\/index.php?rest_route=%2Fwp%2Fv2%2Fmedia&parent=16638"}],"wp:term":[{"taxonomy":"category","embeddable":true,"href":"http:\/\/delamanodemaria.com\/index.php?rest_route=%2Fwp%2Fv2%2Fcategories&post=16638"},{"taxonomy":"post_tag","embeddable":true,"href":"http:\/\/delamanodemaria.com\/index.php?rest_route=%2Fwp%2Fv2%2Ftags&post=16638"}],"curies":[{"name":"wp","href":"https:\/\/api.w.org\/{rel}","templated":true}]}}