{"id":16658,"date":"2021-12-02T17:25:05","date_gmt":"2021-12-02T21:25:05","guid":{"rendered":"http:\/\/delamanodemaria.com\/?p=16658"},"modified":"2021-12-02T17:28:17","modified_gmt":"2021-12-02T21:28:17","slug":"reflexiones-para-el-viernes-de-la-primera-semana-de-adviento-03-12-21","status":"publish","type":"post","link":"http:\/\/delamanodemaria.com\/?p=16658","title":{"rendered":"REFLEXI\u00d3N PARA EL VIERNES DE LA PRIMERA SEMANA DE ADVIENTO 03-12-21"},"content":{"rendered":"\n<figure class=\"wp-block-image\"><img decoding=\"async\" loading=\"lazy\" width=\"640\" height=\"480\" src=\"http:\/\/delamanodemaria.com\/wp-content\/uploads\/2014\/12\/curacion-de-ciegos.jpg\" alt=\"\" class=\"wp-image-4573\" srcset=\"http:\/\/delamanodemaria.com\/wp-content\/uploads\/2014\/12\/curacion-de-ciegos.jpg 640w, http:\/\/delamanodemaria.com\/wp-content\/uploads\/2014\/12\/curacion-de-ciegos-300x225.jpg 300w, http:\/\/delamanodemaria.com\/wp-content\/uploads\/2014\/12\/curacion-de-ciegos-400x300.jpg 400w\" sizes=\"(max-width: 640px) 100vw, 640px\" \/><figcaption>&#8220;Entonces les toc\u00f3 los ojos, diciendo: \u2018Que os suceda conforme a vuestra fe.\u2019 Y se les abrieron los ojos\u201d. <\/figcaption><\/figure>\n\n\n\n<p>Isa\u00edas, el profeta del Adviento, contin\u00faa\ndominando la liturgia para este tiempo tan especial. En la primera lectura de\nhoy (Is 29,17-24), el profeta anuncia que \u201cpronto, muy pronto\u2026 oir\u00e1n los sordos\nlas palabras del libro; sin tinieblas ni oscuridad ver\u00e1n los ojos de los\nciegos\u201d. Ese prodigio, entre otros, se convertir\u00e1 en el signo de que el Mes\u00edas\nha llegado.<\/p>\n\n\n\n<p>En el relato evang\u00e9lico seguimos con Mateo,\nque nos presenta a Jes\u00fas abriendo los ojos de dos ciegos (Mt 9,27-31). As\u00ed se\nda el cumplimiento de la profec\u00eda de Isa\u00edas, lo que prueba que los tiempos\nmesi\u00e1nicos ya han llegado con la persona de Jes\u00fas de Nazaret. Y como en tantos\notros casos, la fe es un factor esencial para que se efect\u00fae el milagro: \u201cJes\u00fas\nles dijo: \u2018\u00bfCre\u00e9is que puedo hacerlo?\u2019 A lo que ellos replicaron: \u2018S\u00ed, Se\u00f1or.\u2019\nEntonces les toc\u00f3 los ojos, diciendo: \u2018Que os suceda conforme a vuestra fe.\u2019 Y\nse les abrieron los ojos\u201d. A pesar de que Jes\u00fas les \u201corden\u00f3 severamente\u201d que no\ncontaran su curaci\u00f3n milagrosa a nadie, ellos, \u201cal salir, hablaron de \u00e9l por\ntoda la comarca\u201d.<\/p>\n\n\n\n<p>Los ciegos del relato creyeron en Jes\u00fas y\ncreyeron que \u00c9l pod\u00eda curar su ceguera. Y su fe fue recompensada. Tuvieron un\nencuentro personal con Jes\u00fas y sintieron su poder. La actitud de ellos de salir\na contar a todos lo sucedido es la reacci\u00f3n natural de todo el que ha tenido un\nencuentro personal con Jes\u00fas. El que ha tenido esa experiencia siente un gozo,\nuna alegr\u00eda, que tiene que compartir con todo el que encuentra en su camino. Es\nla verdadera \u201calegr\u00eda del cristiano\u201d.<\/p>\n\n\n\n<p>Nuestro problema es que muchas veces nos\nconformamos con una imagen est\u00e1tica de Jes\u00fas, nuestra relaci\u00f3n con \u00c9l se limita\na ritos, estampitas, im\u00e1genes y crucifijos, y no abrimos nuestros corazones\npara dejarle entrar, para tener un encuentro personal, \u00edntimo, con \u00c9l, para\nsentir el calor de su abrazo; ese abrazo misericordioso en el que hallamos\ndescanso para nuestras almas (Mt 11,29).<\/p>\n\n\n\n<p>En ocasiones miramos a nuestro alrededor y\nvemos el caos, la violencia, el desamor que aparenta reinar en nuestro entorno,\ny pensamos que las promesas de Isa\u00edas no se han cumplido. Eso es se\u00f1al de que\nno hemos tenido ese encuentro personal con Jes\u00fas, porque si lo hubi\u00e9semos\ntenido, estar\u00edamos grit\u00e1ndolo a los siete vientos; y contagiar\u00edamos a otros con\nese gozo indescriptible hasta convertirlo en una epidemia de amor.<\/p>\n\n\n\n<p>Apenas estamos comenzando el Adviento, y como\nnos dijera el papa em\u00e9rito Benedicto XVI hace unos a\u00f1os, el Adviento \u201cnos\ninvita una vez m\u00e1s, en medio de muchas dificultades, a renovar la certeza de\nque Dios est\u00e1 presente: \u00c9l ha venido al mundo, convirti\u00e9ndose en un hombre como\nnosotros, para traer la plenitud de su designio de amor. Y Dios exige que\ntambi\u00e9n nosotros nos convirtamos en una se\u00f1al de su acci\u00f3n en el mundo. A\ntrav\u00e9s de nuestra fe, nuestra esperanza, nuestro amor, \u00c9l quiere entrar en el\nmundo siempre de nuevo, y quiere siempre de nuevo hacer resplandecer su Luz en\nla noche\u201d.<\/p>\n\n\n\n<p>Que pasen un hermoso fin de semana; y no\nolviden visitar la Casa del Padre. \u00c9l y su Hijo les esperan para derramar su\namor sobre ustedes, que es el Esp\u00edritu Santo.<\/p>\n<div style=\"padding-bottom:20px; padding-top:10px;\" class=\"hupso-share-buttons\"><!-- Hupso Share Buttons - https:\/\/www.hupso.com\/share\/ --><a class=\"hupso_toolbar\" href=\"https:\/\/www.hupso.com\/share\/\"><img src=\"http:\/\/static.hupso.com\/share\/buttons\/lang\/es\/share-medium.png\" style=\"border:0px; padding-top: 5px; float:left;\" alt=\"Share Button\"\/><\/a><script type=\"text\/javascript\">var hupso_services_t=new Array(\"Twitter\",\"Facebook\",\"Google Plus\",\"Pinterest\",\"Linkedin\",\"Email\",\"Print\");var hupso_background_t=\"#EAF4FF\";var hupso_border_t=\"#66CCFF\";var hupso_toolbar_size_t=\"medium\";var hupso_image_folder_url = \"\";var hupso_twitter_via=\"hectorops\";var hupso_url_t=\"\";var hupso_title_t=\"REFLEXI%C3%93N%20PARA%20EL%20VIERNES%20DE%20LA%20PRIMERA%20SEMANA%20DE%20ADVIENTO%2003-12-21\";<\/script><script type=\"text\/javascript\" src=\"http:\/\/static.hupso.com\/share\/js\/share_toolbar.js\"><\/script><!-- Hupso Share Buttons --><\/div>","protected":false},"excerpt":{"rendered":"<p>Isa\u00edas, el profeta del Adviento, contin\u00faa dominando la liturgia para este tiempo tan especial. En la primera lectura de hoy (Is 29,17-24), el profeta anuncia que \u201cpronto, muy pronto\u2026 oir\u00e1n los sordos las palabras del libro; sin tinieblas ni oscuridad &hellip; <a href=\"http:\/\/delamanodemaria.com\/?p=16658\">Continue reading <span class=\"meta-nav\">&rarr;<\/span><\/a><\/p>\n<div style=\"padding-bottom:20px; padding-top:10px;\" class=\"hupso-share-buttons\"><!-- Hupso Share Buttons - https:\/\/www.hupso.com\/share\/ --><a class=\"hupso_toolbar\" href=\"https:\/\/www.hupso.com\/share\/\"><img src=\"http:\/\/static.hupso.com\/share\/buttons\/lang\/es\/share-medium.png\" style=\"border:0px; padding-top: 5px; float:left;\" alt=\"Share Button\"\/><\/a><script type=\"text\/javascript\">var hupso_services_t=new Array(\"Twitter\",\"Facebook\",\"Google Plus\",\"Pinterest\",\"Linkedin\",\"Email\",\"Print\");var hupso_background_t=\"#EAF4FF\";var hupso_border_t=\"#66CCFF\";var hupso_toolbar_size_t=\"medium\";var hupso_image_folder_url = \"\";var hupso_twitter_via=\"hectorops\";var hupso_url_t=\"\";var hupso_title_t=\"REFLEXI%C3%93N%20PARA%20EL%20VIERNES%20DE%20LA%20PRIMERA%20SEMANA%20DE%20ADVIENTO%2003-12-21\";<\/script><script type=\"text\/javascript\" src=\"http:\/\/static.hupso.com\/share\/js\/share_toolbar.js\"><\/script><!-- Hupso Share Buttons --><\/div>","protected":false},"author":1,"featured_media":4573,"comment_status":"open","ping_status":"open","sticky":false,"template":"","format":"standard","meta":{"jetpack_post_was_ever_published":false,"_jetpack_newsletter_access":"","_jetpack_newsletter_tier_id":0,"jetpack_publicize_message":"","jetpack_is_tweetstorm":false,"jetpack_publicize_feature_enabled":true,"jetpack_social_post_already_shared":true,"jetpack_social_options":{"image_generator_settings":{"template":"highway","enabled":false}}},"categories":[1],"tags":[374,7,1620,4539,392,3897,1777,4968,2935,3564,22,3465,4541,371,1238,238,1204,2465,730,725,2,458,3464,3446],"jetpack_publicize_connections":[],"jetpack_featured_media_url":"http:\/\/delamanodemaria.com\/wp-content\/uploads\/2014\/12\/curacion-de-ciegos.jpg","jetpack_shortlink":"https:\/\/wp.me\/p3bBgS-4kG","jetpack_sharing_enabled":true,"jetpack_likes_enabled":true,"_links":{"self":[{"href":"http:\/\/delamanodemaria.com\/index.php?rest_route=\/wp\/v2\/posts\/16658"}],"collection":[{"href":"http:\/\/delamanodemaria.com\/index.php?rest_route=\/wp\/v2\/posts"}],"about":[{"href":"http:\/\/delamanodemaria.com\/index.php?rest_route=\/wp\/v2\/types\/post"}],"author":[{"embeddable":true,"href":"http:\/\/delamanodemaria.com\/index.php?rest_route=\/wp\/v2\/users\/1"}],"replies":[{"embeddable":true,"href":"http:\/\/delamanodemaria.com\/index.php?rest_route=%2Fwp%2Fv2%2Fcomments&post=16658"}],"version-history":[{"count":3,"href":"http:\/\/delamanodemaria.com\/index.php?rest_route=\/wp\/v2\/posts\/16658\/revisions"}],"predecessor-version":[{"id":16661,"href":"http:\/\/delamanodemaria.com\/index.php?rest_route=\/wp\/v2\/posts\/16658\/revisions\/16661"}],"wp:featuredmedia":[{"embeddable":true,"href":"http:\/\/delamanodemaria.com\/index.php?rest_route=\/wp\/v2\/media\/4573"}],"wp:attachment":[{"href":"http:\/\/delamanodemaria.com\/index.php?rest_route=%2Fwp%2Fv2%2Fmedia&parent=16658"}],"wp:term":[{"taxonomy":"category","embeddable":true,"href":"http:\/\/delamanodemaria.com\/index.php?rest_route=%2Fwp%2Fv2%2Fcategories&post=16658"},{"taxonomy":"post_tag","embeddable":true,"href":"http:\/\/delamanodemaria.com\/index.php?rest_route=%2Fwp%2Fv2%2Ftags&post=16658"}],"curies":[{"name":"wp","href":"https:\/\/api.w.org\/{rel}","templated":true}]}}