{"id":1693,"date":"2013-08-14T17:15:05","date_gmt":"2013-08-14T21:15:05","guid":{"rendered":"http:\/\/delamanodemaria.com\/?p=1693"},"modified":"2013-08-14T17:15:05","modified_gmt":"2013-08-14T21:15:05","slug":"himno-para-la-solemnidad-de-la-asuncion-de-la-santisima-virgen-maria","status":"publish","type":"post","link":"http:\/\/delamanodemaria.com\/?p=1693","title":{"rendered":"Himno para la Solemnidad de la Asunci\u00f3n de la Sant\u00edsima Virgen Mar\u00eda"},"content":{"rendered":"<p style=\"text-align: center;\"><span style=\"color: #000000;\"><span style=\"font-size: large;\"><a href=\"http:\/\/delamanodemaria.com\/wp-content\/uploads\/2013\/08\/Asunci\u00f3n.jpg\"><img decoding=\"async\" loading=\"lazy\" class=\"alignnone size-full wp-image-1694\" alt=\"Asunci\u00f3n\" src=\"http:\/\/delamanodemaria.com\/wp-content\/uploads\/2013\/08\/Asunci\u00f3n.jpg\" width=\"445\" height=\"604\" srcset=\"http:\/\/delamanodemaria.com\/wp-content\/uploads\/2013\/08\/Asunci\u00f3n.jpg 445w, http:\/\/delamanodemaria.com\/wp-content\/uploads\/2013\/08\/Asunci\u00f3n-221x300.jpg 221w\" sizes=\"(max-width: 445px) 100vw, 445px\" \/><\/a><\/span><\/span><\/p>\n<p><span style=\"font-family: Arial;\"><span style=\"font-size: large;\">Ma\u00f1ana celebramos la Solemnidad de la Asunci\u00f3n de la Sant\u00edsima Virgen Mar\u00eda a los cielos.<\/span><\/span><\/p>\n<p><span style=\"font-family: Arial;\"><span style=\"font-size: large;\">En preparaci\u00f3n para esta gran celebraci\u00f3n, compartimos con ustedes el Himno de Laudes correspondiente a la Liturgia de las Horas para la solemnidad.<\/span><\/span><\/p>\n<p><span style=\"text-decoration: underline;\"><span style=\"font-family: Arial;\"><span style=\"font-size: large;\">HIMNO<\/span><\/span><\/span><\/p>\n<p><span style=\"font-family: Arial;\"><span style=\"font-size: large;\">S\u00f3lo la Ni\u00f1a aquella, la Ni\u00f1a inmaculada,<\/span><\/span><\/p>\n<p><span style=\"font-family: Arial;\"><span style=\"font-size: large;\">la Madre que del hijo recibi\u00f3 su hermosura,<\/span><\/span><\/p>\n<p><span style=\"font-family: Arial;\"><span style=\"font-size: large;\">la Virgen que le dice a su Creador criatura,<\/span><\/span><\/p>\n<p><span style=\"font-family: Arial;\"><span style=\"font-size: large;\">s\u00f3lo esa Ni\u00f1a bella al cielo fue elevada.<\/span><\/span><\/p>\n<p>&nbsp;<\/p>\n<p><span style=\"font-family: Arial;\"><span style=\"font-size: large;\">Los luceros formaron innumerables filas,<\/span><\/span><\/p>\n<p><span style=\"font-family: Arial;\"><span style=\"font-size: large;\">tapizaron las nubes el cielo en su grandeza;<\/span><\/span><\/p>\n<p><span style=\"font-family: Arial;\"><span style=\"font-size: large;\">y aquella Ni\u00f1a dulce de sin igual belleza<\/span><\/span><\/p>\n<p><span style=\"font-family: Arial;\"><span style=\"font-size: large;\">llenaba todo el cielo con sus claras pupilas.<\/span><\/span><\/p>\n<p>&nbsp;<\/p>\n<p><span style=\"font-family: Arial;\"><span style=\"font-size: large;\">Nuestro barro peque\u00f1o, de nostalgia extasiado,<\/span><\/span><\/p>\n<p><span style=\"font-family: Arial;\"><span style=\"font-size: large;\">ardientemente quiere subir un d\u00eda cualquiera<\/span><\/span><\/p>\n<p><span style=\"font-family: Arial;\"><span style=\"font-size: large;\">al cielo, d\u00f3nde el barro de nuestra Ni\u00f1a espera<\/span><\/span><\/p>\n<p><span style=\"font-family: Arial;\"><span style=\"font-size: large;\">purificar en gracia nuestro barro manchado.<\/span><\/span><\/p>\n<p><span style=\"font-family: Arial;\"><span style=\"font-size: large;\">Am\u00e9n.<\/span><\/span><\/p>\n<p>&nbsp;<\/p>\n<div style=\"padding-bottom:20px; padding-top:10px;\" class=\"hupso-share-buttons\"><!-- Hupso Share Buttons - https:\/\/www.hupso.com\/share\/ --><a class=\"hupso_toolbar\" href=\"https:\/\/www.hupso.com\/share\/\"><img src=\"http:\/\/static.hupso.com\/share\/buttons\/lang\/es\/share-medium.png\" style=\"border:0px; padding-top: 5px; float:left;\" alt=\"Share Button\"\/><\/a><script type=\"text\/javascript\">var hupso_services_t=new Array(\"Twitter\",\"Facebook\",\"Google Plus\",\"Pinterest\",\"Linkedin\",\"Email\",\"Print\");var hupso_background_t=\"#EAF4FF\";var hupso_border_t=\"#66CCFF\";var hupso_toolbar_size_t=\"medium\";var hupso_image_folder_url = \"\";var hupso_twitter_via=\"hectorops\";var hupso_url_t=\"\";var hupso_title_t=\"Himno%20para%20la%20Solemnidad%20de%20la%20Asunci%C3%B3n%20de%20la%20Sant%C3%ADsima%20Virgen%20Mar%C3%ADa\";<\/script><script type=\"text\/javascript\" src=\"http:\/\/static.hupso.com\/share\/js\/share_toolbar.js\"><\/script><!-- Hupso Share Buttons --><\/div>","protected":false},"excerpt":{"rendered":"<p>Ma\u00f1ana celebramos la Solemnidad de la Asunci\u00f3n de la Sant\u00edsima Virgen Mar\u00eda a los cielos. En preparaci\u00f3n para esta gran celebraci\u00f3n, compartimos con ustedes el Himno de Laudes correspondiente a la Liturgia de las Horas para la solemnidad. HIMNO S\u00f3lo &hellip; <a href=\"http:\/\/delamanodemaria.com\/?p=1693\">Continue reading <span class=\"meta-nav\">&rarr;<\/span><\/a><\/p>\n<div style=\"padding-bottom:20px; padding-top:10px;\" class=\"hupso-share-buttons\"><!-- Hupso Share Buttons - https:\/\/www.hupso.com\/share\/ --><a class=\"hupso_toolbar\" href=\"https:\/\/www.hupso.com\/share\/\"><img src=\"http:\/\/static.hupso.com\/share\/buttons\/lang\/es\/share-medium.png\" style=\"border:0px; padding-top: 5px; float:left;\" alt=\"Share Button\"\/><\/a><script type=\"text\/javascript\">var hupso_services_t=new Array(\"Twitter\",\"Facebook\",\"Google Plus\",\"Pinterest\",\"Linkedin\",\"Email\",\"Print\");var hupso_background_t=\"#EAF4FF\";var hupso_border_t=\"#66CCFF\";var hupso_toolbar_size_t=\"medium\";var hupso_image_folder_url = \"\";var hupso_twitter_via=\"hectorops\";var hupso_url_t=\"\";var hupso_title_t=\"Himno%20para%20la%20Solemnidad%20de%20la%20Asunci%C3%B3n%20de%20la%20Sant%C3%ADsima%20Virgen%20Mar%C3%ADa\";<\/script><script type=\"text\/javascript\" src=\"http:\/\/static.hupso.com\/share\/js\/share_toolbar.js\"><\/script><!-- Hupso Share Buttons --><\/div>","protected":false},"author":1,"featured_media":0,"comment_status":"open","ping_status":"open","sticky":false,"template":"","format":"standard","meta":{"jetpack_post_was_ever_published":false,"_jetpack_newsletter_access":"","_jetpack_newsletter_tier_id":0,"jetpack_publicize_message":"","jetpack_is_tweetstorm":false,"jetpack_publicize_feature_enabled":true,"jetpack_social_post_already_shared":true,"jetpack_social_options":{"image_generator_settings":{"template":"highway","enabled":false}}},"categories":[1],"tags":[257,258,259,135],"jetpack_publicize_connections":[],"jetpack_featured_media_url":"","jetpack_shortlink":"https:\/\/wp.me\/p3bBgS-rj","jetpack_sharing_enabled":true,"jetpack_likes_enabled":true,"_links":{"self":[{"href":"http:\/\/delamanodemaria.com\/index.php?rest_route=\/wp\/v2\/posts\/1693"}],"collection":[{"href":"http:\/\/delamanodemaria.com\/index.php?rest_route=\/wp\/v2\/posts"}],"about":[{"href":"http:\/\/delamanodemaria.com\/index.php?rest_route=\/wp\/v2\/types\/post"}],"author":[{"embeddable":true,"href":"http:\/\/delamanodemaria.com\/index.php?rest_route=\/wp\/v2\/users\/1"}],"replies":[{"embeddable":true,"href":"http:\/\/delamanodemaria.com\/index.php?rest_route=%2Fwp%2Fv2%2Fcomments&post=1693"}],"version-history":[{"count":1,"href":"http:\/\/delamanodemaria.com\/index.php?rest_route=\/wp\/v2\/posts\/1693\/revisions"}],"predecessor-version":[{"id":1695,"href":"http:\/\/delamanodemaria.com\/index.php?rest_route=\/wp\/v2\/posts\/1693\/revisions\/1695"}],"wp:attachment":[{"href":"http:\/\/delamanodemaria.com\/index.php?rest_route=%2Fwp%2Fv2%2Fmedia&parent=1693"}],"wp:term":[{"taxonomy":"category","embeddable":true,"href":"http:\/\/delamanodemaria.com\/index.php?rest_route=%2Fwp%2Fv2%2Fcategories&post=1693"},{"taxonomy":"post_tag","embeddable":true,"href":"http:\/\/delamanodemaria.com\/index.php?rest_route=%2Fwp%2Fv2%2Ftags&post=1693"}],"curies":[{"name":"wp","href":"https:\/\/api.w.org\/{rel}","templated":true}]}}