{"id":17027,"date":"2022-02-15T18:09:15","date_gmt":"2022-02-15T22:09:15","guid":{"rendered":"http:\/\/delamanodemaria.com\/?p=17027"},"modified":"2022-02-15T18:09:15","modified_gmt":"2022-02-15T22:09:15","slug":"reflexion-para-el-miercoles-de-la-sexta-semana-del-t-o-2-16-02-22","status":"publish","type":"post","link":"http:\/\/delamanodemaria.com\/?p=17027","title":{"rendered":"REFLEXI\u00d3N PARA EL MI\u00c9RCOLES DE LA SEXTA SEMANA DEL T.O. (2) 16-02-22"},"content":{"rendered":"\n<figure class=\"wp-block-image\"><img decoding=\"async\" loading=\"lazy\" width=\"512\" height=\"293\" src=\"http:\/\/delamanodemaria.com\/wp-content\/uploads\/2018\/11\/ciego-med.jpg\" alt=\"\" class=\"wp-image-10694\" srcset=\"http:\/\/delamanodemaria.com\/wp-content\/uploads\/2018\/11\/ciego-med.jpg 512w, http:\/\/delamanodemaria.com\/wp-content\/uploads\/2018\/11\/ciego-med-300x172.jpg 300w, http:\/\/delamanodemaria.com\/wp-content\/uploads\/2018\/11\/ciego-med-500x286.jpg 500w\" sizes=\"(max-width: 512px) 100vw, 512px\" \/><figcaption>Jes\u00fas primero le unt\u00f3 saliva en los ojos y le impuso las manos. Luego dialog\u00f3 con \u00e9l: \u201c\u00bfVes algo?\u201d. <\/figcaption><\/figure>\n\n\n\n<p class=\"has-drop-cap\">El pasaje evang\u00e9lico que la liturgia nos\nbrinda para hoy (Mc 8,22-26) nos presenta la primera de dos curaciones de un\nciego en el evangelio seg\u00fan san Marcos. La que leemos hoy se realiza en\nBetsaida; la segunda ser\u00e1 la del ciego Bartimeo, en Jeric\u00f3 (Mc 10,46-52). Y\nresulta curioso notar que aunque en tiempo y lugares distintos, ambas se dan en\nel mismo contexto: la falta de comprensi\u00f3n por parte de los disc\u00edpulos de su\nense\u00f1anza. La de hoy se da luego de que Jes\u00fas les advirtiera que se cuidaran de\nla \u201clevadura\u201d de los fariseos y de Herodes, y estos pensaron que se refer\u00eda al\nhecho de que solamente ten\u00edan un pedazo de pan: \u201c\u00bfNo acab\u00e1is de entender? \u00bfTan\ntorpes sois? \u00bfPara qu\u00e9 os sirven los ojos si no veis, y los o\u00eddos si no o\u00eds?\u201d\n(vv. 17-18).<\/p>\n\n\n\n<p>Al colocar este milagro en este punto de su\nrelato, Marcos parece querer resaltar la \u201cceguera\u201d de los fariseos y los\ndisc\u00edpulos, que \u201ctienen ojos y no ven\u201d. En este caso, al igual que en la\ncuraci\u00f3n del sordomudo en (7,31-37), Jes\u00fas hace uso de signos o gestos sensibles\nque le permitan al sujeto percibir la realidad sobrenatural que est\u00e1 sucediendo;\nalgo as\u00ed como el \u201csigno\u201d de los sacramentos, constituido por elementos\nmateriales y gestos, unidos a la \u201cforma\u201d sacramental. Nos dice la narraci\u00f3n que\nJes\u00fas tom\u00f3 al hombre de la mano y lo sac\u00f3 de la aldea (ya hemos establecido\nanteriormente que Jes\u00fas no busca protagonismo). Luego \u201cle unt\u00f3 saliva en los\nojos, le impuso las manos y le pregunt\u00f3: \u2018\u00bfVes algo?\u2019\u201d. Jes\u00fas quiere que la\npersona est\u00e9 consciente de lo que Jes\u00fas est\u00e1 obrando en \u00e9l; para permitirle\n\u201crecibir\u201d el milagro.<\/p>\n\n\n\n<p>Esta curaci\u00f3n tiene una peculiaridad que\ntampoco podemos pasar por alto. La recuperaci\u00f3n de la vista por parte del ciego\nno es instant\u00e1nea; es gradual, por etapas. Jes\u00fas primero le unt\u00f3 saliva en los\nojos y le impuso las manos. Luego dialog\u00f3 con \u00e9l: \u201c\u00bfVes algo?\u201d. El hombre\ncomenz\u00f3 a ver, pero no con claridad: \u201cVeo hombres, me parecen \u00e1rboles, pero\nandan\u201d. Jes\u00fas le impuso las manos por segunda vez al hombre, y entonces\nrecuper\u00f3 la vista.<\/p>\n\n\n\n<p>Mediante esta curaci\u00f3n \u201cpor etapas\u201d Marcos\nparece apuntar al proceso gradual de conversi\u00f3n de los disc\u00edpulos, quienes con\nla ayuda de Jes\u00fas ir\u00edan poco a poco captando el mensaje que Jes\u00fas intentaba\ntransmitirles a trav\u00e9s de su Palabra. As\u00ed es tambi\u00e9n nuestro proceso de\nconversi\u00f3n, que va adelantado gradualmente mientras maduramos nuestra fe; un\nproceso que durar\u00e1 toda nuestra vida, hasta que finalmente veamos el rostro de\nDios (<em>Cfr<\/em>. Ap 22, 4).<\/p>\n\n\n\n<p>Nos llama la atenci\u00f3n tambi\u00e9n el hecho de que\nen este caso, al igual que en el del sordomudo de nacimiento, Jes\u00fas utilice el s\u00edmbolo\nde imponer saliva; en el pasaje de hoy sobre los ojos, y en aqu\u00e9l otro sobre la\nlengua. La saliva se genera en la boca, que es de donde sale la Palabra, que es\nDios, y tiene poder sanador para aqu\u00e9l que la escucha y acepta.<\/p>\n\n\n\n<p>Hoy, pidamos al Se\u00f1or que nos unja con la saliva\nde su Palabra y sea paciente con nosotros, hasta lograr eliminar todo aquello\nque nos impide verle con claridad.<\/p>\n<div style=\"padding-bottom:20px; padding-top:10px;\" class=\"hupso-share-buttons\"><!-- Hupso Share Buttons - https:\/\/www.hupso.com\/share\/ --><a class=\"hupso_toolbar\" href=\"https:\/\/www.hupso.com\/share\/\"><img src=\"http:\/\/static.hupso.com\/share\/buttons\/lang\/es\/share-medium.png\" style=\"border:0px; padding-top: 5px; float:left;\" alt=\"Share Button\"\/><\/a><script type=\"text\/javascript\">var hupso_services_t=new Array(\"Twitter\",\"Facebook\",\"Google Plus\",\"Pinterest\",\"Linkedin\",\"Email\",\"Print\");var hupso_background_t=\"#EAF4FF\";var hupso_border_t=\"#66CCFF\";var hupso_toolbar_size_t=\"medium\";var hupso_image_folder_url = \"\";var hupso_twitter_via=\"hectorops\";var hupso_url_t=\"\";var hupso_title_t=\"REFLEXI%C3%93N%20PARA%20EL%20MI%C3%89RCOLES%20DE%20LA%20SEXTA%20SEMANA%20DEL%20T.O.%20%282%29%2016-02-22\";<\/script><script type=\"text\/javascript\" src=\"http:\/\/static.hupso.com\/share\/js\/share_toolbar.js\"><\/script><!-- Hupso Share Buttons --><\/div>","protected":false},"excerpt":{"rendered":"<p>El pasaje evang\u00e9lico que la liturgia nos brinda para hoy (Mc 8,22-26) nos presenta la primera de dos curaciones de un ciego en el evangelio seg\u00fan san Marcos. La que leemos hoy se realiza en Betsaida; la segunda ser\u00e1 la &hellip; <a href=\"http:\/\/delamanodemaria.com\/?p=17027\">Continue reading <span class=\"meta-nav\">&rarr;<\/span><\/a><\/p>\n<div style=\"padding-bottom:20px; padding-top:10px;\" class=\"hupso-share-buttons\"><!-- Hupso Share Buttons - https:\/\/www.hupso.com\/share\/ --><a class=\"hupso_toolbar\" href=\"https:\/\/www.hupso.com\/share\/\"><img src=\"http:\/\/static.hupso.com\/share\/buttons\/lang\/es\/share-medium.png\" style=\"border:0px; padding-top: 5px; float:left;\" alt=\"Share Button\"\/><\/a><script type=\"text\/javascript\">var hupso_services_t=new Array(\"Twitter\",\"Facebook\",\"Google Plus\",\"Pinterest\",\"Linkedin\",\"Email\",\"Print\");var hupso_background_t=\"#EAF4FF\";var hupso_border_t=\"#66CCFF\";var hupso_toolbar_size_t=\"medium\";var hupso_image_folder_url = \"\";var hupso_twitter_via=\"hectorops\";var hupso_url_t=\"\";var hupso_title_t=\"REFLEXI%C3%93N%20PARA%20EL%20MI%C3%89RCOLES%20DE%20LA%20SEXTA%20SEMANA%20DEL%20T.O.%20%282%29%2016-02-22\";<\/script><script type=\"text\/javascript\" src=\"http:\/\/static.hupso.com\/share\/js\/share_toolbar.js\"><\/script><!-- Hupso Share Buttons --><\/div>","protected":false},"author":1,"featured_media":10694,"comment_status":"open","ping_status":"open","sticky":false,"template":"","format":"standard","meta":{"jetpack_post_was_ever_published":false,"_jetpack_newsletter_access":"","_jetpack_newsletter_tier_id":0,"jetpack_publicize_message":"","jetpack_is_tweetstorm":false,"jetpack_publicize_feature_enabled":true,"jetpack_social_post_already_shared":true,"jetpack_social_options":{"image_generator_settings":{"template":"highway","enabled":false}}},"categories":[1],"tags":[2407,2579,1053,302,3177,5046,3200,3686,881,138,1473,2,1817,5045,1816,722],"jetpack_publicize_connections":[],"jetpack_featured_media_url":"http:\/\/delamanodemaria.com\/wp-content\/uploads\/2018\/11\/ciego-med.jpg","jetpack_shortlink":"https:\/\/wp.me\/p3bBgS-4qD","jetpack_sharing_enabled":true,"jetpack_likes_enabled":true,"_links":{"self":[{"href":"http:\/\/delamanodemaria.com\/index.php?rest_route=\/wp\/v2\/posts\/17027"}],"collection":[{"href":"http:\/\/delamanodemaria.com\/index.php?rest_route=\/wp\/v2\/posts"}],"about":[{"href":"http:\/\/delamanodemaria.com\/index.php?rest_route=\/wp\/v2\/types\/post"}],"author":[{"embeddable":true,"href":"http:\/\/delamanodemaria.com\/index.php?rest_route=\/wp\/v2\/users\/1"}],"replies":[{"embeddable":true,"href":"http:\/\/delamanodemaria.com\/index.php?rest_route=%2Fwp%2Fv2%2Fcomments&post=17027"}],"version-history":[{"count":2,"href":"http:\/\/delamanodemaria.com\/index.php?rest_route=\/wp\/v2\/posts\/17027\/revisions"}],"predecessor-version":[{"id":17029,"href":"http:\/\/delamanodemaria.com\/index.php?rest_route=\/wp\/v2\/posts\/17027\/revisions\/17029"}],"wp:featuredmedia":[{"embeddable":true,"href":"http:\/\/delamanodemaria.com\/index.php?rest_route=\/wp\/v2\/media\/10694"}],"wp:attachment":[{"href":"http:\/\/delamanodemaria.com\/index.php?rest_route=%2Fwp%2Fv2%2Fmedia&parent=17027"}],"wp:term":[{"taxonomy":"category","embeddable":true,"href":"http:\/\/delamanodemaria.com\/index.php?rest_route=%2Fwp%2Fv2%2Fcategories&post=17027"},{"taxonomy":"post_tag","embeddable":true,"href":"http:\/\/delamanodemaria.com\/index.php?rest_route=%2Fwp%2Fv2%2Ftags&post=17027"}],"curies":[{"name":"wp","href":"https:\/\/api.w.org\/{rel}","templated":true}]}}