{"id":17049,"date":"2022-02-21T16:39:51","date_gmt":"2022-02-21T20:39:51","guid":{"rendered":"http:\/\/delamanodemaria.com\/?p=17049"},"modified":"2022-02-21T16:39:51","modified_gmt":"2022-02-21T20:39:51","slug":"reflexion-para-la-fiesta-de-la-catedra-del-apostol-san-pedro-22-02-22","status":"publish","type":"post","link":"http:\/\/delamanodemaria.com\/?p=17049","title":{"rendered":"REFLEXI\u00d3N PARA LA FIESTA DE LA C\u00c1TEDRA DEL AP\u00d3STOL SAN PEDRO 22-02-22"},"content":{"rendered":"\n<figure class=\"wp-block-image\"><img decoding=\"async\" loading=\"lazy\" width=\"681\" height=\"291\" src=\"http:\/\/delamanodemaria.com\/wp-content\/uploads\/2020\/02\/Te-dare-las-llaves.jpg\" alt=\"\" class=\"wp-image-13067\" srcset=\"http:\/\/delamanodemaria.com\/wp-content\/uploads\/2020\/02\/Te-dare-las-llaves.jpg 681w, http:\/\/delamanodemaria.com\/wp-content\/uploads\/2020\/02\/Te-dare-las-llaves-300x128.jpg 300w, http:\/\/delamanodemaria.com\/wp-content\/uploads\/2020\/02\/Te-dare-las-llaves-500x214.jpg 500w\" sizes=\"(max-width: 681px) 100vw, 681px\" \/><figcaption>\u201cTe dar\u00e9 las llaves del reino de los cielos; lo que ates en la tierra quedar\u00e1 atado en el cielo, y lo que desates en la tierra quedar\u00e1 desatado en el cielo\u201d. <\/figcaption><\/figure>\n\n\n\n<p class=\"has-drop-cap\">Hoy celebramos la Fiesta lit\u00fargica de la\nC\u00e1tedra de San Pedro. Esta festividad se remonta al siglo IV, y con ella se\nrinde homenaje al primado y la autoridad de Pedro. La palabra \u201cc\u00e1tedra\u201d\nliteralmente significa \u201csilla\u201d o \u201ctrono\u201d, y se refiere al asiento o trono desde\nel cual un obispo predica. De esta palabra se deriva tambi\u00e9n la palabra\n\u201ccatedral\u201d, que es el templo donde ubica la c\u00e1tedra del obispo de una di\u00f3cesis.\nPor ejemplo, el Papa es el obispo de Roma y, como tal, tiene su c\u00e1tedra en la\nArchibas\u00edlica de San Juan de Letr\u00e1n, que es la Catedral de Roma.<\/p>\n\n\n\n<p>La festividad que celebramos hoy nos recuerda\nel ministerio especial que el mismo Jes\u00fas encomend\u00f3 a san Pedro como jefe de\nlos ap\u00f3stoles de \u201cconfirmar y guiar a la Iglesia en la unidad de la fe\u201d (JP\nII). El llamado <em>ministerio petrino<\/em>, que m\u00e1s que una posici\u00f3n de\nautoridad es un llamado a servir a todo el pueblo cristiano. Un verdadero\nPastor que cuida de sus ovejas.<\/p>\n\n\n\n<p>Y a prop\u00f3sito de la festividad, la liturgia\nnos presenta como primera lectura un pasaje de la primera carta del ap\u00f3stol san\nPedro (5,1-4), dirigido a los presb\u00edteros que vigilan (<em>episkopo\u00fantes<\/em> = que cumplen la tarea de vigilar; palabra derivada\nde <em>ep\u00edskopos<\/em> = vigilante), o sea, a\nlos obispos. Pedro echa mano de la figura del pastor que encontramos en el\nAntiguo Testamento (<em>Cfr<\/em>. Sal 23), y que\nJes\u00fas mismo se atribuye (Jn 10,11). Esta figura del pastor vigilante tiene sus\nra\u00edces en la historia y la tradici\u00f3n del pueblo jud\u00edo como pueblo n\u00f3mada. Dios\nes el Pastor y el pueblo su reba\u00f1o. En la misma primera carta, Pedro se refiere\na Jes\u00fas como <em>ep\u00edskopos<\/em> (2,25).<\/p>\n\n\n\n<p>Los consejos que Pedro da a los pastores\nreflejan el esp\u00edritu de servicio y entrega con que \u00e9stos deben gobernar al\npueblo, \u201cno como d\u00e9spotas sobre la heredad de Dios, sino convirti\u00e9ndoos en\nmodelos del reba\u00f1o\u201d.<\/p>\n\n\n\n<p>La lectura evang\u00e9lica (Mt 16,13-19) nos\npresenta el pasaje del primado de Pedro. En este pasaje Jes\u00fas instituye a Pedro\ncomo cabeza y jefe de la Iglesia: \u201cAhora te digo yo: T\u00fa eres Pedro, y sobre\nesta piedra edificar\u00e9 mi Iglesia, y el poder del infierno no la derrotar\u00e1. Te\ndar\u00e9 las llaves del reino de los cielos; lo que ates en la tierra quedar\u00e1 atado\nen el cielo, y lo que desates en la tierra quedar\u00e1 desatado en el cielo\u201d.<\/p>\n\n\n\n<p>Podr\u00edamos dedicar varias reflexiones a\nanalizar y exponer el alcance de estas palabras pronunciadas por Jes\u00fas y la autoridad\nconferida a Pedro mediante las mismas, pero hoy nos limitaremos a se\u00f1alar que\nPedro entendi\u00f3 el alcance de su encomienda a la luz de las ense\u00f1anzas del que vino\na servir y no a ser servido (Mt 20,28). As\u00ed lo refleja en su primera carta que\nacabamos de leer hoy.<\/p>\n\n\n\n<p>Ese mismo esp\u00edritu lo recoger\u00eda siglos m\u00e1s\ntarde el Papa <em>Gregorio Magno<\/em> al\nrechazar el t\u00edtulo de \u201ccabeza de la Iglesia\u201d y sustituirlo por <em>Servus servorum Dei<\/em> (Siervo de los\nsiervos de Dios), t\u00edtulo que subsiste hoy en d\u00eda. Desde el comienzo de su\npapado, el papa Francisco, haci\u00e9ndose eco de ese mismo esp\u00edritu ha llamado a\nlos presb\u00edteros y obispos a ser \u201cpastores con olor a oveja\u201d.<\/p>\n\n\n\n<p>En esta Fiesta les invito a elevar una oraci\u00f3n\nespecial por nuestro papa Francisco, para que el Esp\u00edritu lo proteja de las\nacechanzas del maligno y contin\u00fae gui\u00e1ndolo en su ministerio para nuestro bien\ny el de toda Su santa Iglesia.<\/p>\n<div style=\"padding-bottom:20px; padding-top:10px;\" class=\"hupso-share-buttons\"><!-- Hupso Share Buttons - https:\/\/www.hupso.com\/share\/ --><a class=\"hupso_toolbar\" href=\"https:\/\/www.hupso.com\/share\/\"><img src=\"http:\/\/static.hupso.com\/share\/buttons\/lang\/es\/share-medium.png\" style=\"border:0px; padding-top: 5px; float:left;\" alt=\"Share Button\"\/><\/a><script type=\"text\/javascript\">var hupso_services_t=new Array(\"Twitter\",\"Facebook\",\"Google Plus\",\"Pinterest\",\"Linkedin\",\"Email\",\"Print\");var hupso_background_t=\"#EAF4FF\";var hupso_border_t=\"#66CCFF\";var hupso_toolbar_size_t=\"medium\";var hupso_image_folder_url = \"\";var hupso_twitter_via=\"hectorops\";var hupso_url_t=\"\";var hupso_title_t=\"REFLEXI%C3%93N%20PARA%20LA%20FIESTA%20DE%20LA%20C%C3%81TEDRA%20DEL%20AP%C3%93STOL%20SAN%20PEDRO%2022-02-22\";<\/script><script type=\"text\/javascript\" src=\"http:\/\/static.hupso.com\/share\/js\/share_toolbar.js\"><\/script><!-- Hupso Share Buttons --><\/div>","protected":false},"excerpt":{"rendered":"<p>Hoy celebramos la Fiesta lit\u00fargica de la C\u00e1tedra de San Pedro. Esta festividad se remonta al siglo IV, y con ella se rinde homenaje al primado y la autoridad de Pedro. La palabra \u201cc\u00e1tedra\u201d literalmente significa \u201csilla\u201d o \u201ctrono\u201d, y &hellip; <a href=\"http:\/\/delamanodemaria.com\/?p=17049\">Continue reading <span class=\"meta-nav\">&rarr;<\/span><\/a><\/p>\n<div style=\"padding-bottom:20px; padding-top:10px;\" class=\"hupso-share-buttons\"><!-- Hupso Share Buttons - https:\/\/www.hupso.com\/share\/ --><a class=\"hupso_toolbar\" href=\"https:\/\/www.hupso.com\/share\/\"><img src=\"http:\/\/static.hupso.com\/share\/buttons\/lang\/es\/share-medium.png\" style=\"border:0px; padding-top: 5px; float:left;\" alt=\"Share Button\"\/><\/a><script type=\"text\/javascript\">var hupso_services_t=new Array(\"Twitter\",\"Facebook\",\"Google Plus\",\"Pinterest\",\"Linkedin\",\"Email\",\"Print\");var hupso_background_t=\"#EAF4FF\";var hupso_border_t=\"#66CCFF\";var hupso_toolbar_size_t=\"medium\";var hupso_image_folder_url = \"\";var hupso_twitter_via=\"hectorops\";var hupso_url_t=\"\";var hupso_title_t=\"REFLEXI%C3%93N%20PARA%20LA%20FIESTA%20DE%20LA%20C%C3%81TEDRA%20DEL%20AP%C3%93STOL%20SAN%20PEDRO%2022-02-22\";<\/script><script type=\"text\/javascript\" src=\"http:\/\/static.hupso.com\/share\/js\/share_toolbar.js\"><\/script><!-- Hupso Share Buttons --><\/div>","protected":false},"author":1,"featured_media":13067,"comment_status":"open","ping_status":"open","sticky":false,"template":"","format":"standard","meta":{"jetpack_post_was_ever_published":false,"_jetpack_newsletter_access":"","_jetpack_newsletter_tier_id":0,"jetpack_publicize_message":"","jetpack_is_tweetstorm":false,"jetpack_publicize_feature_enabled":true,"jetpack_social_post_already_shared":true,"jetpack_social_options":{"image_generator_settings":{"template":"highway","enabled":false}}},"categories":[1],"tags":[2820,1091,1821,335,2203,2204,1007,1820,2593,312,2221,760,785,910,311,2,1920,2821,462,3697,722,3184,3699],"jetpack_publicize_connections":[],"jetpack_featured_media_url":"http:\/\/delamanodemaria.com\/wp-content\/uploads\/2020\/02\/Te-dare-las-llaves.jpg","jetpack_shortlink":"https:\/\/wp.me\/p3bBgS-4qZ","jetpack_sharing_enabled":true,"jetpack_likes_enabled":true,"_links":{"self":[{"href":"http:\/\/delamanodemaria.com\/index.php?rest_route=\/wp\/v2\/posts\/17049"}],"collection":[{"href":"http:\/\/delamanodemaria.com\/index.php?rest_route=\/wp\/v2\/posts"}],"about":[{"href":"http:\/\/delamanodemaria.com\/index.php?rest_route=\/wp\/v2\/types\/post"}],"author":[{"embeddable":true,"href":"http:\/\/delamanodemaria.com\/index.php?rest_route=\/wp\/v2\/users\/1"}],"replies":[{"embeddable":true,"href":"http:\/\/delamanodemaria.com\/index.php?rest_route=%2Fwp%2Fv2%2Fcomments&post=17049"}],"version-history":[{"count":2,"href":"http:\/\/delamanodemaria.com\/index.php?rest_route=\/wp\/v2\/posts\/17049\/revisions"}],"predecessor-version":[{"id":17051,"href":"http:\/\/delamanodemaria.com\/index.php?rest_route=\/wp\/v2\/posts\/17049\/revisions\/17051"}],"wp:featuredmedia":[{"embeddable":true,"href":"http:\/\/delamanodemaria.com\/index.php?rest_route=\/wp\/v2\/media\/13067"}],"wp:attachment":[{"href":"http:\/\/delamanodemaria.com\/index.php?rest_route=%2Fwp%2Fv2%2Fmedia&parent=17049"}],"wp:term":[{"taxonomy":"category","embeddable":true,"href":"http:\/\/delamanodemaria.com\/index.php?rest_route=%2Fwp%2Fv2%2Fcategories&post=17049"},{"taxonomy":"post_tag","embeddable":true,"href":"http:\/\/delamanodemaria.com\/index.php?rest_route=%2Fwp%2Fv2%2Ftags&post=17049"}],"curies":[{"name":"wp","href":"https:\/\/api.w.org\/{rel}","templated":true}]}}