{"id":17361,"date":"2022-04-24T14:39:33","date_gmt":"2022-04-24T18:39:33","guid":{"rendered":"http:\/\/delamanodemaria.com\/?p=17361"},"modified":"2022-04-24T14:39:33","modified_gmt":"2022-04-24T18:39:33","slug":"reflexion-para-la-fiesta-de-san-marcos-evangelista-25-04-22","status":"publish","type":"post","link":"http:\/\/delamanodemaria.com\/?p=17361","title":{"rendered":"REFLEXI\u00d3N PARA LA FIESTA DE SAN MARCOS, EVANGELISTA 25-04-22"},"content":{"rendered":"\n<figure class=\"wp-block-image\"><img decoding=\"async\" loading=\"lazy\" width=\"870\" height=\"339\" src=\"http:\/\/delamanodemaria.com\/wp-content\/uploads\/2022\/04\/Id-por-todo-el-mundo-3.jpg\" alt=\"\" class=\"wp-image-17363\" srcset=\"http:\/\/delamanodemaria.com\/wp-content\/uploads\/2022\/04\/Id-por-todo-el-mundo-3.jpg 870w, http:\/\/delamanodemaria.com\/wp-content\/uploads\/2022\/04\/Id-por-todo-el-mundo-3-300x117.jpg 300w, http:\/\/delamanodemaria.com\/wp-content\/uploads\/2022\/04\/Id-por-todo-el-mundo-3-768x299.jpg 768w, http:\/\/delamanodemaria.com\/wp-content\/uploads\/2022\/04\/Id-por-todo-el-mundo-3-500x195.jpg 500w\" sizes=\"(max-width: 870px) 100vw, 870px\" \/><figcaption> <br>A sus disc\u00edpulos (s\u00ed, a ti y a m\u00ed) Jes\u00fas nos encarg\u00f3 continuar su misi\u00f3n en el mundo y en la historia, hasta que vuelva. <\/figcaption><\/figure>\n\n\n\n<p class=\"has-drop-cap\">Hoy hacemos un par\u00e9ntesis en la liturgia\nPascual para celebrar la Fiesta de san Marcos, evangelista. Marcos no fue uno\nde \u201clos doce\u201d. Seg\u00fan Pap\u00edas de Hier\u00e1polis fue <em>hermeneguo<\/em>, es decir amanuense o int\u00e9rprete de Pedro. Escribi\u00f3 su\nrelato evang\u00e9lico entre los a\u00f1os 65-70, siendo el primero en escribirse,\ncronol\u00f3gicamente. Marcos escribe para los paganos de la regi\u00f3n it\u00e1lica, con el\nobjetivo de demostrarles que Jes\u00fas es Dios.<\/p>\n\n\n\n<p>Para esta Fiesta la liturgia nos presenta\nparte de la conclusi\u00f3n de su relato evang\u00e9lico (Mc 16,15-20), que algunos\nestudiosos sostienen fue a\u00f1adida posteriormente, ya que parece ser un conjunto\nde episodios extra\u00eddos de los relatos pascuales de otros evangelios escritos\nposteriormente (la parte que se piensa fue a\u00f1adida comprende los vv. 9-20).<\/p>\n\n\n\n<p>El pasaje incluye dos \u201ctiempos\u201d distintos,\nseparados por el fen\u00f3meno de la Ascensi\u00f3n, que aunque no se describe, se\nafirma: \u201cDespu\u00e9s de hablarles, el Se\u00f1or Jes\u00fas subi\u00f3 al cielo y se sent\u00f3 a la\nderecha de Dios\u201d. En la primera parte del pasaje, cuando encomienda a \u201clos\nOnce\u201d la misi\u00f3n de ir al mundo entero y proclamar el Evangelio a toda la\ncreaci\u00f3n, el evangelista se refiere a \u00c9l como \u201cJes\u00fas\u201d. En el momento justo\nantes de \u201csubir al cielo\u201d y sentarse a la derecha del Padre (signo de igualdad),\nse refiere a \u00c9l como \u201cSe\u00f1or Jes\u00fas\u201d. Con esa f\u00f3rmula se confiesa la fe\napost\u00f3lica recogida en el Credo: que Jes\u00fas (el nacido de Santa Mar\u00eda Virgen,\nque padeci\u00f3 bajo el poder de Poncio Pilato) es el Se\u00f1or resucitado que ha sido\nglorificado. Y que ese Jes\u00fas es Dios, igual al Padre.<\/p>\n\n\n\n<p>Otra cosa surge claramente de este pasaje: que\nlos disc\u00edpulos de Jes\u00fas hemos de continuar la misi\u00f3n de Jes\u00fas, es decir,\nproclamar a todos la Buena Noticia (\u201cEvangelio\u201d) del Reino y seguir sus pasos.<\/p>\n\n\n\n<p>Hay una parte de este relato que siempre me ha\nllamado la atenci\u00f3n, sobre todo porque algunas sectas fundamentalistas la\ninterpretan literalmente (lo que, por cierto, ha causado un n\u00famero considerable\nde muertes). Me refiero a la parte en que Jes\u00fas dice a los ap\u00f3stoles: \u201cA los que\ncrean, les acompa\u00f1ar\u00e1n estos signos: echar\u00e1n demonios en mi nombre, hablar\u00e1n\nlenguas nuevas, coger\u00e1n serpientes en sus manos y, si beben un veneno mortal,\nno les har\u00e1 da\u00f1o. Impondr\u00e1n las manos a los enfermos, y quedar\u00e1n sanos\u201d.<\/p>\n\n\n\n<p>No hay duda, a los creyentes nos acompa\u00f1ar\u00e1n\nesos signos. Expulsaremos demonios, es decir, la fe en Jes\u00fas nos ayudar\u00e1\nerradicar el mal del mundo en Su nombre. Hablaremos nuevas lenguas, o sea, un\nnuevo lenguaje de amor, fraternidad, paz y comunicaci\u00f3n entre los hombres.\nCogeremos serpientes con las manos, es decir, cogeremos y expulsaremos toda\nclase de males como el discrimen, la corrupci\u00f3n, las cosas repugnantes y\nmalignas que da\u00f1an al hombre. Tampoco habr\u00e1 \u201cvenenos\u201d que puedan da\u00f1arnos, pues\na\u00fan aquellos que logren calumniarnos con el veneno de sus mentiras no podr\u00e1n\nda\u00f1arnos, porque todo ello se convierte en bien para los que aman al Se\u00f1or.\nFinalmente, la Buena Noticia del Reino se convierte en fuente de alivio para\nlos pobres y enfermos.<\/p>\n\n\n\n<p>Jes\u00fas \u201csubi\u00f3 al cielo y se sent\u00f3 a la derecha\ndel Padre\u201d, pero a sus disc\u00edpulos (s\u00ed, a ti y a m\u00ed) nos encarg\u00f3 continuar su misi\u00f3n\nen el mundo y en la historia, hasta que vuelva. As\u00ed que: \u00a1manos a la obra!<\/p>\n<div style=\"padding-bottom:20px; padding-top:10px;\" class=\"hupso-share-buttons\"><!-- Hupso Share Buttons - https:\/\/www.hupso.com\/share\/ --><a class=\"hupso_toolbar\" href=\"https:\/\/www.hupso.com\/share\/\"><img src=\"http:\/\/static.hupso.com\/share\/buttons\/lang\/es\/share-medium.png\" style=\"border:0px; padding-top: 5px; float:left;\" alt=\"Share Button\"\/><\/a><script type=\"text\/javascript\">var hupso_services_t=new Array(\"Twitter\",\"Facebook\",\"Google Plus\",\"Pinterest\",\"Linkedin\",\"Email\",\"Print\");var hupso_background_t=\"#EAF4FF\";var hupso_border_t=\"#66CCFF\";var hupso_toolbar_size_t=\"medium\";var hupso_image_folder_url = \"\";var hupso_twitter_via=\"hectorops\";var hupso_url_t=\"\";var hupso_title_t=\"REFLEXI%C3%93N%20PARA%20LA%20FIESTA%20DE%20SAN%20MARCOS%2C%20EVANGELISTA%2025-04-22\";<\/script><script type=\"text\/javascript\" src=\"http:\/\/static.hupso.com\/share\/js\/share_toolbar.js\"><\/script><!-- Hupso Share Buttons --><\/div>","protected":false},"excerpt":{"rendered":"<p>Hoy hacemos un par\u00e9ntesis en la liturgia Pascual para celebrar la Fiesta de san Marcos, evangelista. Marcos no fue uno de \u201clos doce\u201d. Seg\u00fan Pap\u00edas de Hier\u00e1polis fue hermeneguo, es decir amanuense o int\u00e9rprete de Pedro. Escribi\u00f3 su relato evang\u00e9lico &hellip; <a href=\"http:\/\/delamanodemaria.com\/?p=17361\">Continue reading <span class=\"meta-nav\">&rarr;<\/span><\/a><\/p>\n<div style=\"padding-bottom:20px; padding-top:10px;\" class=\"hupso-share-buttons\"><!-- Hupso Share Buttons - https:\/\/www.hupso.com\/share\/ --><a class=\"hupso_toolbar\" href=\"https:\/\/www.hupso.com\/share\/\"><img src=\"http:\/\/static.hupso.com\/share\/buttons\/lang\/es\/share-medium.png\" style=\"border:0px; padding-top: 5px; float:left;\" alt=\"Share Button\"\/><\/a><script type=\"text\/javascript\">var hupso_services_t=new Array(\"Twitter\",\"Facebook\",\"Google Plus\",\"Pinterest\",\"Linkedin\",\"Email\",\"Print\");var hupso_background_t=\"#EAF4FF\";var hupso_border_t=\"#66CCFF\";var hupso_toolbar_size_t=\"medium\";var hupso_image_folder_url = \"\";var hupso_twitter_via=\"hectorops\";var hupso_url_t=\"\";var hupso_title_t=\"REFLEXI%C3%93N%20PARA%20LA%20FIESTA%20DE%20SAN%20MARCOS%2C%20EVANGELISTA%2025-04-22\";<\/script><script type=\"text\/javascript\" src=\"http:\/\/static.hupso.com\/share\/js\/share_toolbar.js\"><\/script><!-- Hupso Share Buttons --><\/div>","protected":false},"author":1,"featured_media":17363,"comment_status":"open","ping_status":"open","sticky":false,"template":"","format":"standard","meta":{"jetpack_post_was_ever_published":false,"_jetpack_newsletter_access":"","_jetpack_newsletter_tier_id":0,"jetpack_publicize_message":"","jetpack_is_tweetstorm":false,"jetpack_publicize_feature_enabled":true,"jetpack_social_post_already_shared":true,"jetpack_social_options":{"image_generator_settings":{"template":"highway","enabled":false}}},"categories":[1],"tags":[1281,128,70,299,3883,3200,1007,3882,3880,3884,1989,3878,112,3879,42,3881,2,885,1890,458,1938],"jetpack_publicize_connections":[],"jetpack_featured_media_url":"http:\/\/delamanodemaria.com\/wp-content\/uploads\/2022\/04\/Id-por-todo-el-mundo-3.jpg","jetpack_shortlink":"https:\/\/wp.me\/p3bBgS-4w1","jetpack_sharing_enabled":true,"jetpack_likes_enabled":true,"_links":{"self":[{"href":"http:\/\/delamanodemaria.com\/index.php?rest_route=\/wp\/v2\/posts\/17361"}],"collection":[{"href":"http:\/\/delamanodemaria.com\/index.php?rest_route=\/wp\/v2\/posts"}],"about":[{"href":"http:\/\/delamanodemaria.com\/index.php?rest_route=\/wp\/v2\/types\/post"}],"author":[{"embeddable":true,"href":"http:\/\/delamanodemaria.com\/index.php?rest_route=\/wp\/v2\/users\/1"}],"replies":[{"embeddable":true,"href":"http:\/\/delamanodemaria.com\/index.php?rest_route=%2Fwp%2Fv2%2Fcomments&post=17361"}],"version-history":[{"count":2,"href":"http:\/\/delamanodemaria.com\/index.php?rest_route=\/wp\/v2\/posts\/17361\/revisions"}],"predecessor-version":[{"id":17364,"href":"http:\/\/delamanodemaria.com\/index.php?rest_route=\/wp\/v2\/posts\/17361\/revisions\/17364"}],"wp:featuredmedia":[{"embeddable":true,"href":"http:\/\/delamanodemaria.com\/index.php?rest_route=\/wp\/v2\/media\/17363"}],"wp:attachment":[{"href":"http:\/\/delamanodemaria.com\/index.php?rest_route=%2Fwp%2Fv2%2Fmedia&parent=17361"}],"wp:term":[{"taxonomy":"category","embeddable":true,"href":"http:\/\/delamanodemaria.com\/index.php?rest_route=%2Fwp%2Fv2%2Fcategories&post=17361"},{"taxonomy":"post_tag","embeddable":true,"href":"http:\/\/delamanodemaria.com\/index.php?rest_route=%2Fwp%2Fv2%2Ftags&post=17361"}],"curies":[{"name":"wp","href":"https:\/\/api.w.org\/{rel}","templated":true}]}}