{"id":17419,"date":"2022-05-07T15:49:41","date_gmt":"2022-05-07T19:49:41","guid":{"rendered":"http:\/\/delamanodemaria.com\/?p=17419"},"modified":"2022-05-07T15:49:41","modified_gmt":"2022-05-07T19:49:41","slug":"reflexion-para-el-cuarto-domingo-de-pascua-domingo-del-buen-pastor-c-08-05-22","status":"publish","type":"post","link":"http:\/\/delamanodemaria.com\/?p=17419","title":{"rendered":"REFLEXI\u00d3N PARA EL CUARTO DOMINGO DE PASCUA &#8211; DOMINGO DEL BUEN PASTOR (C) 08-05-22"},"content":{"rendered":"\n<figure class=\"wp-block-image\"><img decoding=\"async\" loading=\"lazy\" width=\"620\" height=\"413\" src=\"http:\/\/delamanodemaria.com\/wp-content\/uploads\/2016\/02\/Papa-Francisco-Pastor.jpg\" alt=\"\" class=\"wp-image-6635\" srcset=\"http:\/\/delamanodemaria.com\/wp-content\/uploads\/2016\/02\/Papa-Francisco-Pastor.jpg 620w, http:\/\/delamanodemaria.com\/wp-content\/uploads\/2016\/02\/Papa-Francisco-Pastor-300x200.jpg 300w, http:\/\/delamanodemaria.com\/wp-content\/uploads\/2016\/02\/Papa-Francisco-Pastor-450x300.jpg 450w\" sizes=\"(max-width: 620px) 100vw, 620px\" \/><\/figure>\n\n\n\n<p class=\"has-drop-cap\">Hoy celebramos el cuarto domingo de Pascua, <em>domingo\ndel Buen Pastor<\/em>. En este d\u00eda tambi\u00e9n celebramos la Jornada Mundial de\nOraci\u00f3n por las vocaciones sacerdotales; aquellos que contin\u00faan en el tiempo la\nmisi\u00f3n del \u00fanico Buen Pastor que le encomend\u00f3 su reba\u00f1o a la Iglesia en la\npersona de Pedro (Jn 21,15-17).<\/p>\n\n\n\n<p>La alegor\u00eda del Buen Pastor aparece\noriginalmente en la Biblia en referencia al cuidado y protecci\u00f3n de Yahv\u00e9 hacia\nsu pueblo (ej. Salmo 23, Ez 34, e Is 40,11). En el Nuevo Testamento Jes\u00fas se\n\u201capropia\u201d de esa alegor\u00eda y se la aplica a s\u00ed mismo como el Hijo de Dios que\ncuida y salva a su reba\u00f1o. Ejemplo de ello es el cap\u00edtulo 10 de Juan, de donde\nest\u00e1 tomada la lectura evang\u00e9lica de hoy (Jn 10,27-30).<\/p>\n\n\n\n<p>La figura del pastor para simbolizar la\nprotecci\u00f3n al pueblo es antiqu\u00edsima. As\u00ed, por ejemplo, en el antiguo Egipto se\npresentaba a los faraones con dos s\u00edmbolos: un matamoscas y un cayado, y en la\nmitolog\u00eda griega se representaba al dios Hermes con un carnero sobre los\nhombros.<\/p>\n\n\n\n<p>Con esta figura se quiere representar lo\nincapaces que somos de alcanzar la salvaci\u00f3n sin la ayuda de Dios-Buen Pastor.\nLas ovejas son unos animales que tienen un cerebro bien peque\u00f1o, no aprenden. Tambi\u00e9n\ntienen una visi\u00f3n pobre. Por eso se vuelven a caer por el mismo barranco un y\notra vez y, peor a\u00fan, pelean cuando el pastor trata de ayudarlas. Es la viva\nimagen de nosotros en este dif\u00edcil camino a la santidad al que somos llamados.<\/p>\n\n\n\n<p>Pero Jes\u00fas est\u00e1 empe\u00f1ado en que ninguna de sus\novejas se pierda: \u201cMis ovejas escuchan mi voz, y yo las conozco, y ellas me\nsiguen, y yo les doy la vida eterna; no perecer\u00e1n para siempre, y nadie las\narrebatar\u00e1 de mi mano. Mi Padre, que me las ha dado, supera a todos, y nadie\npuede arrebatarlas de la mano del Padre. Yo y el Padre somos uno\u201d.<\/p>\n\n\n\n<p>Esa imagen del Buen Pastor con la oveja sobre\nlos hombros que los cristianos adoptamos se deriva de un hecho real. Cuando la\noveja nace, el pastor a lleva sobre sus hombros un rato para que esta escuche\nsu voz y se acostumbre a ella. As\u00ed le seguir\u00e1 y no se perder\u00e1. De ah\u00ed la\nalegor\u00eda: \u201cMis ovejas escuchan mi voz\u2026 y ellas me siguen\u201d. Por eso cuando nos\nalejamos de Jes\u00fas, nos encontramos desamparados y dispersos, \u201ccomo ovejas si\npastor\u201d (Mt 9,36).<\/p>\n\n\n\n<p>La segunda lectura de hoy (Ap 7,9.14b-17) nos\npresenta nuevamente la figura del Pastor, representada en el Cordero que est\u00e1\ndelante del trono, que ser\u00e1 nuestro pastor y nos \u201cconducir\u00e1 hacia fuentes de\naguas vivas\u201d.<\/p>\n\n\n\n<p>La promesa de Jes\u00fas es clara: Si escuchamos su\nvoz y le seguimos, nadie nos arrebatar\u00e1 de su mano, y \u00c9l nos dar\u00e1 la vida\neterna.<\/p>\n\n\n\n<p>Se\u00f1or, quiero escuchar tu voz; no permitas que\nlos ruidos de las cosas del mundo me distraigan y pierda mi camino, pues sin Ti\nestar\u00e9 desorientado y volver\u00e9 a caer en los mismos barrancos que la vida me\npresenta. Jes\u00fas, Buen Pastor, no me apartes de Tu vista, y si me pierdo, deja\nlas otras noventa y nueve para ir tras de m\u00ed hasta que me encuentres (Lc 15,4),\nde manera que pueda seguirte hacia la vida eterna que me has prometido.<\/p>\n<div style=\"padding-bottom:20px; padding-top:10px;\" class=\"hupso-share-buttons\"><!-- Hupso Share Buttons - https:\/\/www.hupso.com\/share\/ --><a class=\"hupso_toolbar\" href=\"https:\/\/www.hupso.com\/share\/\"><img src=\"http:\/\/static.hupso.com\/share\/buttons\/lang\/es\/share-medium.png\" style=\"border:0px; padding-top: 5px; float:left;\" alt=\"Share Button\"\/><\/a><script type=\"text\/javascript\">var hupso_services_t=new Array(\"Twitter\",\"Facebook\",\"Google Plus\",\"Pinterest\",\"Linkedin\",\"Email\",\"Print\");var hupso_background_t=\"#EAF4FF\";var hupso_border_t=\"#66CCFF\";var hupso_toolbar_size_t=\"medium\";var hupso_image_folder_url = \"\";var hupso_twitter_via=\"hectorops\";var hupso_url_t=\"\";var hupso_title_t=\"REFLEXI%C3%93N%20PARA%20EL%20CUARTO%20DOMINGO%20DE%20PASCUA%20-%20DOMINGO%20DEL%20BUEN%20PASTOR%20%28C%29%2008-05-22\";<\/script><script type=\"text\/javascript\" src=\"http:\/\/static.hupso.com\/share\/js\/share_toolbar.js\"><\/script><!-- Hupso Share Buttons --><\/div>","protected":false},"excerpt":{"rendered":"<p>Hoy celebramos el cuarto domingo de Pascua, domingo del Buen Pastor. En este d\u00eda tambi\u00e9n celebramos la Jornada Mundial de Oraci\u00f3n por las vocaciones sacerdotales; aquellos que contin\u00faan en el tiempo la misi\u00f3n del \u00fanico Buen Pastor que le encomend\u00f3 &hellip; <a href=\"http:\/\/delamanodemaria.com\/?p=17419\">Continue reading <span class=\"meta-nav\">&rarr;<\/span><\/a><\/p>\n<div style=\"padding-bottom:20px; padding-top:10px;\" class=\"hupso-share-buttons\"><!-- Hupso Share Buttons - https:\/\/www.hupso.com\/share\/ --><a class=\"hupso_toolbar\" href=\"https:\/\/www.hupso.com\/share\/\"><img src=\"http:\/\/static.hupso.com\/share\/buttons\/lang\/es\/share-medium.png\" style=\"border:0px; padding-top: 5px; float:left;\" alt=\"Share Button\"\/><\/a><script type=\"text\/javascript\">var hupso_services_t=new Array(\"Twitter\",\"Facebook\",\"Google Plus\",\"Pinterest\",\"Linkedin\",\"Email\",\"Print\");var hupso_background_t=\"#EAF4FF\";var hupso_border_t=\"#66CCFF\";var hupso_toolbar_size_t=\"medium\";var hupso_image_folder_url = \"\";var hupso_twitter_via=\"hectorops\";var hupso_url_t=\"\";var hupso_title_t=\"REFLEXI%C3%93N%20PARA%20EL%20CUARTO%20DOMINGO%20DE%20PASCUA%20-%20DOMINGO%20DEL%20BUEN%20PASTOR%20%28C%29%2008-05-22\";<\/script><script type=\"text\/javascript\" src=\"http:\/\/static.hupso.com\/share\/js\/share_toolbar.js\"><\/script><!-- Hupso Share Buttons --><\/div>","protected":false},"author":1,"featured_media":6635,"comment_status":"open","ping_status":"open","sticky":false,"template":"","format":"standard","meta":{"jetpack_post_was_ever_published":false,"_jetpack_newsletter_access":"","_jetpack_newsletter_tier_id":0,"jetpack_publicize_message":"","jetpack_is_tweetstorm":false,"jetpack_publicize_feature_enabled":true,"jetpack_social_post_already_shared":true,"jetpack_social_options":{"image_generator_settings":{"template":"highway","enabled":false}}},"categories":[1],"tags":[322,106,412,2981,1957,2982,2983,2984,786,1691,2,1267,86,5126,506],"jetpack_publicize_connections":[],"jetpack_featured_media_url":"http:\/\/delamanodemaria.com\/wp-content\/uploads\/2016\/02\/Papa-Francisco-Pastor.jpg","jetpack_shortlink":"https:\/\/wp.me\/p3bBgS-4wX","jetpack_sharing_enabled":true,"jetpack_likes_enabled":true,"_links":{"self":[{"href":"http:\/\/delamanodemaria.com\/index.php?rest_route=\/wp\/v2\/posts\/17419"}],"collection":[{"href":"http:\/\/delamanodemaria.com\/index.php?rest_route=\/wp\/v2\/posts"}],"about":[{"href":"http:\/\/delamanodemaria.com\/index.php?rest_route=\/wp\/v2\/types\/post"}],"author":[{"embeddable":true,"href":"http:\/\/delamanodemaria.com\/index.php?rest_route=\/wp\/v2\/users\/1"}],"replies":[{"embeddable":true,"href":"http:\/\/delamanodemaria.com\/index.php?rest_route=%2Fwp%2Fv2%2Fcomments&post=17419"}],"version-history":[{"count":3,"href":"http:\/\/delamanodemaria.com\/index.php?rest_route=\/wp\/v2\/posts\/17419\/revisions"}],"predecessor-version":[{"id":17422,"href":"http:\/\/delamanodemaria.com\/index.php?rest_route=\/wp\/v2\/posts\/17419\/revisions\/17422"}],"wp:featuredmedia":[{"embeddable":true,"href":"http:\/\/delamanodemaria.com\/index.php?rest_route=\/wp\/v2\/media\/6635"}],"wp:attachment":[{"href":"http:\/\/delamanodemaria.com\/index.php?rest_route=%2Fwp%2Fv2%2Fmedia&parent=17419"}],"wp:term":[{"taxonomy":"category","embeddable":true,"href":"http:\/\/delamanodemaria.com\/index.php?rest_route=%2Fwp%2Fv2%2Fcategories&post=17419"},{"taxonomy":"post_tag","embeddable":true,"href":"http:\/\/delamanodemaria.com\/index.php?rest_route=%2Fwp%2Fv2%2Ftags&post=17419"}],"curies":[{"name":"wp","href":"https:\/\/api.w.org\/{rel}","templated":true}]}}