{"id":1750,"date":"2013-08-23T21:39:24","date_gmt":"2013-08-24T01:39:24","guid":{"rendered":"http:\/\/delamanodemaria.com\/?p=1750"},"modified":"2013-08-23T21:39:24","modified_gmt":"2013-08-24T01:39:24","slug":"reflexion-para-la-fiesta-de-san-bartolome-apostol-24-08-13","status":"publish","type":"post","link":"http:\/\/delamanodemaria.com\/?p=1750","title":{"rendered":"REFLEXI\u00d3N PARA LA FIESTA DE SAN BARTOLOM\u00c9, AP\u00d3STOL 24-08-13"},"content":{"rendered":"<p><a href=\"http:\/\/delamanodemaria.com\/wp-content\/uploads\/2013\/08\/San-Bartolome.jpg\"><img decoding=\"async\" loading=\"lazy\" class=\"alignnone size-full wp-image-1751\" alt=\"San Bartolome\" src=\"http:\/\/delamanodemaria.com\/wp-content\/uploads\/2013\/08\/San-Bartolome.jpg\" width=\"600\" height=\"892\" srcset=\"http:\/\/delamanodemaria.com\/wp-content\/uploads\/2013\/08\/San-Bartolome.jpg 600w, http:\/\/delamanodemaria.com\/wp-content\/uploads\/2013\/08\/San-Bartolome-201x300.jpg 201w\" sizes=\"(max-width: 600px) 100vw, 600px\" \/><\/a><\/p>\n<p><span style=\"color: #000000;\"><span style=\"font-size: large;\">Hoy celebramos la Fiesta de san Bartolom\u00e9, ap\u00f3stol. A Bartolom\u00e9 se le menciona, y aparece en las llamadas \u201clistas apost\u00f3licas\u201d de los sin\u00f3pticos y Hechos de los ap\u00f3stoles, como uno de los doce ap\u00f3stoles (Mt 10,3; Mc 3,18; Lc 6,14; Hch 1,13). No as\u00ed en el evangelio seg\u00fan san Juan. En la lectura evang\u00e9lica que nos brinda la liturgia de hoy (Jn 1,45-51) para la Fiesta de san Bartolom\u00e9, se habla de un tal Natanael, a quien la tradici\u00f3n le identifica con \u00e9ste, en parte, por el hecho de que su nombre aparece inmediatamente despu\u00e9s de Felipe en tres de esas \u201clistas apost\u00f3licas\u201d.<!--?xml:namespace prefix = \"o\" \/--><\/span><\/span><\/p>\n<p><span style=\"color: #000000;\"><span style=\"font-size: large;\">En este pasaje, lleno de simbolismos y alusiones al Antiguo Testamento, t\u00edpicas de los escritos de san Juan, que por la brevedad de estas l\u00edneas no podemos elaborar, nos narra la vocaci\u00f3n de Natanael (Bartolom\u00e9), inmediatamente despu\u00e9s de la de Felipe, a quien Jes\u00fas utiliza como instrumento para \u201creclutarlo\u201d. Como hemos se\u00f1alado en ocasiones anteriores la palabra vocaci\u00f3n viene del verbo latino \u201cvocare\u201d que quiere decir llamar.<\/span><\/span><\/p>\n<p><span style=\"color: #000000;\"><span style=\"font-size: large;\">Al igual que hizo con Felipe y Natanael en el relato de hoy, y con los dem\u00e1s ap\u00f3stoles, Jes\u00fas nos llama a todos a seguirle. A unos nos llama directamente, como lo hizo con Felipe (\u201cs\u00edgueme\u201d), a otros nos llama por medio de aquellos que ya le siguen, como en el caso de Bartolom\u00e9, a quien Felipe le dijo: \u201cAquel de quien escribieron Mois\u00e9s en la Ley y los profetas, lo hemos encontrado: Jes\u00fas, hijo de Jos\u00e9, de Nazaret.\u201d Y ante el escepticismo de Bartolom\u00e9 (\u201c\u00bfDe Nazaret puede salir algo bueno?\u201d), Felipe insisti\u00f3: \u201cVen y ver\u00e1s\u201d. Bartolom\u00e9 le sigui\u00f3, vio, y crey\u00f3: \u201cRab\u00ed, t\u00fa eres el Hijo de Dios, t\u00fa eres el Rey de Israel\u201d.<\/span><\/span><\/p>\n<p><span style=\"color: #000000;\"><span style=\"font-size: large;\">Felipe hab\u00eda tenido un encuentro personal con Jes\u00fas, y como todo el que pasa por esa experiencia, sinti\u00f3 una urgencia inexplicable en comunicar a otros \u201ceso\u201d que hab\u00eda encontrado; como aquellos a quienes Jes\u00fas curaba y les ped\u00eda que no dijeran a nadie lo ocurrido, que no bien hab\u00eda Jes\u00fas terminado de decirlo, cuando ellos sal\u00edan corriendo a contarle a todos ese encuentro maravilloso que hab\u00eda cambiado sus vidas para siempre. Es lo que Jes\u00fas m\u00e1s adelante verbalizar\u00eda en su mandato: \u201cVayan y hagan disc\u00edpulos\u201d (Mt 28,19).<\/span><\/span><\/p>\n<p><span style=\"color: #000000;\"><span style=\"font-size: large;\">Bartolom\u00e9 no solo acept\u00f3 la invitaci\u00f3n sino que se convirti\u00f3 en disc\u00edpulo. M\u00e1s tarde, Jes\u00fas lo escoger\u00eda como uno de los doce ap\u00f3stoles sobre los que Jes\u00fas instituy\u00f3 su Iglesia. As\u00ed, saldr\u00eda a predicar, a \u201chacer disc\u00edpulos\u201d. Aunque es uno de los ap\u00f3stoles de quien menos se sabe, la tradici\u00f3n lo coloca evangelizando en Armenia y en la India, siendo objeto de especial veneraci\u00f3n en este \u00faltimo pa\u00eds.<\/span><\/span><\/p>\n<p><span style=\"color: #000000;\"><span style=\"font-size: large;\">Jes\u00fas nos ha llamado a todos de diversas maneras. Y si vamos a ser verdaderos seguidores de Jes\u00fas acataremos su mandato: \u201cVayan y hagan disc\u00edpulos\u201d. \u00bfAceptas el reto?<\/span><\/span><\/p>\n<div style=\"padding-bottom:20px; padding-top:10px;\" class=\"hupso-share-buttons\"><!-- Hupso Share Buttons - https:\/\/www.hupso.com\/share\/ --><a class=\"hupso_toolbar\" href=\"https:\/\/www.hupso.com\/share\/\"><img src=\"http:\/\/static.hupso.com\/share\/buttons\/lang\/es\/share-medium.png\" style=\"border:0px; padding-top: 5px; float:left;\" alt=\"Share Button\"\/><\/a><script type=\"text\/javascript\">var hupso_services_t=new Array(\"Twitter\",\"Facebook\",\"Google Plus\",\"Pinterest\",\"Linkedin\",\"Email\",\"Print\");var hupso_background_t=\"#EAF4FF\";var hupso_border_t=\"#66CCFF\";var hupso_toolbar_size_t=\"medium\";var hupso_image_folder_url = \"\";var hupso_twitter_via=\"hectorops\";var hupso_url_t=\"\";var hupso_title_t=\"REFLEXI%C3%93N%20PARA%20LA%20FIESTA%20DE%20SAN%20BARTOLOM%C3%89%2C%20AP%C3%93STOL%2024-08-13\";<\/script><script type=\"text\/javascript\" src=\"http:\/\/static.hupso.com\/share\/js\/share_toolbar.js\"><\/script><!-- Hupso Share Buttons --><\/div>","protected":false},"excerpt":{"rendered":"<p>Hoy celebramos la Fiesta de san Bartolom\u00e9, ap\u00f3stol. A Bartolom\u00e9 se le menciona, y aparece en las llamadas \u201clistas apost\u00f3licas\u201d de los sin\u00f3pticos y Hechos de los ap\u00f3stoles, como uno de los doce ap\u00f3stoles (Mt 10,3; Mc 3,18; Lc 6,14; &hellip; <a href=\"http:\/\/delamanodemaria.com\/?p=1750\">Continue reading <span class=\"meta-nav\">&rarr;<\/span><\/a><\/p>\n<div style=\"padding-bottom:20px; padding-top:10px;\" class=\"hupso-share-buttons\"><!-- Hupso Share Buttons - https:\/\/www.hupso.com\/share\/ --><a class=\"hupso_toolbar\" href=\"https:\/\/www.hupso.com\/share\/\"><img src=\"http:\/\/static.hupso.com\/share\/buttons\/lang\/es\/share-medium.png\" style=\"border:0px; padding-top: 5px; float:left;\" alt=\"Share Button\"\/><\/a><script type=\"text\/javascript\">var hupso_services_t=new Array(\"Twitter\",\"Facebook\",\"Google Plus\",\"Pinterest\",\"Linkedin\",\"Email\",\"Print\");var hupso_background_t=\"#EAF4FF\";var hupso_border_t=\"#66CCFF\";var hupso_toolbar_size_t=\"medium\";var hupso_image_folder_url = \"\";var hupso_twitter_via=\"hectorops\";var hupso_url_t=\"\";var hupso_title_t=\"REFLEXI%C3%93N%20PARA%20LA%20FIESTA%20DE%20SAN%20BARTOLOM%C3%89%2C%20AP%C3%93STOL%2024-08-13\";<\/script><script type=\"text\/javascript\" src=\"http:\/\/static.hupso.com\/share\/js\/share_toolbar.js\"><\/script><!-- Hupso Share Buttons --><\/div>","protected":false},"author":1,"featured_media":0,"comment_status":"open","ping_status":"open","sticky":false,"template":"","format":"standard","meta":{"jetpack_post_was_ever_published":false,"_jetpack_newsletter_access":"","_jetpack_newsletter_tier_id":0,"jetpack_publicize_message":"","jetpack_is_tweetstorm":false,"jetpack_publicize_feature_enabled":true,"jetpack_social_post_already_shared":true,"jetpack_social_options":{"image_generator_settings":{"template":"highway","enabled":false}}},"categories":[1],"tags":[89,266,144,199],"jetpack_publicize_connections":[],"jetpack_featured_media_url":"","jetpack_shortlink":"https:\/\/wp.me\/p3bBgS-se","jetpack_sharing_enabled":true,"jetpack_likes_enabled":true,"_links":{"self":[{"href":"http:\/\/delamanodemaria.com\/index.php?rest_route=\/wp\/v2\/posts\/1750"}],"collection":[{"href":"http:\/\/delamanodemaria.com\/index.php?rest_route=\/wp\/v2\/posts"}],"about":[{"href":"http:\/\/delamanodemaria.com\/index.php?rest_route=\/wp\/v2\/types\/post"}],"author":[{"embeddable":true,"href":"http:\/\/delamanodemaria.com\/index.php?rest_route=\/wp\/v2\/users\/1"}],"replies":[{"embeddable":true,"href":"http:\/\/delamanodemaria.com\/index.php?rest_route=%2Fwp%2Fv2%2Fcomments&post=1750"}],"version-history":[{"count":1,"href":"http:\/\/delamanodemaria.com\/index.php?rest_route=\/wp\/v2\/posts\/1750\/revisions"}],"predecessor-version":[{"id":1752,"href":"http:\/\/delamanodemaria.com\/index.php?rest_route=\/wp\/v2\/posts\/1750\/revisions\/1752"}],"wp:attachment":[{"href":"http:\/\/delamanodemaria.com\/index.php?rest_route=%2Fwp%2Fv2%2Fmedia&parent=1750"}],"wp:term":[{"taxonomy":"category","embeddable":true,"href":"http:\/\/delamanodemaria.com\/index.php?rest_route=%2Fwp%2Fv2%2Fcategories&post=1750"},{"taxonomy":"post_tag","embeddable":true,"href":"http:\/\/delamanodemaria.com\/index.php?rest_route=%2Fwp%2Fv2%2Ftags&post=1750"}],"curies":[{"name":"wp","href":"https:\/\/api.w.org\/{rel}","templated":true}]}}