{"id":1766,"date":"2013-08-28T21:57:48","date_gmt":"2013-08-29T01:57:48","guid":{"rendered":"http:\/\/delamanodemaria.com\/?p=1766"},"modified":"2013-08-28T21:57:48","modified_gmt":"2013-08-29T01:57:48","slug":"reflexion-para-la-memoria-del-martirio-de-juan-bautista-29-08-13","status":"publish","type":"post","link":"http:\/\/delamanodemaria.com\/?p=1766","title":{"rendered":"REFLEXI\u00d3N PARA LA MEMORIA DEL MARTIRIO DE JUAN BAUTISTA 29-08-13"},"content":{"rendered":"<p><a href=\"http:\/\/delamanodemaria.com\/wp-content\/uploads\/2013\/08\/san-juan-bautista.jpg\"><img decoding=\"async\" loading=\"lazy\" class=\"size-full wp-image-1767 aligncenter\" alt=\"san-juan-bautista\" src=\"http:\/\/delamanodemaria.com\/wp-content\/uploads\/2013\/08\/san-juan-bautista.jpg\" width=\"512\" height=\"700\" srcset=\"http:\/\/delamanodemaria.com\/wp-content\/uploads\/2013\/08\/san-juan-bautista.jpg 512w, http:\/\/delamanodemaria.com\/wp-content\/uploads\/2013\/08\/san-juan-bautista-219x300.jpg 219w\" sizes=\"(max-width: 512px) 100vw, 512px\" \/><\/a><\/p>\n<p><span style=\"color: #000000;\"><span style=\"font-size: large;\">Hoy celebramos la memoria obligatoria del martirio de Juan el Bautista. La lectura evang\u00e9lica de hoy (Mc 6,17-29) nos presenta la versi\u00f3n de Marcos del martirio de Juan. Algunos ven en este relato un anuncio de la suerte que habr\u00eda de correr Jes\u00fas a consecuencia de la radicalidad de su mensaje. Juan hab\u00eda merecido la pena de muerte por haber denunciado, como buen profeta, la vida licenciosa que viv\u00edan los de su tiempo, ejemplificada en el adulterio del Rey Herodes Antipas con Herod\u00edas, la esposa de su hermano Herodes Filipo. Jes\u00fas, al denunciar la opresi\u00f3n de los pobres y marginados, y los pecados de las clases dominantes, se ganar\u00eda el odio de los l\u00edderes pol\u00edticos y religiosos de su tiempo, quienes terminar\u00edan asesin\u00e1ndolo.<!--?xml:namespace prefix = \"o\" \/--><\/span><\/span><\/p>\n<p><span style=\"color: #000000;\"><span style=\"font-size: large;\">Juan, el precursor, se nos presenta tambi\u00e9n como el prototipo del seguidor de Jes\u00fas: recio, valiente, comprometido con la verdad. La suerte que corrieron tanto Juan el Bautista como Jes\u00fas fue extrema: la muerte. Marcos coloca este relato con toda intenci\u00f3n despu\u00e9s del env\u00edo de los doce, para significar la suerte que pod\u00eda esperarles a ellos tambi\u00e9n, pues la predicaci\u00f3n de todo el que sigue el ejemplo del Maestro va a provocar controversia, porque va a obligar a los que lo escuchan a enfrentarse a sus pecados. De este modo, el martirio de Juan el Bautista se convierte tambi\u00e9n en un anuncio para los \u201cdoce\u201d sobre la suerte que ha de esperarles.<\/span><\/span><\/p>\n<p><span style=\"color: #000000;\"><span style=\"font-size: large;\">Aunque nos parezca algo que ocurri\u00f3 en un pasado distante, algunos se sorprenden al enterarse que todav\u00eda hoy, en pleno siglo XXI, hay hombres y mujeres valientes que pierden la vida por predicar el Evangelio de Jesucristo. De ese modo sus muertes se convierten en el mejor testimonio de su fe. De hecho, la palabra \u201cm\u00e1rtir\u201d significa \u201ctestigo\u201d.<\/span><\/span><\/p>\n<p><span style=\"color: #000000;\"><span style=\"font-size: large;\">Hemos dicho en innumerables ocasiones que el seguimiento de Jes\u00fas no es f\u00e1cil, que el verdadero disc\u00edpulo de Jes\u00fas tiene que estar dispuesto a enfrentar el rechazo, la burla, el desprecio, la difamaci\u00f3n, a \u201ccargar su cruz\u201d. Porque si bien el mensaje de Jes\u00fas est\u00e1 centrado en el amor, tiene unas exigencias de conducta, sobre todo de renuncias, que resultan inaceptables para muchos. Quieren el beneficio de las promesas sin las obligaciones.<\/span><\/span><\/p>\n<p><span style=\"color: #000000;\"><span style=\"font-size: large;\">Pero el que conf\u00eda en Jes\u00fas y en su Palabra salv\u00edfica enfrenta las consecuencias del seguimiento con la certeza de que no est\u00e1 solo. Como nos dice la primera lectura de hoy (Jr 1,17-9): \u201cNo les tengas miedo, que si no, yo te meter\u00e9 miedo de ellos. Mira; yo te convierto hoy en plaza fuerte, en columna de hierro, en muralla de bronce, frente a todo el pa\u00eds: frente a los reyes y pr\u00edncipes de Jud\u00e1, frente a los sacerdotes y la gente del campo. Luchar\u00e1n contra ti, pero no te podr\u00e1n, porque yo estoy contigo para librarte\u201d. Eso es una promesa de Dios, y Dios nunca se retracta de sus promesas (Cfr. 1 Pe 10,23).<\/span><\/span><\/p>\n<p><span style=\"color: #000000;\"><span style=\"font-size: large;\">Por eso el salmista exclama con confianza: \u201cS\u00e9 t\u00fa mi roca de refugio, el alc\u00e1zar donde me salve, porque mi pe\u00f1a y mi alc\u00e1zar eres t\u00fa, Dios m\u00edo, l\u00edbrame de la mano perversa\u201d (Sal 70).<\/span><\/span><\/p>\n<div style=\"padding-bottom:20px; padding-top:10px;\" class=\"hupso-share-buttons\"><!-- Hupso Share Buttons - https:\/\/www.hupso.com\/share\/ --><a class=\"hupso_toolbar\" href=\"https:\/\/www.hupso.com\/share\/\"><img src=\"http:\/\/static.hupso.com\/share\/buttons\/lang\/es\/share-medium.png\" style=\"border:0px; padding-top: 5px; float:left;\" alt=\"Share Button\"\/><\/a><script type=\"text\/javascript\">var hupso_services_t=new Array(\"Twitter\",\"Facebook\",\"Google Plus\",\"Pinterest\",\"Linkedin\",\"Email\",\"Print\");var hupso_background_t=\"#EAF4FF\";var hupso_border_t=\"#66CCFF\";var hupso_toolbar_size_t=\"medium\";var hupso_image_folder_url = \"\";var hupso_twitter_via=\"hectorops\";var hupso_url_t=\"\";var hupso_title_t=\"REFLEXI%C3%93N%20PARA%20LA%20MEMORIA%20DEL%20MARTIRIO%20DE%20JUAN%20BAUTISTA%2029-08-13\";<\/script><script type=\"text\/javascript\" src=\"http:\/\/static.hupso.com\/share\/js\/share_toolbar.js\"><\/script><!-- Hupso Share Buttons --><\/div>","protected":false},"excerpt":{"rendered":"<p>Hoy celebramos la memoria obligatoria del martirio de Juan el Bautista. La lectura evang\u00e9lica de hoy (Mc 6,17-29) nos presenta la versi\u00f3n de Marcos del martirio de Juan. Algunos ven en este relato un anuncio de la suerte que habr\u00eda &hellip; <a href=\"http:\/\/delamanodemaria.com\/?p=1766\">Continue reading <span class=\"meta-nav\">&rarr;<\/span><\/a><\/p>\n<div style=\"padding-bottom:20px; padding-top:10px;\" class=\"hupso-share-buttons\"><!-- Hupso Share Buttons - https:\/\/www.hupso.com\/share\/ --><a class=\"hupso_toolbar\" href=\"https:\/\/www.hupso.com\/share\/\"><img src=\"http:\/\/static.hupso.com\/share\/buttons\/lang\/es\/share-medium.png\" style=\"border:0px; padding-top: 5px; float:left;\" alt=\"Share Button\"\/><\/a><script type=\"text\/javascript\">var hupso_services_t=new Array(\"Twitter\",\"Facebook\",\"Google Plus\",\"Pinterest\",\"Linkedin\",\"Email\",\"Print\");var hupso_background_t=\"#EAF4FF\";var hupso_border_t=\"#66CCFF\";var hupso_toolbar_size_t=\"medium\";var hupso_image_folder_url = \"\";var hupso_twitter_via=\"hectorops\";var hupso_url_t=\"\";var hupso_title_t=\"REFLEXI%C3%93N%20PARA%20LA%20MEMORIA%20DEL%20MARTIRIO%20DE%20JUAN%20BAUTISTA%2029-08-13\";<\/script><script type=\"text\/javascript\" src=\"http:\/\/static.hupso.com\/share\/js\/share_toolbar.js\"><\/script><!-- Hupso Share Buttons --><\/div>","protected":false},"author":1,"featured_media":0,"comment_status":"open","ping_status":"open","sticky":false,"template":"","format":"standard","meta":{"jetpack_post_was_ever_published":false,"_jetpack_newsletter_access":"","_jetpack_newsletter_tier_id":0,"jetpack_publicize_message":"","jetpack_is_tweetstorm":false,"jetpack_publicize_feature_enabled":true,"jetpack_social_post_already_shared":true,"jetpack_social_options":{"image_generator_settings":{"template":"highway","enabled":false}}},"categories":[1],"tags":[],"jetpack_publicize_connections":[],"jetpack_featured_media_url":"","jetpack_shortlink":"https:\/\/wp.me\/p3bBgS-su","jetpack_sharing_enabled":true,"jetpack_likes_enabled":true,"_links":{"self":[{"href":"http:\/\/delamanodemaria.com\/index.php?rest_route=\/wp\/v2\/posts\/1766"}],"collection":[{"href":"http:\/\/delamanodemaria.com\/index.php?rest_route=\/wp\/v2\/posts"}],"about":[{"href":"http:\/\/delamanodemaria.com\/index.php?rest_route=\/wp\/v2\/types\/post"}],"author":[{"embeddable":true,"href":"http:\/\/delamanodemaria.com\/index.php?rest_route=\/wp\/v2\/users\/1"}],"replies":[{"embeddable":true,"href":"http:\/\/delamanodemaria.com\/index.php?rest_route=%2Fwp%2Fv2%2Fcomments&post=1766"}],"version-history":[{"count":2,"href":"http:\/\/delamanodemaria.com\/index.php?rest_route=\/wp\/v2\/posts\/1766\/revisions"}],"predecessor-version":[{"id":1769,"href":"http:\/\/delamanodemaria.com\/index.php?rest_route=\/wp\/v2\/posts\/1766\/revisions\/1769"}],"wp:attachment":[{"href":"http:\/\/delamanodemaria.com\/index.php?rest_route=%2Fwp%2Fv2%2Fmedia&parent=1766"}],"wp:term":[{"taxonomy":"category","embeddable":true,"href":"http:\/\/delamanodemaria.com\/index.php?rest_route=%2Fwp%2Fv2%2Fcategories&post=1766"},{"taxonomy":"post_tag","embeddable":true,"href":"http:\/\/delamanodemaria.com\/index.php?rest_route=%2Fwp%2Fv2%2Ftags&post=1766"}],"curies":[{"name":"wp","href":"https:\/\/api.w.org\/{rel}","templated":true}]}}