{"id":1771,"date":"2013-08-29T20:48:25","date_gmt":"2013-08-30T00:48:25","guid":{"rendered":"http:\/\/delamanodemaria.com\/?p=1771"},"modified":"2013-08-30T16:17:53","modified_gmt":"2013-08-30T20:17:53","slug":"reflexion-para-la-fiesta-de-santa-rosa-de-lima-30-08-13","status":"publish","type":"post","link":"http:\/\/delamanodemaria.com\/?p=1771","title":{"rendered":"REFLEXI\u00d3N PARA LA FIESTA DE SANTA ROSA DE LIMA 30-08-13"},"content":{"rendered":"<p><a href=\"http:\/\/delamanodemaria.com\/wp-content\/uploads\/2013\/08\/santa-Rosa-de-Lima.jpg\"><img decoding=\"async\" loading=\"lazy\" class=\"alignnone size-full wp-image-1772\" alt=\"santa Rosa de Lima\" src=\"http:\/\/delamanodemaria.com\/wp-content\/uploads\/2013\/08\/santa-Rosa-de-Lima.jpg\" width=\"640\" height=\"853\" srcset=\"http:\/\/delamanodemaria.com\/wp-content\/uploads\/2013\/08\/santa-Rosa-de-Lima.jpg 640w, http:\/\/delamanodemaria.com\/wp-content\/uploads\/2013\/08\/santa-Rosa-de-Lima-225x300.jpg 225w\" sizes=\"(max-width: 640px) 100vw, 640px\" \/><\/a><\/p>\n<p><span style=\"color: #000000;\"><span style=\"font-size: large;\">\u201cEl d\u00eda en que su madre le reprendi\u00f3 por atender en la casa a pobres y enfermos, santa Rosa de Lima le contest\u00f3: \u2018Cuando servimos a los pobres y a los enfermos, servimos a Jes\u00fas. No debemos cansarnos de ayudar a nuestro pr\u00f3jimo, porque en ellos servimos a Jes\u00fas\u2019\u201d. (CIC 2449).<!--?xml:namespace prefix = \"o\" \/--><\/span><\/span><\/p>\n<p><span style=\"color: #000000;\"><span style=\"font-size: large;\">Hoy celebramos la Fiesta de Santa Rosa de Lima, la primera santa americana canonizada, patrona de las Am\u00e9ricas y, al igual que Santa Catalina de Siena, a quien siempre trat\u00f3 de imitar, terciaria dominica. La cita del Catecismo de la Iglesia Cat\u00f3lica que hemos transcrito resume la vida y misi\u00f3n de esta insigne santa de nuestra Orden. Santa Rosa de Lima tambi\u00e9n es la patrona del Laicado Dominico de Puerto Rico.<\/span><\/span><\/p>\n<p><span style=\"color: #000000;\"><span style=\"font-size: large;\">Santa Rosa supo ver el rostro de Jes\u00fas en los enfermos, en los pobres, y en los m\u00e1s necesitados, comprendiendo que sirvi\u00e9ndoles serv\u00eda a Jes\u00fas, y que haci\u00e9ndolo estaba haci\u00e9ndose acreedora de ese gran tesoro que es la vida eterna (Cfr. Mt 25,40.46). Comprendi\u00f3 val\u00eda la pena dejarlo todo con tal de servir a Jes\u00fas.<\/span><\/span><\/p>\n<p><span style=\"color: #000000;\"><span style=\"font-size: large;\">Durante su corta vida (vivi\u00f3 apenas treinta y un a\u00f1os) supo enfrentar la burla y la incomprensi\u00f3n, y combatir las tentaciones que la asechaban constantemente. Su belleza f\u00edsica le ganaba el halago de todos. Con tal de no sentir vanidad y evitar ser motivo de tentaci\u00f3n para otros, lleg\u00f3 al extremo de desfigurarse el rostro y las manos. Cuentan que en una ocasi\u00f3n su madre le coloc\u00f3 una hermosa guirnalda de flores en la cabeza y ella, para hacer penitencia por aquella vanidad, se clav\u00f3 en la cabeza las horquillas que sosten\u00edan la corona con tanta fuerza que luego result\u00f3 dif\u00edcil removerla.<\/span><\/span><\/p>\n<p><span style=\"color: #000000;\"><span style=\"font-size: large;\">La lectura evang\u00e9lica que nos ofrece la liturgia propia de la Fiesta (Mt 13,44-46) nos presenta las par\u00e1bolas del tesoro y de la perla (dos de las llamadas \u201cpar\u00e1bolas del Reino\u201d que Mateo nos narra en el cap\u00edtulo 13 de su relato):<\/span><\/span><\/p>\n<p><span style=\"color: #000000;\"><span style=\"font-size: large;\">\u201cEl Reino de los Cielos se parece a un tesoro escondido en un campo; un hombre lo encuentra, lo vuelve a esconder, y lleno de alegr\u00eda, vende todo lo que posee y compra el campo. El Reino de los Cielos se parece tambi\u00e9n a un negociante que se dedicaba a buscar perlas finas; y al encontrar una de gran valor, fue a vender todo lo que ten\u00eda y la compr\u00f3\u201d.<\/span><\/span><\/p>\n<p><span style=\"color: #000000;\"><span style=\"font-size: large;\">Rosa de Lima hab\u00eda encontrado ese gran tesoro que es el amor de Dios, y ya todo palidec\u00eda, todo lo consideraba basura con tal de ganar Su amor (Cfr. Flp 3,8). Por eso, a\u00fan durante la larga y dolorosa enfermedad que precedi\u00f3 su muerte, su oraci\u00f3n era: \u201cSe\u00f1or, aum\u00e9ntame los sufrimientos, pero aum\u00e9ntame en la misma medida tu amor\u201d.<\/span><\/span><\/p>\n<p><span style=\"color: #000000;\"><span style=\"font-size: large;\">Cuando leemos las vidas de los grandes santos, nos examinamos y comprendemos lo mucho que nos falta para alcanzar esa santidad a la que todos estamos llamados (1 Pe 1,15). Si ellos, humanos igual que nosotros, con nuestras mismas debilidades, lo lograron, nosotros tambi\u00e9n podemos hacerlo.<\/span><\/span><\/p>\n<p><span style=\"color: #000000;\"><span style=\"font-size: large;\">Hoy, pidamos la intercesi\u00f3n de Santa Rosa de Lima para que el Se\u00f1or nos conceda la perseverancia para continuar en el camino hacia la santidad.<\/span><\/span><\/p>\n<div style=\"padding-bottom:20px; padding-top:10px;\" class=\"hupso-share-buttons\"><!-- Hupso Share Buttons - https:\/\/www.hupso.com\/share\/ --><a class=\"hupso_toolbar\" href=\"https:\/\/www.hupso.com\/share\/\"><img src=\"http:\/\/static.hupso.com\/share\/buttons\/lang\/es\/share-medium.png\" style=\"border:0px; padding-top: 5px; float:left;\" alt=\"Share Button\"\/><\/a><script type=\"text\/javascript\">var hupso_services_t=new Array(\"Twitter\",\"Facebook\",\"Google Plus\",\"Pinterest\",\"Linkedin\",\"Email\",\"Print\");var hupso_background_t=\"#EAF4FF\";var hupso_border_t=\"#66CCFF\";var hupso_toolbar_size_t=\"medium\";var hupso_image_folder_url = \"\";var hupso_twitter_via=\"hectorops\";var hupso_url_t=\"\";var hupso_title_t=\"REFLEXI%C3%93N%20PARA%20LA%20FIESTA%20DE%20SANTA%20ROSA%20DE%20LIMA%2030-08-13\";<\/script><script type=\"text\/javascript\" src=\"http:\/\/static.hupso.com\/share\/js\/share_toolbar.js\"><\/script><!-- Hupso Share Buttons --><\/div>","protected":false},"excerpt":{"rendered":"<p>\u201cEl d\u00eda en que su madre le reprendi\u00f3 por atender en la casa a pobres y enfermos, santa Rosa de Lima le contest\u00f3: \u2018Cuando servimos a los pobres y a los enfermos, servimos a Jes\u00fas. No debemos cansarnos de ayudar &hellip; <a href=\"http:\/\/delamanodemaria.com\/?p=1771\">Continue reading <span class=\"meta-nav\">&rarr;<\/span><\/a><\/p>\n<div style=\"padding-bottom:20px; padding-top:10px;\" class=\"hupso-share-buttons\"><!-- Hupso Share Buttons - https:\/\/www.hupso.com\/share\/ --><a class=\"hupso_toolbar\" href=\"https:\/\/www.hupso.com\/share\/\"><img src=\"http:\/\/static.hupso.com\/share\/buttons\/lang\/es\/share-medium.png\" style=\"border:0px; padding-top: 5px; float:left;\" alt=\"Share Button\"\/><\/a><script type=\"text\/javascript\">var hupso_services_t=new Array(\"Twitter\",\"Facebook\",\"Google Plus\",\"Pinterest\",\"Linkedin\",\"Email\",\"Print\");var hupso_background_t=\"#EAF4FF\";var hupso_border_t=\"#66CCFF\";var hupso_toolbar_size_t=\"medium\";var hupso_image_folder_url = \"\";var hupso_twitter_via=\"hectorops\";var hupso_url_t=\"\";var hupso_title_t=\"REFLEXI%C3%93N%20PARA%20LA%20FIESTA%20DE%20SANTA%20ROSA%20DE%20LIMA%2030-08-13\";<\/script><script type=\"text\/javascript\" src=\"http:\/\/static.hupso.com\/share\/js\/share_toolbar.js\"><\/script><!-- Hupso Share Buttons --><\/div>","protected":false},"author":1,"featured_media":0,"comment_status":"open","ping_status":"open","sticky":false,"template":"","format":"standard","meta":{"jetpack_post_was_ever_published":false,"_jetpack_newsletter_access":"","_jetpack_newsletter_tier_id":0,"jetpack_publicize_message":"","jetpack_is_tweetstorm":false,"jetpack_publicize_feature_enabled":true,"jetpack_social_post_already_shared":true,"jetpack_social_options":{"image_generator_settings":{"template":"highway","enabled":false}}},"categories":[1],"tags":[3,21,2,268],"jetpack_publicize_connections":[],"jetpack_featured_media_url":"","jetpack_shortlink":"https:\/\/wp.me\/p3bBgS-sz","jetpack_sharing_enabled":true,"jetpack_likes_enabled":true,"_links":{"self":[{"href":"http:\/\/delamanodemaria.com\/index.php?rest_route=\/wp\/v2\/posts\/1771"}],"collection":[{"href":"http:\/\/delamanodemaria.com\/index.php?rest_route=\/wp\/v2\/posts"}],"about":[{"href":"http:\/\/delamanodemaria.com\/index.php?rest_route=\/wp\/v2\/types\/post"}],"author":[{"embeddable":true,"href":"http:\/\/delamanodemaria.com\/index.php?rest_route=\/wp\/v2\/users\/1"}],"replies":[{"embeddable":true,"href":"http:\/\/delamanodemaria.com\/index.php?rest_route=%2Fwp%2Fv2%2Fcomments&post=1771"}],"version-history":[{"count":2,"href":"http:\/\/delamanodemaria.com\/index.php?rest_route=\/wp\/v2\/posts\/1771\/revisions"}],"predecessor-version":[{"id":1774,"href":"http:\/\/delamanodemaria.com\/index.php?rest_route=\/wp\/v2\/posts\/1771\/revisions\/1774"}],"wp:attachment":[{"href":"http:\/\/delamanodemaria.com\/index.php?rest_route=%2Fwp%2Fv2%2Fmedia&parent=1771"}],"wp:term":[{"taxonomy":"category","embeddable":true,"href":"http:\/\/delamanodemaria.com\/index.php?rest_route=%2Fwp%2Fv2%2Fcategories&post=1771"},{"taxonomy":"post_tag","embeddable":true,"href":"http:\/\/delamanodemaria.com\/index.php?rest_route=%2Fwp%2Fv2%2Ftags&post=1771"}],"curies":[{"name":"wp","href":"https:\/\/api.w.org\/{rel}","templated":true}]}}