{"id":17806,"date":"2022-07-28T16:34:22","date_gmt":"2022-07-28T20:34:22","guid":{"rendered":"http:\/\/delamanodemaria.com\/?p=17806"},"modified":"2022-07-28T16:34:22","modified_gmt":"2022-07-28T20:34:22","slug":"reflexion-para-el-viernes-de-la-decimoseptima-semana-del-t-o-2-29-07-22","status":"publish","type":"post","link":"http:\/\/delamanodemaria.com\/?p=17806","title":{"rendered":"REFLEXI\u00d3N PARA EL VIERNES DE LA DECIMOS\u00c9PTIMA SEMANA DEL T.O. (2) 29-07-22"},"content":{"rendered":"\n<figure class=\"wp-block-image size-full\"><a href=\"http:\/\/delamanodemaria.com\/wp-content\/uploads\/2019\/08\/jesus-ense\u00f1aba-en-la-sinagoga.jpg\"><img decoding=\"async\" loading=\"lazy\" width=\"800\" height=\"533\" src=\"http:\/\/delamanodemaria.com\/wp-content\/uploads\/2019\/08\/jesus-ense\u00f1aba-en-la-sinagoga.jpg\" alt=\"\" class=\"wp-image-12019\" srcset=\"http:\/\/delamanodemaria.com\/wp-content\/uploads\/2019\/08\/jesus-ense\u00f1aba-en-la-sinagoga.jpg 800w, http:\/\/delamanodemaria.com\/wp-content\/uploads\/2019\/08\/jesus-ense\u00f1aba-en-la-sinagoga-300x200.jpg 300w, http:\/\/delamanodemaria.com\/wp-content\/uploads\/2019\/08\/jesus-ense\u00f1aba-en-la-sinagoga-768x512.jpg 768w, http:\/\/delamanodemaria.com\/wp-content\/uploads\/2019\/08\/jesus-ense\u00f1aba-en-la-sinagoga-450x300.jpg 450w\" sizes=\"(max-width: 800px) 100vw, 800px\" \/><\/a><figcaption>\u201cS\u00f3lo en su tierra y en su casa desprecian a un profeta\u201d.<\/figcaption><\/figure>\n\n\n\n<p>\u201c\u2018S\u00f3lo en su tierra y en su casa desprecian a un profeta\u2019. Y no hizo all\u00ed muchos milagros, porque les faltaba fe\u201d. Con estas palabras termina el pasaje evang\u00e9lico que contemplamos en la liturgia de hoy (Mt 13,54-58).<\/p>\n\n\n\n<p>Esas palabras fueron pronunciadas por Jes\u00fas luego de que los suyos lo increparan por sentirse \u201cescandalizados\u201d ante sus palabras. S\u00ed, esos mismos que unos minutos antes se sent\u00edan \u201cadmirados\u201d ante la sabidur\u00eda de sus palabras. \u00bfQu\u00e9 pudo haber causado ese cambio de actitud tan dram\u00e1tico?<\/p>\n\n\n\n<p>A muchos de nosotros nos pasa lo mismo cuando escuchamos el mensaje de Jes\u00fas. Asistimos a un retiro o una predicaci\u00f3n y se nos hincha el coraz\u00f3n. Nos conmueven las palabras; sentimos \u201calgo\u201d que no podemos expresar de otro modo que no sea con l\u00e1grimas de emoci\u00f3n. \u00a1Qu\u00e9 bonito se siente! Estamos enamorados de Jes\u00fas\u2026<\/p>\n\n\n\n<p>Hasta que nos percatamos que esa relaci\u00f3n tan hermosa conlleva negaciones, responsabilidades, sacrificios: \u201cSi alguno quiere venir en pos de m\u00ed, ni\u00e9guese a s\u00ed mismo, tome su cruz y s\u00edgame\u201d (Lc 9, 23). Lo mismo suele ocurrir en otras relaciones como, por ejemplo, el matrimonio. Luego de ese \u201cenamoramiento\u201d inicial en el que todo luce color de rosa, surgen todos los eventos que no estaban en el libreto cuando dijimos: \u201cen la prosperidad y en la adversidad, en la salud y en la enfermedad\u2026\u201d, junto a otras obligaciones. El libro del Apocalipsis lo describe as\u00ed: \u201cPero tengo contra ti que has perdido tu amor de antes. Date cuenta pues, de d\u00f3nde has ca\u00eddo,\u2026\u201d (Ap 2,4-5).<\/p>\n\n\n\n<p>No hay duda; el mensaje de Jes\u00fas es impactante, nos sentimos \u201cadmirados\u201d como se sintieron sus compueblanos de Nazaret. Pero cuando profundizamos en las exigencias de su Palabra, al igual que aquellos, nos \u201cescandalizamos\u201d. Queremos las promesas sin las obligaciones. Por eso \u201clos suyos no lo recibieron\u201d (Jn 1,11). Es la naturaleza humana.<\/p>\n\n\n\n<p>Ese es el mayor obst\u00e1culo que enfrentamos a diario los que proclamamos el mensaje de Jes\u00fas entre \u201clos nuestros\u201d; cuando llega la hora de la verdad, la hora de \u201cnegarnos a nosotros mismos\u201d, muchos nos miran con desd\u00e9n y comienzan a menospreciarnos, y hasta intentan ridiculizarnos. Esos son los que no tiene fe: \u201cY no hizo all\u00ed muchos milagros, porque les faltaba fe\u201d.<\/p>\n\n\n\n<p>En el caso del profeta Jerem\u00edas, al igual que a Jes\u00fas, le cost\u00f3 la vida, siendo eventualmente torturado y asesinado por aquellos a quienes quer\u00eda ayudar. La primera lectura de hoy (Jr 26,1-9) nos presenta el pasaje en que se le declara \u201creo de muerte\u201d por el mero hecho de anunciar la Palabra de Dios y denunciar los pecados del pueblo (la misi\u00f3n prof\u00e9tica): \u201cY cuando termin\u00f3 Jerem\u00edas de decir cuanto el Se\u00f1or le hab\u00eda mandado decir al pueblo, lo agarraron los sacerdotes y los profetas y el pueblo, diciendo: \u2018Eres reo de muerte\u2019\u201d.<\/p>\n\n\n\n<p>Hoy, pidamos al Se\u00f1or que nos fortalezca el don de la fe para que podamos interiorizar su Palabra y ser sus testigos (<em>Cfr<\/em>. Hc 1,8).<\/p>\n\n\n\n<p>Que pasen un hermoso fin de semana, y recuerden visitar la Casa del Padre; \u00c9l les espera con los brazos abiertos.<\/p>\n<div style=\"padding-bottom:20px; padding-top:10px;\" class=\"hupso-share-buttons\"><!-- Hupso Share Buttons - https:\/\/www.hupso.com\/share\/ --><a class=\"hupso_toolbar\" href=\"https:\/\/www.hupso.com\/share\/\"><img src=\"http:\/\/static.hupso.com\/share\/buttons\/lang\/es\/share-medium.png\" style=\"border:0px; padding-top: 5px; float:left;\" alt=\"Share Button\"\/><\/a><script type=\"text\/javascript\">var hupso_services_t=new Array(\"Twitter\",\"Facebook\",\"Google Plus\",\"Pinterest\",\"Linkedin\",\"Email\",\"Print\");var hupso_background_t=\"#EAF4FF\";var hupso_border_t=\"#66CCFF\";var hupso_toolbar_size_t=\"medium\";var hupso_image_folder_url = \"\";var hupso_twitter_via=\"hectorops\";var hupso_url_t=\"\";var hupso_title_t=\"REFLEXI%C3%93N%20PARA%20EL%20VIERNES%20DE%20LA%20DECIMOS%C3%89PTIMA%20SEMANA%20DEL%20T.O.%20%282%29%2029-07-22\";<\/script><script type=\"text\/javascript\" src=\"http:\/\/static.hupso.com\/share\/js\/share_toolbar.js\"><\/script><!-- Hupso Share Buttons --><\/div>","protected":false},"excerpt":{"rendered":"<p>\u201c\u2018S\u00f3lo en su tierra y en su casa desprecian a un profeta\u2019. Y no hizo all\u00ed muchos milagros, porque les faltaba fe\u201d. Con estas palabras termina el pasaje evang\u00e9lico que contemplamos en la liturgia de hoy (Mt 13,54-58). Esas palabras &hellip; <a href=\"http:\/\/delamanodemaria.com\/?p=17806\">Continue reading <span class=\"meta-nav\">&rarr;<\/span><\/a><\/p>\n<div style=\"padding-bottom:20px; padding-top:10px;\" class=\"hupso-share-buttons\"><!-- Hupso Share Buttons - https:\/\/www.hupso.com\/share\/ --><a class=\"hupso_toolbar\" href=\"https:\/\/www.hupso.com\/share\/\"><img src=\"http:\/\/static.hupso.com\/share\/buttons\/lang\/es\/share-medium.png\" style=\"border:0px; padding-top: 5px; float:left;\" alt=\"Share Button\"\/><\/a><script type=\"text\/javascript\">var hupso_services_t=new Array(\"Twitter\",\"Facebook\",\"Google Plus\",\"Pinterest\",\"Linkedin\",\"Email\",\"Print\");var hupso_background_t=\"#EAF4FF\";var hupso_border_t=\"#66CCFF\";var hupso_toolbar_size_t=\"medium\";var hupso_image_folder_url = \"\";var hupso_twitter_via=\"hectorops\";var hupso_url_t=\"\";var hupso_title_t=\"REFLEXI%C3%93N%20PARA%20EL%20VIERNES%20DE%20LA%20DECIMOS%C3%89PTIMA%20SEMANA%20DEL%20T.O.%20%282%29%2029-07-22\";<\/script><script type=\"text\/javascript\" src=\"http:\/\/static.hupso.com\/share\/js\/share_toolbar.js\"><\/script><!-- Hupso Share Buttons --><\/div>","protected":false},"author":1,"featured_media":12019,"comment_status":"open","ping_status":"open","sticky":false,"template":"","format":"standard","meta":{"jetpack_post_was_ever_published":false,"_jetpack_newsletter_access":"","_jetpack_newsletter_tier_id":0,"jetpack_publicize_message":"","jetpack_is_tweetstorm":false,"jetpack_publicize_feature_enabled":true,"jetpack_social_post_already_shared":true,"jetpack_social_options":{"image_generator_settings":{"template":"highway","enabled":false}}},"categories":[1],"tags":[4156,586,4160,2449,3130,4157,1355,2935,511,2445,4159,2446,808,3131,1039,31,2,4158,2447,1220,1859,750,722,3044,1843],"jetpack_publicize_connections":[],"jetpack_featured_media_url":"http:\/\/delamanodemaria.com\/wp-content\/uploads\/2019\/08\/jesus-ense\u00f1aba-en-la-sinagoga.jpg","jetpack_shortlink":"https:\/\/wp.me\/p3bBgS-4Dc","jetpack_sharing_enabled":true,"jetpack_likes_enabled":true,"_links":{"self":[{"href":"http:\/\/delamanodemaria.com\/index.php?rest_route=\/wp\/v2\/posts\/17806"}],"collection":[{"href":"http:\/\/delamanodemaria.com\/index.php?rest_route=\/wp\/v2\/posts"}],"about":[{"href":"http:\/\/delamanodemaria.com\/index.php?rest_route=\/wp\/v2\/types\/post"}],"author":[{"embeddable":true,"href":"http:\/\/delamanodemaria.com\/index.php?rest_route=\/wp\/v2\/users\/1"}],"replies":[{"embeddable":true,"href":"http:\/\/delamanodemaria.com\/index.php?rest_route=%2Fwp%2Fv2%2Fcomments&post=17806"}],"version-history":[{"count":2,"href":"http:\/\/delamanodemaria.com\/index.php?rest_route=\/wp\/v2\/posts\/17806\/revisions"}],"predecessor-version":[{"id":17808,"href":"http:\/\/delamanodemaria.com\/index.php?rest_route=\/wp\/v2\/posts\/17806\/revisions\/17808"}],"wp:featuredmedia":[{"embeddable":true,"href":"http:\/\/delamanodemaria.com\/index.php?rest_route=\/wp\/v2\/media\/12019"}],"wp:attachment":[{"href":"http:\/\/delamanodemaria.com\/index.php?rest_route=%2Fwp%2Fv2%2Fmedia&parent=17806"}],"wp:term":[{"taxonomy":"category","embeddable":true,"href":"http:\/\/delamanodemaria.com\/index.php?rest_route=%2Fwp%2Fv2%2Fcategories&post=17806"},{"taxonomy":"post_tag","embeddable":true,"href":"http:\/\/delamanodemaria.com\/index.php?rest_route=%2Fwp%2Fv2%2Ftags&post=17806"}],"curies":[{"name":"wp","href":"https:\/\/api.w.org\/{rel}","templated":true}]}}