{"id":1787,"date":"2013-08-31T22:52:49","date_gmt":"2013-09-01T02:52:49","guid":{"rendered":"http:\/\/delamanodemaria.com\/?p=1787"},"modified":"2013-08-31T22:55:30","modified_gmt":"2013-09-01T02:55:30","slug":"1787","status":"publish","type":"post","link":"http:\/\/delamanodemaria.com\/?p=1787","title":{"rendered":"REFLEXI\u00d3N PARA EL VIGESIMOSEGUNDO DOMINGO DEL T.O. 01-09-13"},"content":{"rendered":"<p><a href=\"http:\/\/delamanodemaria.com\/wp-content\/uploads\/2013\/08\/Lc-141.7-14.jpg\"><img decoding=\"async\" loading=\"lazy\" class=\"alignnone size-full wp-image-1788\" alt=\"Lc 14,1.7-14\" src=\"http:\/\/delamanodemaria.com\/wp-content\/uploads\/2013\/08\/Lc-141.7-14.jpg\" width=\"629\" height=\"800\" srcset=\"http:\/\/delamanodemaria.com\/wp-content\/uploads\/2013\/08\/Lc-141.7-14.jpg 629w, http:\/\/delamanodemaria.com\/wp-content\/uploads\/2013\/08\/Lc-141.7-14-235x300.jpg 235w\" sizes=\"(max-width: 629px) 100vw, 629px\" \/><\/a><\/p>\n<p><span style=\"color: #000000;\"><span style=\"font-size: large;\">La primera lectura que nos ofrece la liturgia para este vigesimosegundo domingo del tiempo ordinario est\u00e1 tomada del libro del Eclesi\u00e1stico (3,17-18.20.28-29). Este libro se conoce tambi\u00e9n como Sir\u00e1cides, o Ben Sirac y es uno de los llamados \u201cdeuterocan\u00f3nicos\u201d que no est\u00e1n incluidos en el canon Palestinense del Antiguo Testamento. Por eso tampoco lo encontraremos en la Biblia protestante. Y es una l\u00e1stima, porque este es un libro cuya finalidad es orientar la vida en armon\u00eda con la ley y, sobre todo, recalcar la importancia de la moral y la religi\u00f3n como bases para la mejor educaci\u00f3n integral del hombre.<!--?xml:namespace prefix = \"o\" \/--><\/span><\/span><\/p>\n<p><span style=\"color: #000000;\"><span style=\"font-size: large;\">As\u00ed, por ejemplo, el pasaje de hoy nos ofrece un sabio consejo relacionado con la importancia de proceder con humildad en todas las instancias de nuestras vidas: \u201cHijo m\u00edo, en tus asuntos procede con humildad y te querr\u00e1n m\u00e1s que al hombre generoso. Hazte peque\u00f1o en las grandezas humanas, y alcanzar\u00e1s el favor de Dios; porque es grande la misericordia de Dios, y revela sus secretos a los humildes\u201d. A\u00f1os m\u00e1s tarde, Jes\u00fas recoger\u00e1 esa sabidur\u00eda en su oraci\u00f3n: \u201cYo te bendigo, Padre, Se\u00f1or del cielo y de la tierra, porque has ocultado estas cosas a sabios e inteligentes, y se las has revelado a peque\u00f1os. S\u00ed, Padre, pues tal ha sido tu benepl\u00e1cito\u201d (Mt 11,25-26).<\/span><\/span><\/p>\n<p><span style=\"color: #000000;\"><span style=\"font-size: large;\">De igual\u00a0 modo, Jes\u00fas nos pedir\u00eda que le sigui\u00e9ramos en el camino de la humildad, que es producto del amor y se traduce en el servicio al pr\u00f3jimo: \u201caprendan de m\u00ed, porque soy manso y humilde de coraz\u00f3n\u201d (Mt 11,29). Mas no se limit\u00f3 a decirlo, sino que nos dio el mayor ejemplo de humildad al lavar los pies de sus disc\u00edpulos (Jn 13,1-15).<\/span><\/span><\/p>\n<p><span style=\"color: #000000;\"><span style=\"font-size: large;\">Siguiendo la misma l\u00ednea, en el evangelio que nos ofrece la liturgia para hoy (Lc 14,1.7-14) Jes\u00fas advierte a los fariseos que es preferible ocupar los \u00faltimos lugares (\u00faltimos en t\u00e9rminos de importancia) antes que los primeros, pues nos corremos el riesgo de que llegue otro \u201cde m\u00e1s categor\u00eda\u201d que nosotros y nos pidan que le cedamos nuestro puesto. Por el contrario, es preferible ocupar los \u00faltimos puestos y que el anfitri\u00f3n nos diga \u201cAmigo, sube m\u00e1s arriba\u201d. Uno de los defectos de los fariseos precisamente era el deseo de figurar, Por eso Jes\u00fas recalca: \u201ctodo el que se enaltece ser\u00e1 humillado, y el que se humilla ser\u00e1 enaltecido\u201d. Jes\u00fas se refiere, por supuesto a la humildad de coraz\u00f3n, pone su \u00e9nfasis en la conversi\u00f3n interior, no en lo exterior. El d\u00eda del juicio seremos juzgados, no por los honores y puestos que obtuvimos, sino por cu\u00e1nto servimos a otros, cu\u00e1nto amamos.<\/span><\/span><\/p>\n<p><span style=\"color: #000000;\"><span style=\"font-size: large;\">A rengl\u00f3n seguido Jes\u00fas cambia su enfoque de los invitados a su anfitri\u00f3n. Para ello usa la figura del \u201cbanquete\u201d, que en t\u00e9rminos b\u00edblicos se refiere al Reino de los cielos: Cuando des un banquete, invita a pobres, lisiados, cojos y ciegos; dichoso t\u00fa, porque no pueden pagarte; te pagar\u00e1n cuando resuciten los justos\u201d. Esa invitaci\u00f3n a los marginados a sentarse a nuestra mesa implica solidarizarse, hacerse uno con ellos. As\u00ed, en el d\u00eda final cuando ellos, por quienes Jes\u00fas siempre mostr\u00f3 preferencia sean llamados a entrar en el Reino, el Padre nos dir\u00e1 a nosotros tambi\u00e9n: \u201cVengan, benditos de mi Padre, y reciban en herencia el Reino que les fue preparado desde el comienzo del mundo\u201d (Mt 25,34).<\/span><\/span><\/p>\n<p><span style=\"color: #000000;\"><span style=\"font-size: large;\">No olviden visitar la Casa del Padre; \u00c9l les espera\u2026<\/span><\/span><\/p>\n<p><span style=\"font-size: large;\">\u00a0<\/span><\/p>\n<div style=\"padding-bottom:20px; padding-top:10px;\" class=\"hupso-share-buttons\"><!-- Hupso Share Buttons - https:\/\/www.hupso.com\/share\/ --><a class=\"hupso_toolbar\" href=\"https:\/\/www.hupso.com\/share\/\"><img src=\"http:\/\/static.hupso.com\/share\/buttons\/lang\/es\/share-medium.png\" style=\"border:0px; padding-top: 5px; float:left;\" alt=\"Share Button\"\/><\/a><script type=\"text\/javascript\">var hupso_services_t=new Array(\"Twitter\",\"Facebook\",\"Google Plus\",\"Pinterest\",\"Linkedin\",\"Email\",\"Print\");var hupso_background_t=\"#EAF4FF\";var hupso_border_t=\"#66CCFF\";var hupso_toolbar_size_t=\"medium\";var hupso_image_folder_url = \"\";var hupso_twitter_via=\"hectorops\";var hupso_url_t=\"\";var hupso_title_t=\"REFLEXI%C3%93N%20PARA%20EL%20VIGESIMOSEGUNDO%20DOMINGO%20DEL%20T.O.%2001-09-13\";<\/script><script type=\"text\/javascript\" src=\"http:\/\/static.hupso.com\/share\/js\/share_toolbar.js\"><\/script><!-- Hupso Share Buttons --><\/div>","protected":false},"excerpt":{"rendered":"<p>La primera lectura que nos ofrece la liturgia para este vigesimosegundo domingo del tiempo ordinario est\u00e1 tomada del libro del Eclesi\u00e1stico (3,17-18.20.28-29). Este libro se conoce tambi\u00e9n como Sir\u00e1cides, o Ben Sirac y es uno de los llamados \u201cdeuterocan\u00f3nicos\u201d que &hellip; <a href=\"http:\/\/delamanodemaria.com\/?p=1787\">Continue reading <span class=\"meta-nav\">&rarr;<\/span><\/a><\/p>\n<div style=\"padding-bottom:20px; padding-top:10px;\" class=\"hupso-share-buttons\"><!-- Hupso Share Buttons - https:\/\/www.hupso.com\/share\/ --><a class=\"hupso_toolbar\" href=\"https:\/\/www.hupso.com\/share\/\"><img src=\"http:\/\/static.hupso.com\/share\/buttons\/lang\/es\/share-medium.png\" style=\"border:0px; padding-top: 5px; float:left;\" alt=\"Share Button\"\/><\/a><script type=\"text\/javascript\">var hupso_services_t=new Array(\"Twitter\",\"Facebook\",\"Google Plus\",\"Pinterest\",\"Linkedin\",\"Email\",\"Print\");var hupso_background_t=\"#EAF4FF\";var hupso_border_t=\"#66CCFF\";var hupso_toolbar_size_t=\"medium\";var hupso_image_folder_url = \"\";var hupso_twitter_via=\"hectorops\";var hupso_url_t=\"\";var hupso_title_t=\"REFLEXI%C3%93N%20PARA%20EL%20VIGESIMOSEGUNDO%20DOMINGO%20DEL%20T.O.%2001-09-13\";<\/script><script type=\"text\/javascript\" src=\"http:\/\/static.hupso.com\/share\/js\/share_toolbar.js\"><\/script><!-- Hupso Share Buttons --><\/div>","protected":false},"author":1,"featured_media":0,"comment_status":"open","ping_status":"open","sticky":false,"template":"","format":"standard","meta":{"jetpack_post_was_ever_published":false,"_jetpack_newsletter_access":"","_jetpack_newsletter_tier_id":0,"jetpack_publicize_message":"","jetpack_is_tweetstorm":false,"jetpack_publicize_feature_enabled":true,"jetpack_social_post_already_shared":true,"jetpack_social_options":{"image_generator_settings":{"template":"highway","enabled":false}}},"categories":[1],"tags":[3,267,96,217,21,2],"jetpack_publicize_connections":[],"jetpack_featured_media_url":"","jetpack_shortlink":"https:\/\/wp.me\/s3bBgS-1787","jetpack_sharing_enabled":true,"jetpack_likes_enabled":true,"_links":{"self":[{"href":"http:\/\/delamanodemaria.com\/index.php?rest_route=\/wp\/v2\/posts\/1787"}],"collection":[{"href":"http:\/\/delamanodemaria.com\/index.php?rest_route=\/wp\/v2\/posts"}],"about":[{"href":"http:\/\/delamanodemaria.com\/index.php?rest_route=\/wp\/v2\/types\/post"}],"author":[{"embeddable":true,"href":"http:\/\/delamanodemaria.com\/index.php?rest_route=\/wp\/v2\/users\/1"}],"replies":[{"embeddable":true,"href":"http:\/\/delamanodemaria.com\/index.php?rest_route=%2Fwp%2Fv2%2Fcomments&post=1787"}],"version-history":[{"count":5,"href":"http:\/\/delamanodemaria.com\/index.php?rest_route=\/wp\/v2\/posts\/1787\/revisions"}],"predecessor-version":[{"id":1793,"href":"http:\/\/delamanodemaria.com\/index.php?rest_route=\/wp\/v2\/posts\/1787\/revisions\/1793"}],"wp:attachment":[{"href":"http:\/\/delamanodemaria.com\/index.php?rest_route=%2Fwp%2Fv2%2Fmedia&parent=1787"}],"wp:term":[{"taxonomy":"category","embeddable":true,"href":"http:\/\/delamanodemaria.com\/index.php?rest_route=%2Fwp%2Fv2%2Fcategories&post=1787"},{"taxonomy":"post_tag","embeddable":true,"href":"http:\/\/delamanodemaria.com\/index.php?rest_route=%2Fwp%2Fv2%2Ftags&post=1787"}],"curies":[{"name":"wp","href":"https:\/\/api.w.org\/{rel}","templated":true}]}}