{"id":17989,"date":"2022-09-08T18:05:31","date_gmt":"2022-09-08T22:05:31","guid":{"rendered":"http:\/\/delamanodemaria.com\/?p=17989"},"modified":"2022-09-08T18:05:31","modified_gmt":"2022-09-08T22:05:31","slug":"reflexion-para-el-viernes-de-la-vigesima-tercera-semana-del-t-o-2-09-09-22","status":"publish","type":"post","link":"http:\/\/delamanodemaria.com\/?p=17989","title":{"rendered":"REFLEXI\u00d3N PARA EL VIERNES DE LA VIG\u00c9SIMA TERCERA SEMANA DEL T.O. (2) 09-09-22"},"content":{"rendered":"\n<figure class=\"wp-block-image size-full\"><a href=\"http:\/\/delamanodemaria.com\/wp-content\/uploads\/2019\/09\/ciego-guiando-ciego2.jpg\"><img decoding=\"async\" loading=\"lazy\" width=\"646\" height=\"379\" src=\"http:\/\/delamanodemaria.com\/wp-content\/uploads\/2019\/09\/ciego-guiando-ciego2.jpg\" alt=\"\" class=\"wp-image-12218\" srcset=\"http:\/\/delamanodemaria.com\/wp-content\/uploads\/2019\/09\/ciego-guiando-ciego2.jpg 646w, http:\/\/delamanodemaria.com\/wp-content\/uploads\/2019\/09\/ciego-guiando-ciego2-300x176.jpg 300w, http:\/\/delamanodemaria.com\/wp-content\/uploads\/2019\/09\/ciego-guiando-ciego2-500x293.jpg 500w\" sizes=\"(max-width: 646px) 100vw, 646px\" \/><\/a><\/figure>\n\n\n\n<p>En la primera lectura que nos brinda la liturgia para hoy (1 Cor 9,16-19.22b-27), san Pablo nos recuerda la misi\u00f3n a que todos hemos sido llamados, anunciar la Buena Nueva del Reino, sin esperar reconocimiento ni recompensa alguna que no sea la satisfacci\u00f3n de dar a conocer el Evangelio: \u201cEl hecho de predicar no es para m\u00ed motivo de orgullo. No tengo m\u00e1s remedio y, \u00a1ay de m\u00ed si no anuncio el Evangelio! Si yo lo hiciera por mi propio gusto, eso mismo ser\u00eda mi paga. Pero, si lo hago a pesar m\u00edo, es que me han encargado este oficio. Entonces, \u00bfcu\u00e1l es la paga? Precisamente dar a conocer el Evangelio, anunci\u00e1ndolo de balde, sin usar el derecho que me da la predicaci\u00f3n del Evangelio\u201d.<\/p>\n\n\n\n<p>Nos recuerda, adem\u00e1s, que el anuncio del Evangelio implica privaciones, pero esas privaciones deben servirnos de est\u00edmulo, teniendo presente que nuestra recompensa no est\u00e1 en el reconocimiento ni en la gloria terrenal sino en la vida eterna que se nos tiene prometida. Pare ello se compara con un atleta: \u201cYa sab\u00e9is que en el estadio todos los corredores cubren la carrera, aunque uno solo se lleva el premio. Corred as\u00ed: para ganar. Pero un atleta se impone toda clase de privaciones. Ellos para ganar una corona que se marchita; nosotros, en cambio, una que no se marchita\u201d (<em>Cfr<\/em>. 1 Pe 5,4).<\/p>\n\n\n\n<p>En la lectura evang\u00e9lica para hoy (Lc 6,39-42) Jes\u00fas utiliza la figura de la vista (\u201cciego\u201d &#8211; \u201cojo\u201d), que nos evoca la contraposici\u00f3n luz-tinieblas (<em>Cfr<\/em>. Jn 12,46), para recordarnos que no debemos seguir a nadie a ciegas, como tampoco podemos guiar a otros si no conocemos la luz. \u201c\u00bfAcaso puede un ciego guiar a otro ciego? \u00bfNo caer\u00e1n los dos en el hoyo?\u201d. El mensaje es claro: No podemos guiar a nadie hacia la verdad si no conocemos la verdad. No podemos proclamar el Evangelio si no lo vivimos, porque terminaremos apart\u00e1ndonos de la verdad y arrastrando a otros con nosotros.<\/p>\n\n\n\n<p>Ese peligro se hace m\u00e1s patente cuando caemos en la tentaci\u00f3n de juzgar a otros sin antes habernos juzgado a nosotros mismos, cuando pretendemos ense\u00f1arle a otros c\u00f3mo poner su casa en orden cuando la nuestra est\u00e1 en desorden: \u201c\u00bfPor qu\u00e9 te fijas en la mota que tiene tu hermano en el ojo y no reparas en la viga que llevas en el tuyo? \u00bfC\u00f3mo puedes decirle a tu hermano: \u2018Hermano, d\u00e9jame que te saque la mota del ojo\u2019, sin fijarte en la viga que llevas en el tuyo? \u00a1Hip\u00f3crita! S\u00e1cate primero la viga de tu ojo, y entonces ver\u00e1s claro para sacar la mota del ojo de tu hermano\u201d.<\/p>\n\n\n\n<p>Con toda probabilidad Jes\u00fas estaba pensando en los fariseos cuando pronunci\u00f3 esas palabras tan fuertes. Pero esa verdad no se limita a los fariseos. Somos muy dados a juzgar a los dem\u00e1s con severidad, pero cuando se trata de nosotros, buscamos (y encontramos) toda clase de justificaciones e inclusive nos negamos a ver nuestras propias faltas.<\/p>\n\n\n\n<p>\u201cPadre de bondad, que por medio de tu gracia nos has hecho hijos de la luz, conc\u00e9denos vivir fuera de las tinieblas del error y permanecer siempre en el esplendor de la verdad. Por Jesucristo, nuestro Se\u00f1or. Am\u00e9n\u201d.<\/p>\n<div style=\"padding-bottom:20px; padding-top:10px;\" class=\"hupso-share-buttons\"><!-- Hupso Share Buttons - https:\/\/www.hupso.com\/share\/ --><a class=\"hupso_toolbar\" href=\"https:\/\/www.hupso.com\/share\/\"><img src=\"http:\/\/static.hupso.com\/share\/buttons\/lang\/es\/share-medium.png\" style=\"border:0px; padding-top: 5px; float:left;\" alt=\"Share Button\"\/><\/a><script type=\"text\/javascript\">var hupso_services_t=new Array(\"Twitter\",\"Facebook\",\"Google Plus\",\"Pinterest\",\"Linkedin\",\"Email\",\"Print\");var hupso_background_t=\"#EAF4FF\";var hupso_border_t=\"#66CCFF\";var hupso_toolbar_size_t=\"medium\";var hupso_image_folder_url = \"\";var hupso_twitter_via=\"hectorops\";var hupso_url_t=\"\";var hupso_title_t=\"REFLEXI%C3%93N%20PARA%20EL%20VIERNES%20DE%20LA%20VIG%C3%89SIMA%20TERCERA%20SEMANA%20DEL%20T.O.%20%282%29%2009-09-22\";<\/script><script type=\"text\/javascript\" src=\"http:\/\/static.hupso.com\/share\/js\/share_toolbar.js\"><\/script><!-- Hupso Share Buttons --><\/div>","protected":false},"excerpt":{"rendered":"<p>En la primera lectura que nos brinda la liturgia para hoy (1 Cor 9,16-19.22b-27), san Pablo nos recuerda la misi\u00f3n a que todos hemos sido llamados, anunciar la Buena Nueva del Reino, sin esperar reconocimiento ni recompensa alguna que no &hellip; <a href=\"http:\/\/delamanodemaria.com\/?p=17989\">Continue reading <span class=\"meta-nav\">&rarr;<\/span><\/a><\/p>\n<div style=\"padding-bottom:20px; padding-top:10px;\" class=\"hupso-share-buttons\"><!-- Hupso Share Buttons - https:\/\/www.hupso.com\/share\/ --><a class=\"hupso_toolbar\" href=\"https:\/\/www.hupso.com\/share\/\"><img src=\"http:\/\/static.hupso.com\/share\/buttons\/lang\/es\/share-medium.png\" style=\"border:0px; padding-top: 5px; float:left;\" alt=\"Share Button\"\/><\/a><script type=\"text\/javascript\">var hupso_services_t=new Array(\"Twitter\",\"Facebook\",\"Google Plus\",\"Pinterest\",\"Linkedin\",\"Email\",\"Print\");var hupso_background_t=\"#EAF4FF\";var hupso_border_t=\"#66CCFF\";var hupso_toolbar_size_t=\"medium\";var hupso_image_folder_url = \"\";var hupso_twitter_via=\"hectorops\";var hupso_url_t=\"\";var hupso_title_t=\"REFLEXI%C3%93N%20PARA%20EL%20VIERNES%20DE%20LA%20VIG%C3%89SIMA%20TERCERA%20SEMANA%20DEL%20T.O.%20%282%29%2009-09-22\";<\/script><script type=\"text\/javascript\" src=\"http:\/\/static.hupso.com\/share\/js\/share_toolbar.js\"><\/script><!-- Hupso Share Buttons --><\/div>","protected":false},"author":1,"featured_media":12218,"comment_status":"open","ping_status":"open","sticky":false,"template":"","format":"standard","meta":{"jetpack_post_was_ever_published":false,"_jetpack_newsletter_access":"","_jetpack_newsletter_tier_id":0,"jetpack_publicize_message":"","jetpack_is_tweetstorm":false,"jetpack_publicize_feature_enabled":true,"jetpack_social_post_already_shared":true,"jetpack_social_options":{"image_generator_settings":{"template":"highway","enabled":false}}},"categories":[1],"tags":[586,2384,763,1053,3068,502,4268,4046,1055,160,3226,1942,2964,1485,2,418,722,36,2360],"jetpack_publicize_connections":[],"jetpack_featured_media_url":"http:\/\/delamanodemaria.com\/wp-content\/uploads\/2019\/09\/ciego-guiando-ciego2.jpg","jetpack_shortlink":"https:\/\/wp.me\/p3bBgS-4G9","jetpack_sharing_enabled":true,"jetpack_likes_enabled":true,"_links":{"self":[{"href":"http:\/\/delamanodemaria.com\/index.php?rest_route=\/wp\/v2\/posts\/17989"}],"collection":[{"href":"http:\/\/delamanodemaria.com\/index.php?rest_route=\/wp\/v2\/posts"}],"about":[{"href":"http:\/\/delamanodemaria.com\/index.php?rest_route=\/wp\/v2\/types\/post"}],"author":[{"embeddable":true,"href":"http:\/\/delamanodemaria.com\/index.php?rest_route=\/wp\/v2\/users\/1"}],"replies":[{"embeddable":true,"href":"http:\/\/delamanodemaria.com\/index.php?rest_route=%2Fwp%2Fv2%2Fcomments&post=17989"}],"version-history":[{"count":2,"href":"http:\/\/delamanodemaria.com\/index.php?rest_route=\/wp\/v2\/posts\/17989\/revisions"}],"predecessor-version":[{"id":17991,"href":"http:\/\/delamanodemaria.com\/index.php?rest_route=\/wp\/v2\/posts\/17989\/revisions\/17991"}],"wp:featuredmedia":[{"embeddable":true,"href":"http:\/\/delamanodemaria.com\/index.php?rest_route=\/wp\/v2\/media\/12218"}],"wp:attachment":[{"href":"http:\/\/delamanodemaria.com\/index.php?rest_route=%2Fwp%2Fv2%2Fmedia&parent=17989"}],"wp:term":[{"taxonomy":"category","embeddable":true,"href":"http:\/\/delamanodemaria.com\/index.php?rest_route=%2Fwp%2Fv2%2Fcategories&post=17989"},{"taxonomy":"post_tag","embeddable":true,"href":"http:\/\/delamanodemaria.com\/index.php?rest_route=%2Fwp%2Fv2%2Ftags&post=17989"}],"curies":[{"name":"wp","href":"https:\/\/api.w.org\/{rel}","templated":true}]}}