{"id":18395,"date":"2022-12-04T15:01:02","date_gmt":"2022-12-04T19:01:02","guid":{"rendered":"http:\/\/delamanodemaria.com\/?p=18395"},"modified":"2022-12-04T15:01:02","modified_gmt":"2022-12-04T19:01:02","slug":"reflexion-para-el-lunes-de-la-segunda-semana-de-adviento-05-12-22","status":"publish","type":"post","link":"http:\/\/delamanodemaria.com\/?p=18395","title":{"rendered":"REFLEXI\u00d3N PARA EL LUNES DE LA SEGUNDA SEMANA DE ADVIENTO 05-12-22"},"content":{"rendered":"\n<figure class=\"wp-block-image size-full\"><a href=\"http:\/\/delamanodemaria.com\/wp-content\/uploads\/2018\/12\/Lc-517-26-paral\u00edtico.jpg\"><img decoding=\"async\" loading=\"lazy\" width=\"870\" height=\"340\" src=\"http:\/\/delamanodemaria.com\/wp-content\/uploads\/2018\/12\/Lc-517-26-paral\u00edtico.jpg\" alt=\"\" class=\"wp-image-10839\" srcset=\"http:\/\/delamanodemaria.com\/wp-content\/uploads\/2018\/12\/Lc-517-26-paral\u00edtico.jpg 870w, http:\/\/delamanodemaria.com\/wp-content\/uploads\/2018\/12\/Lc-517-26-paral\u00edtico-300x117.jpg 300w, http:\/\/delamanodemaria.com\/wp-content\/uploads\/2018\/12\/Lc-517-26-paral\u00edtico-768x300.jpg 768w, http:\/\/delamanodemaria.com\/wp-content\/uploads\/2018\/12\/Lc-517-26-paral\u00edtico-500x195.jpg 500w\" sizes=\"(max-width: 870px) 100vw, 870px\" \/><\/a><figcaption>Nos dice la Escritura que Jes\u00fas, \u201cviendo la fe que ten\u00edan\u201d los amigos, dijo al paral\u00edtico: \u201cHombre, tus pecados est\u00e1n perdonados\u201d.<\/figcaption><\/figure>\n\n\n\n<p>La liturgia de Adviento contin\u00faa present\u00e1ndonos al profeta Isa\u00edas como primera lectura. La de hoy (Is 35, 1-10), escrita durante el exilio en Babilona, le brinda consuelo y esperanza al pueblo que hace a\u00f1os sufre el cautiverio, y anuncia su regreso al Para\u00edso, la venida del Salvador esperado que transformar\u00e1 el desierto en Para\u00edso. El pasaje que contemplamos hoy sirve de preludio al \u201cLibro de la Consolaci\u00f3n\u201d o \u201csegundo Isa\u00edas\u201d, que comprende los cap\u00edtulos 40 al 55 de la profec\u00eda. De nuevo, Isa\u00edas nos presenta unos signos concretos que han de acompa\u00f1ar esos tiempos: \u201cSe despegar\u00e1n los ojos del ciego, los o\u00eddos del sordo se abrir\u00e1n, saltar\u00e1 como un ciervo el cojo, la lengua del mudo cantar\u00e1. Porque han brotado aguas en el desierto, torrentes en la estepa; el p\u00e1ramo ser\u00e1 un estanque, lo reseco, un manantial\u201d. La lectura anuncia la abolici\u00f3n inminente de todas las maldiciones producto del pecado de Ad\u00e1n (Gn 3,16.18.19). As\u00ed la esperanza del regreso del pueblo cautivo en Babilonia se transforma a su vez en s\u00edmbolo de la felicidad de los \u00faltimos tiempos.<\/p>\n\n\n\n<p>En el Evangelio de hoy (Lc 5,17-26) vemos a Jes\u00fas que encarna la profec\u00eda. Se trata de la versi\u00f3n de Lucas de la curaci\u00f3n del paral\u00edtico cuyos amigos, ante la imposibilidad de acercar su amigo paral\u00edtico a Jes\u00fas para que lo curara, logran trepar la camilla, abren un boquete en el techo, y lo descuelgan frente a Jes\u00fas. Nos dice la Escritura que Jes\u00fas, \u201cviendo la fe que ten\u00edan\u201d los amigos, dijo al paral\u00edtico: \u201cHombre, tus pecados est\u00e1n perdonados\u201d. Ante la incredulidad y el esc\u00e1ndalo causado por sus palabras en los fariseos y maestros de la ley que estaban presentes, Jes\u00fas les replic\u00f3: \u201c\u00bfQu\u00e9 es m\u00e1s f\u00e1cil: decir \u2018tus pecados quedan perdonados\u2019, o decir \u2018lev\u00e1ntate y anda\u2019? Pues, para que ve\u00e1is que el Hijo del hombre tiene poder en la tierra para perdonar pecados&#8230; \u2013dijo al paral\u00edtico\u2013: A ti te lo digo, ponte en pie, toma tu camilla y vete a tu casa\u201d. \u00bfQu\u00e9 mayor prueba de la llegada de los tiempos mesi\u00e1nicos? \u00bfQu\u00e9 mayor prueba de que Jes\u00fas es el Mes\u00edas en quien se cumplen las promesas del Antiguo Testamento? La lectura termina con los presentes diciendo: \u201cHoy hemos visto cosas admirables\u201d.<\/p>\n\n\n\n<p>Ayer dec\u00edamos que la palabra clave para esta segunda semana de Adviento es <strong><em>conversi\u00f3n<\/em><\/strong>. El Evangelio de ayer domingo nos hablaba de \u201cpreparar\u201d caminos, \u201callanar\u201d senderos, para recibir al Se\u00f1or que llega. Cuando se trata del tiempo de preparaci\u00f3n para recibir a Jes\u00fas en nuestros corazones (la perspectiva de \u201choy\u201d del Adviento), los valles, colinas y pedregales que tienen que ser allanados y preparados son nuestras tibiezas, nuestra indolencia, nuestros pecados, que impiden al Se\u00f1or entrar en nuestros corazones; todo aquello que nos convierte en \u201cparal\u00edticos espirituales\u201d, y obstaculiza la conversi\u00f3n a que somos llamados durante este tiempo de Adviento por voz de Juan el Bautista.<\/p>\n\n\n\n<p>La pregunta obligada es: \u00bfCon cu\u00e1l de los personajes nos identificamos? \u00bfSufrimos de \u201cpar\u00e1lisis espiritual\u201d que nos impide recibir a Jes\u00fas en nuestros corazones, o somos de los amigos que ponen su confianza Jes\u00fas y ayudan al paral\u00edtico? Hagamos examen de conciencia\u2026<\/p>\n<div style=\"padding-bottom:20px; padding-top:10px;\" class=\"hupso-share-buttons\"><!-- Hupso Share Buttons - https:\/\/www.hupso.com\/share\/ --><a class=\"hupso_toolbar\" href=\"https:\/\/www.hupso.com\/share\/\"><img src=\"http:\/\/static.hupso.com\/share\/buttons\/lang\/es\/share-medium.png\" style=\"border:0px; padding-top: 5px; float:left;\" alt=\"Share Button\"\/><\/a><script type=\"text\/javascript\">var hupso_services_t=new Array(\"Twitter\",\"Facebook\",\"Google Plus\",\"Pinterest\",\"Linkedin\",\"Email\",\"Print\");var hupso_background_t=\"#EAF4FF\";var hupso_border_t=\"#66CCFF\";var hupso_toolbar_size_t=\"medium\";var hupso_image_folder_url = \"\";var hupso_twitter_via=\"hectorops\";var hupso_url_t=\"\";var hupso_title_t=\"REFLEXI%C3%93N%20PARA%20EL%20LUNES%20DE%20LA%20SEGUNDA%20SEMANA%20DE%20ADVIENTO%2005-12-22\";<\/script><script type=\"text\/javascript\" src=\"http:\/\/static.hupso.com\/share\/js\/share_toolbar.js\"><\/script><!-- Hupso Share Buttons --><\/div>","protected":false},"excerpt":{"rendered":"<p>La liturgia de Adviento contin\u00faa present\u00e1ndonos al profeta Isa\u00edas como primera lectura. La de hoy (Is 35, 1-10), escrita durante el exilio en Babilona, le brinda consuelo y esperanza al pueblo que hace a\u00f1os sufre el cautiverio, y anuncia su &hellip; <a href=\"http:\/\/delamanodemaria.com\/?p=18395\">Continue reading <span class=\"meta-nav\">&rarr;<\/span><\/a><\/p>\n<div style=\"padding-bottom:20px; padding-top:10px;\" class=\"hupso-share-buttons\"><!-- Hupso Share Buttons - https:\/\/www.hupso.com\/share\/ --><a class=\"hupso_toolbar\" href=\"https:\/\/www.hupso.com\/share\/\"><img src=\"http:\/\/static.hupso.com\/share\/buttons\/lang\/es\/share-medium.png\" style=\"border:0px; padding-top: 5px; float:left;\" alt=\"Share Button\"\/><\/a><script type=\"text\/javascript\">var hupso_services_t=new Array(\"Twitter\",\"Facebook\",\"Google Plus\",\"Pinterest\",\"Linkedin\",\"Email\",\"Print\");var hupso_background_t=\"#EAF4FF\";var hupso_border_t=\"#66CCFF\";var hupso_toolbar_size_t=\"medium\";var hupso_image_folder_url = \"\";var hupso_twitter_via=\"hectorops\";var hupso_url_t=\"\";var hupso_title_t=\"REFLEXI%C3%93N%20PARA%20EL%20LUNES%20DE%20LA%20SEGUNDA%20SEMANA%20DE%20ADVIENTO%2005-12-22\";<\/script><script type=\"text\/javascript\" src=\"http:\/\/static.hupso.com\/share\/js\/share_toolbar.js\"><\/script><!-- Hupso Share Buttons --><\/div>","protected":false},"author":1,"featured_media":10839,"comment_status":"open","ping_status":"open","sticky":false,"template":"","format":"standard","meta":{"jetpack_post_was_ever_published":false,"_jetpack_newsletter_access":"","_jetpack_newsletter_tier_id":0,"jetpack_publicize_message":"","jetpack_is_tweetstorm":false,"jetpack_publicize_feature_enabled":true,"jetpack_social_post_already_shared":true,"jetpack_social_options":{"image_generator_settings":{"template":"highway","enabled":false}}},"categories":[1],"tags":[1478,4550,12,3078,481,3120,644,408,371,163,1781,4548,1695,4974,4200,2,733,458,3446,4549,4546,4551],"jetpack_publicize_connections":[],"jetpack_featured_media_url":"http:\/\/delamanodemaria.com\/wp-content\/uploads\/2018\/12\/Lc-517-26-paral\u00edtico.jpg","jetpack_shortlink":"https:\/\/wp.me\/p3bBgS-4MH","jetpack_sharing_enabled":true,"jetpack_likes_enabled":true,"_links":{"self":[{"href":"http:\/\/delamanodemaria.com\/index.php?rest_route=\/wp\/v2\/posts\/18395"}],"collection":[{"href":"http:\/\/delamanodemaria.com\/index.php?rest_route=\/wp\/v2\/posts"}],"about":[{"href":"http:\/\/delamanodemaria.com\/index.php?rest_route=\/wp\/v2\/types\/post"}],"author":[{"embeddable":true,"href":"http:\/\/delamanodemaria.com\/index.php?rest_route=\/wp\/v2\/users\/1"}],"replies":[{"embeddable":true,"href":"http:\/\/delamanodemaria.com\/index.php?rest_route=%2Fwp%2Fv2%2Fcomments&post=18395"}],"version-history":[{"count":2,"href":"http:\/\/delamanodemaria.com\/index.php?rest_route=\/wp\/v2\/posts\/18395\/revisions"}],"predecessor-version":[{"id":18397,"href":"http:\/\/delamanodemaria.com\/index.php?rest_route=\/wp\/v2\/posts\/18395\/revisions\/18397"}],"wp:featuredmedia":[{"embeddable":true,"href":"http:\/\/delamanodemaria.com\/index.php?rest_route=\/wp\/v2\/media\/10839"}],"wp:attachment":[{"href":"http:\/\/delamanodemaria.com\/index.php?rest_route=%2Fwp%2Fv2%2Fmedia&parent=18395"}],"wp:term":[{"taxonomy":"category","embeddable":true,"href":"http:\/\/delamanodemaria.com\/index.php?rest_route=%2Fwp%2Fv2%2Fcategories&post=18395"},{"taxonomy":"post_tag","embeddable":true,"href":"http:\/\/delamanodemaria.com\/index.php?rest_route=%2Fwp%2Fv2%2Ftags&post=18395"}],"curies":[{"name":"wp","href":"https:\/\/api.w.org\/{rel}","templated":true}]}}