{"id":18490,"date":"2022-12-24T14:30:36","date_gmt":"2022-12-24T18:30:36","guid":{"rendered":"http:\/\/delamanodemaria.com\/?p=18490"},"modified":"2022-12-24T14:30:36","modified_gmt":"2022-12-24T18:30:36","slug":"reflexion-para-la-solemnidad-de-la-natividad-del-senor-25-12-22","status":"publish","type":"post","link":"http:\/\/delamanodemaria.com\/?p=18490","title":{"rendered":"REFLEXI\u00d3N PARA LA SOLEMNIDAD DE LA NATIVIDAD DEL SE\u00d1OR 25-12-22"},"content":{"rendered":"\n<figure class=\"wp-block-image size-full\"><a href=\"http:\/\/delamanodemaria.com\/wp-content\/uploads\/2016\/12\/MangerStar-Light.jpg\"><img decoding=\"async\" loading=\"lazy\" width=\"720\" height=\"396\" src=\"http:\/\/delamanodemaria.com\/wp-content\/uploads\/2016\/12\/MangerStar-Light.jpg\" alt=\"\" class=\"wp-image-8236\" srcset=\"http:\/\/delamanodemaria.com\/wp-content\/uploads\/2016\/12\/MangerStar-Light.jpg 720w, http:\/\/delamanodemaria.com\/wp-content\/uploads\/2016\/12\/MangerStar-Light-300x165.jpg 300w, http:\/\/delamanodemaria.com\/wp-content\/uploads\/2016\/12\/MangerStar-Light-500x275.jpg 500w\" sizes=\"(max-width: 720px) 100vw, 720px\" \/><\/a><figcaption class=\"wp-element-caption\">\u201cY la Palabra se hizo carne y acamp\u00f3 entre nosotros, y hemos contemplado su gloria&#8221;.<\/figcaption><\/figure>\n\n\n\n<p>La liturgia para hoy, 25 de diciembre, Solemnidad de la Natividad del Se\u00f1or, nos presenta tres formularios, seg\u00fan la hora de la celebraci\u00f3n: medianoche, aurora y d\u00eda. Para nuestra reflexi\u00f3n de hoy hemos escogido las lecturas correspondientes a la celebraci\u00f3n del d\u00eda.<\/p>\n\n\n\n<p>La primera lectura, tomada del libro de Isa\u00edas (52,7-10), profetiza el tiempo en que el pueblo puede finalmente ver cara a cara a Dios: \u201cEscucha: tus vig\u00edas gritan, cantan a coro, porque ven cara a cara al Se\u00f1or, que vuelve a Si\u00f3n. Romped a cantar a coro, ruinas de Jerusal\u00e9n, que el Se\u00f1or consuela a su pueblo, rescata a Jerusal\u00e9n; el Se\u00f1or desnuda su santo brazo a la vista de todas las naciones, y ver\u00e1n los confines de la tierra la victoria de nuestro Dios\u201d. Los vig\u00edas de la ciudad no se limitan a dar un anuncio como lo har\u00edan rutinariamente, sino que lo transmiten con j\u00fabilo, con alegr\u00eda contagiosa, tanto que lo hacen \u201ca coro\u201d. Algo importante ha sucedido: Finalmente \u201cven cara a cara al Se\u00f1or\u201d, algo que hasta entonces solamente Mois\u00e9s hab\u00eda experimentado (Ex 33,11).<\/p>\n\n\n\n<p>Como lectura evang\u00e9lica, la liturgia nos ofrece el pr\u00f3logo del Evangelio seg\u00fan san Juan (1,1-18), una lectura densa y llena de simbolismo que nos presenta el misterio de la encarnaci\u00f3n: \u201cY la Palabra se hizo carne y acamp\u00f3 entre nosotros, y hemos contemplado su gloria: gloria propia del Hijo \u00fanico del Padre, lleno de gracia y de verdad. Juan da testimonio de \u00e9l y grita diciendo: \u00ab\u00c9ste es de quien dije: \u2018El que viene detr\u00e1s de m\u00ed pasa delante de m\u00ed, porque exist\u00eda antes que yo\u2019\u00bb\u201d.<\/p>\n\n\n\n<p>Lo importante para nosotros, y la Solemnidad que estamos celebrando, es que ya no se trata de un Dios distante, extra\u00f1o, misterioso, inalcanzable. Ahora encontramos a un Dios que se hace uno de nosotros, que \u201cacampa\u201d entre nosotros. Me encanta esta traducci\u00f3n, pues nos transmite esa sensaci\u00f3n de compartir un campamento, en el cual los que est\u00e1n comparten una fogata que les proporciona luz y calor, comparten los alimentos, y dependen unos de otros para ayuda y protecci\u00f3n mutua. Se trata pues, de un Dios humanado, con las mismas necesidades que nosotros.<\/p>\n\n\n\n<p>Un Dios que naci\u00f3 peque\u00f1o y fr\u00e1gil, como todos nosotros, que necesit\u00f3 de los cuidados y el cari\u00f1o de una madre, y las ense\u00f1anzas y disciplina de un padre. \u201cDios-con-nosotros\u201d, Emmanuel. Hoy celebramos el nacimiento del Emmanuel, cuyo nacimiento fue anunciado a coro por los heraldos celestiales (Lc 2,13-14), tal como lo hab\u00eda profetizado Isa\u00edas en la primera lectura de hoy.<\/p>\n\n\n\n<p>Ya el tiempo de espera gozosa del Adviento ha culminado, y si nuestra preparaci\u00f3n para este gran d\u00eda fue adecuada, podemos adorar y besar al Ni\u00f1o Dios. Pero \u00bfsabes qu\u00e9? \u00a1Todav\u00eda est\u00e1s a tiempo! Si te postras ante el Ni\u00f1o y le adoras de todo coraz\u00f3n, notar\u00e1s una sonrisa en su rostro, esa sonrisa que solo los ni\u00f1os pueden regalarnos, y con ella derramar\u00e1 su Gracia sobre ti, y podr\u00e1s recibirlo en tu coraz\u00f3n. Entonces sabr\u00e1s lo que es una Feliz Navidad.<\/p>\n\n\n\n<p>\u00a1Feliz Navidad a todos!<\/p>\n<div style=\"padding-bottom:20px; padding-top:10px;\" class=\"hupso-share-buttons\"><!-- Hupso Share Buttons - https:\/\/www.hupso.com\/share\/ --><a class=\"hupso_toolbar\" href=\"https:\/\/www.hupso.com\/share\/\"><img src=\"http:\/\/static.hupso.com\/share\/buttons\/lang\/es\/share-medium.png\" style=\"border:0px; padding-top: 5px; float:left;\" alt=\"Share Button\"\/><\/a><script type=\"text\/javascript\">var hupso_services_t=new Array(\"Twitter\",\"Facebook\",\"Google Plus\",\"Pinterest\",\"Linkedin\",\"Email\",\"Print\");var hupso_background_t=\"#EAF4FF\";var hupso_border_t=\"#66CCFF\";var hupso_toolbar_size_t=\"medium\";var hupso_image_folder_url = \"\";var hupso_twitter_via=\"hectorops\";var hupso_url_t=\"\";var hupso_title_t=\"REFLEXI%C3%93N%20PARA%20LA%20SOLEMNIDAD%20DE%20LA%20NATIVIDAD%20DEL%20SE%C3%91OR%2025-12-22\";<\/script><script type=\"text\/javascript\" src=\"http:\/\/static.hupso.com\/share\/js\/share_toolbar.js\"><\/script><!-- Hupso Share Buttons --><\/div>","protected":false},"excerpt":{"rendered":"<p>La liturgia para hoy, 25 de diciembre, Solemnidad de la Natividad del Se\u00f1or, nos presenta tres formularios, seg\u00fan la hora de la celebraci\u00f3n: medianoche, aurora y d\u00eda. Para nuestra reflexi\u00f3n de hoy hemos escogido las lecturas correspondientes a la celebraci\u00f3n &hellip; <a href=\"http:\/\/delamanodemaria.com\/?p=18490\">Continue reading <span class=\"meta-nav\">&rarr;<\/span><\/a><\/p>\n<div style=\"padding-bottom:20px; padding-top:10px;\" class=\"hupso-share-buttons\"><!-- Hupso Share Buttons - https:\/\/www.hupso.com\/share\/ --><a class=\"hupso_toolbar\" href=\"https:\/\/www.hupso.com\/share\/\"><img src=\"http:\/\/static.hupso.com\/share\/buttons\/lang\/es\/share-medium.png\" style=\"border:0px; padding-top: 5px; float:left;\" alt=\"Share Button\"\/><\/a><script type=\"text\/javascript\">var hupso_services_t=new Array(\"Twitter\",\"Facebook\",\"Google Plus\",\"Pinterest\",\"Linkedin\",\"Email\",\"Print\");var hupso_background_t=\"#EAF4FF\";var hupso_border_t=\"#66CCFF\";var hupso_toolbar_size_t=\"medium\";var hupso_image_folder_url = \"\";var hupso_twitter_via=\"hectorops\";var hupso_url_t=\"\";var hupso_title_t=\"REFLEXI%C3%93N%20PARA%20LA%20SOLEMNIDAD%20DE%20LA%20NATIVIDAD%20DEL%20SE%C3%91OR%2025-12-22\";<\/script><script type=\"text\/javascript\" src=\"http:\/\/static.hupso.com\/share\/js\/share_toolbar.js\"><\/script><!-- Hupso Share Buttons --><\/div>","protected":false},"author":1,"featured_media":8236,"comment_status":"open","ping_status":"open","sticky":false,"template":"","format":"standard","meta":{"jetpack_post_was_ever_published":false,"_jetpack_newsletter_access":"","_jetpack_newsletter_tier_id":0,"jetpack_publicize_message":"","jetpack_is_tweetstorm":false,"jetpack_publicize_feature_enabled":true,"jetpack_social_post_already_shared":true,"jetpack_social_options":{"image_generator_settings":{"template":"highway","enabled":false}}},"categories":[1],"tags":[2705,2158,2697,1167,392,391,3499,2241,2709,4605,3040,1753,371,1159,372,1126,1135,3552,2710,2,2015,1750],"jetpack_publicize_connections":[],"jetpack_featured_media_url":"http:\/\/delamanodemaria.com\/wp-content\/uploads\/2016\/12\/MangerStar-Light.jpg","jetpack_shortlink":"https:\/\/wp.me\/p3bBgS-4Oe","jetpack_sharing_enabled":true,"jetpack_likes_enabled":true,"_links":{"self":[{"href":"http:\/\/delamanodemaria.com\/index.php?rest_route=\/wp\/v2\/posts\/18490"}],"collection":[{"href":"http:\/\/delamanodemaria.com\/index.php?rest_route=\/wp\/v2\/posts"}],"about":[{"href":"http:\/\/delamanodemaria.com\/index.php?rest_route=\/wp\/v2\/types\/post"}],"author":[{"embeddable":true,"href":"http:\/\/delamanodemaria.com\/index.php?rest_route=\/wp\/v2\/users\/1"}],"replies":[{"embeddable":true,"href":"http:\/\/delamanodemaria.com\/index.php?rest_route=%2Fwp%2Fv2%2Fcomments&post=18490"}],"version-history":[{"count":3,"href":"http:\/\/delamanodemaria.com\/index.php?rest_route=\/wp\/v2\/posts\/18490\/revisions"}],"predecessor-version":[{"id":18493,"href":"http:\/\/delamanodemaria.com\/index.php?rest_route=\/wp\/v2\/posts\/18490\/revisions\/18493"}],"wp:featuredmedia":[{"embeddable":true,"href":"http:\/\/delamanodemaria.com\/index.php?rest_route=\/wp\/v2\/media\/8236"}],"wp:attachment":[{"href":"http:\/\/delamanodemaria.com\/index.php?rest_route=%2Fwp%2Fv2%2Fmedia&parent=18490"}],"wp:term":[{"taxonomy":"category","embeddable":true,"href":"http:\/\/delamanodemaria.com\/index.php?rest_route=%2Fwp%2Fv2%2Fcategories&post=18490"},{"taxonomy":"post_tag","embeddable":true,"href":"http:\/\/delamanodemaria.com\/index.php?rest_route=%2Fwp%2Fv2%2Ftags&post=18490"}],"curies":[{"name":"wp","href":"https:\/\/api.w.org\/{rel}","templated":true}]}}